{"id":608350,"date":"2025-12-18T22:59:25","date_gmt":"2025-12-18T22:59:25","guid":{"rendered":"https:\/\/www.europesays.com\/fr\/608350\/"},"modified":"2025-12-18T22:59:25","modified_gmt":"2025-12-18T22:59:25","slug":"guerre-en-ukraine-leurope-doit-elle-debloquer-210-milliards-deuros-journal-de-20-heures","status":"publish","type":"post","link":"https:\/\/www.europesays.com\/fr\/608350\/","title":{"rendered":"Guerre en Ukraine : l&rsquo;Europe doit-elle d\u00e9bloquer 210 milliards d&rsquo;euros ? &#8211; Journal de 20 heures"},"content":{"rendered":"<p id=\"descriptionPanel\" class=\"text-secondary mr-2 line-clamp-2 pr-2.5 overflow-visible\">Faut-il utiliser les avoirs russes d\u00e9tenus en Europe pour financer l&rsquo;effort de guerre de l&rsquo;Ukraine face \u00e0 la Russie ? Il s&rsquo;agit de biens mat\u00e9riels, de l&rsquo;argent sur des comptes bancaires et de titres financiers, qui font au total 210 milliards d&rsquo;euros. L&rsquo;objectif est de faire de cet argent une garantie pour accorder un pr\u00eat \u00e0 l&rsquo;Ukraine. L&rsquo;\u00e9crasante majorit\u00e9, 180 milliards d\u2019euros, se trouve en Belgique. Mais le pays, menac\u00e9 par la Russie de repr\u00e9sailles financi\u00e8res et judiciaires, refuse de s&rsquo;en servir.  <\/p>\n<p>TF1 | Reportage L. CLOIX, D. BORDIER <\/p>\n<p>Afficher la version longue du r\u00e9sum\u00e9<a class=\"shrink-0\" href=\"https:\/\/www.tf1.fr\/tf1\/jt-20h\" target=\"_blank\" rel=\"noopener\"><img decoding=\"async\" src=\"https:\/\/www.europesays.com\/fr\/wp-content\/uploads\/2025\/09\/program-card-portrait-1-2a6a1e-2a3b77-0@1x.jpg\" width=\"138\" height=\"184\" alt=\"\" loading=\"eager\" fetchpriority=\"auto\" class=\"rounded-3px aspect-[3\/4] h-24 w-auto\" aria-hidden=\"true\"\/><\/a><img alt=\"Sous-Titrage T\u00e9l\u00e9texte\" loading=\"lazy\" width=\"27\" height=\"20\" decoding=\"async\" data-nimg=\"1\" style=\"color:transparent\" src=\"https:\/\/www.tf1.fr\/public\/_next\/static\/media\/sme.b8f879c0.svg\"\/><\/p>\n<p>1m43<\/p>\n<p>18 d\u00e9c. 2025 \u00e0 20:03<\/p>\n","protected":false},"excerpt":{"rendered":"Faut-il utiliser les avoirs russes d\u00e9tenus en Europe pour financer l&rsquo;effort de guerre de l&rsquo;Ukraine face \u00e0 la&hellip;\n","protected":false},"author":2,"featured_media":608351,"comment_status":"","ping_status":"","sticky":false,"template":"","format":"standard","meta":{"footnotes":""},"categories":[1590],"tags":[11,1777,674,3483,3697,41323,41321,3699,3698,41324,41329,41333,41322,41330,41334,41327,41326,12,41331,41332,3701,41328,220,3700,41325],"class_list":{"0":"post-608350","1":"post","2":"type-post","3":"status-publish","4":"format-standard","5":"has-post-thumbnail","7":"category-ukraine","8":"tag-actualites","9":"tag-eu","10":"tag-europe","11":"tag-extrait","12":"tag-extrait-journal-de-20-heures","13":"tag-extrait-journal-de-20-heures-tf1","14":"tag-extrait-tf1","15":"tag-journal-de-20-heures","16":"tag-journal-de-20-heures-extrait","17":"tag-journal-de-20-heures-extrait-tf1","18":"tag-journal-de-20-heures-streaming","19":"tag-journal-de-20-heures-streaming-gratuit","20":"tag-journal-de-20-heures-tf1","21":"tag-journal-de-20-heures-tf1-streaming","22":"tag-journal-de-20-heures-tf1-streaming-gratuit","23":"tag-journal-de-20-heures-tf1-video","24":"tag-journal-de-20-heures-video","25":"tag-news","26":"tag-streaming-gratuit-journal-de-20-heures","27":"tag-streaming-gratuit-journal-de-20-heures-tf1","28":"tag-streaming-journal-de-20-heures","29":"tag-streaming-journal-de-20-heures-tf1","30":"tag-ukraine","31":"tag-video-journal-de-20-heures","32":"tag-video-journal-de-20-heures-tf1"},"share_on_mastodon":{"url":"","error":"Validation failed: Text character limit of 500 exceeded"},"_links":{"self":[{"href":"https:\/\/www.europesays.com\/fr\/wp-json\/wp\/v2\/posts\/608350","targetHints":{"allow":["GET"]}}],"collection":[{"href":"https:\/\/www.europesays.com\/fr\/wp-json\/wp\/v2\/posts"}],"about":[{"href":"https:\/\/www.europesays.com\/fr\/wp-json\/wp\/v2\/types\/post"}],"author":[{"embeddable":true,"href":"https:\/\/www.europesays.com\/fr\/wp-json\/wp\/v2\/users\/2"}],"replies":[{"embeddable":true,"href":"https:\/\/www.europesays.com\/fr\/wp-json\/wp\/v2\/comments?post=608350"}],"version-history":[{"count":0,"href":"https:\/\/www.europesays.com\/fr\/wp-json\/wp\/v2\/posts\/608350\/revisions"}],"wp:featuredmedia":[{"embeddable":true,"href":"https:\/\/www.europesays.com\/fr\/wp-json\/wp\/v2\/media\/608351"}],"wp:attachment":[{"href":"https:\/\/www.europesays.com\/fr\/wp-json\/wp\/v2\/media?parent=608350"}],"wp:term":[{"taxonomy":"category","embeddable":true,"href":"https:\/\/www.europesays.com\/fr\/wp-json\/wp\/v2\/categories?post=608350"},{"taxonomy":"post_tag","embeddable":true,"href":"https:\/\/www.europesays.com\/fr\/wp-json\/wp\/v2\/tags?post=608350"}],"curies":[{"name":"wp","href":"https:\/\/api.w.org\/{rel}","templated":true}]}}