{"id":608358,"date":"2025-12-18T23:03:14","date_gmt":"2025-12-18T23:03:14","guid":{"rendered":"https:\/\/www.europesays.com\/fr\/608358\/"},"modified":"2025-12-18T23:03:14","modified_gmt":"2025-12-18T23:03:14","slug":"la-france-sur-le-podium-des-pays-qui-taxent-le-plus-les-entreprises-en-europe","status":"publish","type":"post","link":"https:\/\/www.europesays.com\/fr\/608358\/","title":{"rendered":"La France sur le podium des pays qui taxent le plus les entreprises en Europe"},"content":{"rendered":"<p>\n    Les aides aux entreprises n\u2019emp\u00eachent pas \u00e0 l\u2019hexagone d\u2019\u00eatre le troisi\u00e8me pays qui impose le plus les soci\u00e9t\u00e9s non financi\u00e8res.<\/p>\n<p class=\"fig-paragraph\">Alors qu\u2019au printemps dernier, un rapport parlementaire a fait \u00e9tat de 211 milliards d\u2019euros d\u2019<a href=\"http:\/\/www.lefigaro.fr\/conjoncture\/aides-publiques-aux-entreprises-sebastien-lecornu-charge-clement-beaune-d-une-mission-de-clarification-20251203\" data-fig-type=\"NewsFlash\" data-gtm-custom-categorie=\"navigation\" data-gtm-custom-action=\"crossclick\" data-gtm-custom-label=\"Contextuel\" data-gtm-event=\"customEventSPE\" data-fig-domain=\"LEFIGARO\" target=\"_blank\" rel=\"noopener\">aides aux entreprises<\/a>, ces derni\u00e8res ont protest\u00e9 et continuent \u00e0 protester vertement sur les montants. Et rappellent que, malgr\u00e9 tout, elles restent largement plus tax\u00e9es qu\u2019ailleurs. Alors que cette question de la taxation des entreprises devrait \u00eatre au c\u0153ur de la commission mixte paritaire sur le budget 2026 durant laquelle d\u00e9put\u00e9s et s\u00e9nateurs tenteront de s\u2019accorder, la derni\u00e8re note r\u00e9dig\u00e9e par le sp\u00e9cialiste des finances publiques,\u00a0<a href=\"http:\/\/www.lefigaro.fr\/economie\/francois-ecalle-les-retraites-n-ont-pas-bien-compris-ce-qu-etait-le-regime-par-repartition-20250618\" data-fig-type=\"NewsFlash\" data-gtm-custom-categorie=\"navigation\" data-gtm-custom-action=\"crossclick\" data-gtm-custom-label=\"Contextuel\" data-gtm-event=\"customEventSPE\" data-fig-domain=\"LEFIGARO\" target=\"_blank\" rel=\"noopener\">Fran\u00e7ois Ecalle,<\/a>\u00a0peut donner de quoi r\u00e9fl\u00e9chir.<\/p>\n<p class=\"fig-body-link\">\n            \u00c0 lire aussi<br \/>\n        <a class=\"fig-body-link__link fig-premium-mark\" href=\"http:\/\/www.lefigaro.fr\/conjoncture\/taxation-des-hauts-revenus-petits-colis-croisieres-retraite-comment-le-senat-a-transforme-le-projet-de-budget-2026-20251203\" data-fig-type=\"NewsFlash\" data-gtm-custom-categorie=\"navigation\" data-gtm-custom-action=\"crossclick\" data-gtm-custom-label=\"Contextuel\" data-gtm-event=\"customEventSPE\" data-fig-domain=\"LEFIGARO\" target=\"_blank\" rel=\"noopener\"><\/p>\n<p>        Taxation des hauts revenus, petits colis, croisi\u00e8res, retraite&#8230; Comment le S\u00e9nat a transform\u00e9 le projet de budget 2026<br \/>\n    <\/a>\n<\/p>\n<p class=\"fig-paragraph\">Sur son site Fipeco, il rappelle que\u00a0les pr\u00e9l\u00e8vements obligatoires\u00a0&#8211; soit les imp\u00f4ts sur la production et sur les b\u00e9n\u00e9fices, auxquels s\u2019ajoutent les cotisations sociales patronales pay\u00e9es par les soci\u00e9t\u00e9s non financi\u00e8res- ont augment\u00e9 de 0,7 point entre 1979 et 2000 avant de baisser de 4,2 points de 2000 \u00e0 2024, gr\u00e2ce \u00e0 une hausse des aides. Concr\u00e8tement, ces pr\u00e9l\u00e8vements ont atteint 382 milliards d\u2019euros l\u2019ann\u00e9e\u2026<\/p>\n<p class=\"fig-premium-paywall__infos\">\n        Cet article est r\u00e9serv\u00e9 aux abonn\u00e9s.        Il vous reste 75% \u00e0 d\u00e9couvrir.\n    <\/p>\n<p>                <img  data- alt=\"Le Figaro\" class=\"fig-img--complete fig-img\"\/><\/p>\n<p class=\"fig-premium-paywall__title\">Vente Flash<\/p>\n<p class=\"fig-premium-paywall__subtitle\">-50% sur l&rsquo;abonnement num\u00e9rique<\/p>\n<p class=\"fig-premium-paywall__connect\">\n                D\u00e9j\u00e0 abonn\u00e9\u00a0?                <a class=\"fig-premium-paywall__connect-link\" href=\"https:\/\/connect.lefigaro.fr\/login?client=horizon_web&amp;type=main&amp;redirect_uri=https%3A%2F%2Fwww.lefigaro.fr%2Feconomie%2Fla-france-sur-le-podium-des-pays-qui-taxent-le-plus-les-entreprises-en-europe-20251218\" data-js-gtm=\"{&quot;customCategorie&quot;: &quot;conversion&quot;, &quot;customAction&quot;: &quot;before_Landing_Connexion_paywall_auto&quot;, &quot;customLabel&quot;: &quot;bGVmaWdhcm8uZnJfXzFmMGRiZmI1LTY5OGItNjhlOC1iYmQ3LWEzOTVhNGFmOWQxOF9fTmV3c0ZsYXNo_La France sur le podium des pays qui taxent le plus les entreprises en Europe_414&quot;, &quot;customIDSPE&quot;: &quot;bGVmaWdhcm8uZnJfXzFmMGRiZmI1LTY5OGItNjhlOC1iYmQ3LWEzOTVhNGFmOWQxOF9fTmV3c0ZsYXNo&quot;, &quot;event&quot;: &quot;customEventSPE&quot;}\" target=\"_blank\" rel=\"noopener\"><br \/>\n                    Connectez-vous<br \/>\n                <\/a>\n            <\/p>\n","protected":false},"excerpt":{"rendered":"Les aides aux entreprises n\u2019emp\u00eachent pas \u00e0 l\u2019hexagone d\u2019\u00eatre le troisi\u00e8me pays qui impose le plus les soci\u00e9t\u00e9s&hellip;\n","protected":false},"author":2,"featured_media":608359,"comment_status":"","ping_status":"","sticky":false,"template":"","format":"standard","meta":{"footnotes":""},"categories":[1586],"tags":[631,630,11,4416,4417,1117,340,398,343,130,634,405,636,33,341,313,1777,674,632,638,1011,27,1116,342,637,399,12,25],"class_list":{"0":"post-608358","1":"post","2":"type-post","3":"status-publish","4":"format-standard","5":"has-post-thumbnail","7":"category-europe","8":"tag-action","9":"tag-actualite-bourse","10":"tag-actualites","11":"tag-analyse-graphique","12":"tag-analyse-technique","13":"tag-assurance","14":"tag-bourse","15":"tag-bourse-de-paris","16":"tag-cac-40","17":"tag-consommation","18":"tag-cotation","19":"tag-cotations","20":"tag-devises","21":"tag-economie","22":"tag-emploi","23":"tag-entreprises","24":"tag-eu","25":"tag-europe","26":"tag-fcp","27":"tag-figaro","28":"tag-fr","29":"tag-france","30":"tag-immobilier","31":"tag-impots","32":"tag-indices","33":"tag-investissement","34":"tag-news","35":"tag-republique-francaise"},"share_on_mastodon":{"url":"","error":""},"_links":{"self":[{"href":"https:\/\/www.europesays.com\/fr\/wp-json\/wp\/v2\/posts\/608358","targetHints":{"allow":["GET"]}}],"collection":[{"href":"https:\/\/www.europesays.com\/fr\/wp-json\/wp\/v2\/posts"}],"about":[{"href":"https:\/\/www.europesays.com\/fr\/wp-json\/wp\/v2\/types\/post"}],"author":[{"embeddable":true,"href":"https:\/\/www.europesays.com\/fr\/wp-json\/wp\/v2\/users\/2"}],"replies":[{"embeddable":true,"href":"https:\/\/www.europesays.com\/fr\/wp-json\/wp\/v2\/comments?post=608358"}],"version-history":[{"count":0,"href":"https:\/\/www.europesays.com\/fr\/wp-json\/wp\/v2\/posts\/608358\/revisions"}],"wp:featuredmedia":[{"embeddable":true,"href":"https:\/\/www.europesays.com\/fr\/wp-json\/wp\/v2\/media\/608359"}],"wp:attachment":[{"href":"https:\/\/www.europesays.com\/fr\/wp-json\/wp\/v2\/media?parent=608358"}],"wp:term":[{"taxonomy":"category","embeddable":true,"href":"https:\/\/www.europesays.com\/fr\/wp-json\/wp\/v2\/categories?post=608358"},{"taxonomy":"post_tag","embeddable":true,"href":"https:\/\/www.europesays.com\/fr\/wp-json\/wp\/v2\/tags?post=608358"}],"curies":[{"name":"wp","href":"https:\/\/api.w.org\/{rel}","templated":true}]}}