{"id":608360,"date":"2025-12-18T23:04:14","date_gmt":"2025-12-18T23:04:14","guid":{"rendered":"https:\/\/www.europesays.com\/fr\/608360\/"},"modified":"2025-12-18T23:04:14","modified_gmt":"2025-12-18T23:04:14","slug":"la-signature-de-laccord-reportee-a-janvier","status":"publish","type":"post","link":"https:\/\/www.europesays.com\/fr\/608360\/","title":{"rendered":"la signature de l\u2019accord report\u00e9e \u00e0 janvier"},"content":{"rendered":"<p>AA \/ Istanbul \/ Serap Dogansoy<\/p>\n<p>La signature de l\u2019accord de libre-\u00e9change entre l\u2019Union europ\u00e9enne et les pays du Mercosur a \u00e9t\u00e9 report\u00e9e \u00e0 janvier, a annonc\u00e9 jeudi \u00e0 Bruxelles la pr\u00e9sidente de la Commission europ\u00e9enne, Ursula von der Leyen, aux dirigeants des 27 \u00c9tats membres r\u00e9unis en sommet.<\/p>\n<p>La pr\u00e9sidente de la Commission esp\u00e9rait parapher le trait\u00e9 samedi, en marge du sommet du Mercosur pr\u00e9vu \u00e0 Foz do Igua\u00e7u, au Br\u00e9sil. Cette \u00e9ch\u00e9ance a \u00e9t\u00e9 repouss\u00e9e en l\u2019absence d\u2019une majorit\u00e9 qualifi\u00e9e au sein de l\u2019UE, en raison notamment de l\u2019opposition de la France et de l\u2019Italie, selon plusieurs sources europ\u00e9ennes.<\/p>\n<p>Cette annonce est intervenue alors que des agriculteurs europ\u00e9ens manifestaient \u00e0 Bruxelles contre l\u2019accord, qu\u2019ils jugent mena\u00e7ant pour les productions agricoles europ\u00e9ennes. Plus de 7.300 manifestants se sont rassembl\u00e9s dans le quartier europ\u00e9en, selon les organisateurs, avant la lev\u00e9e officielle du rassemblement et le d\u00e9part progressif des tracteurs stationn\u00e9s \u00e0 proximit\u00e9 du Parlement europ\u00e9en.<\/p>\n<p>En parall\u00e8le, sur le sol fran\u00e7ais, le minist\u00e8re de l\u2019Int\u00e9rieur a recens\u00e9 110 actions mobilisant plus de 5.000 agriculteurs, dans un contexte de contestation agricole renforc\u00e9e ces derni\u00e8res semaines.<\/p>\n<p>Lors du sommet europ\u00e9en, le pr\u00e9sident fran\u00e7ais Emmanuel Macron a r\u00e9affirm\u00e9 que le trait\u00e9 ne pouvait \u00ab pas \u00eatre sign\u00e9 en l\u2019\u00e9tat \u00bb. De son c\u00f4t\u00e9, le pr\u00e9sident br\u00e9silien Luiz Inacio Lula da Silva a indiqu\u00e9 qu\u2019il transmettrait au Mercosur une demande de la cheffe du gouvernement italien, Giorgia Meloni, visant \u00e0 repousser la signature de l\u2019accord.<\/p>\n<p>Selon Lula, Meloni lui a demand\u00e9 de faire preuve de \u00ab patience \u00bb pour un report de \u00ab une semaine, dix jours ou un mois \u00bb, en \u00e9change d\u2019un soutien italien ult\u00e9rieur au texte. Le pr\u00e9sident br\u00e9silien a pr\u00e9cis\u00e9 qu\u2019il soumettrait cette requ\u00eate aux autres membres du Mercosur, qui devront d\u00e9cider de la suite \u00e0 donner.<\/p>\n<p>                            &#13;<br \/>\n                                <a href=\"https:\/\/www.aa.com.tr\/fr\/p\/abonnement\/1001\" target=\"_blank\" style=\"font-size:12px; color:#444; text-decoration:none;\" rel=\"noopener\">&#13;<br \/>\n                                    Seulement une partie des d\u00e9p\u00eaches, que l&rsquo;Agence Anadolu diffuse \u00e0 ses abonn\u00e9s via le Syst\u00e8me de Diffusion interne (HAS), est diffus\u00e9e sur le site de l&rsquo;AA, de mani\u00e8re r\u00e9sum\u00e9e. <b style=\"color:#1897F7\">Contactez-nous s&rsquo;il vous pla\u00eet pour vous abonner.<\/b>&#13;<br \/>\n                                <\/a>&#13;<\/p>\n","protected":false},"excerpt":{"rendered":"AA \/ Istanbul \/ Serap Dogansoy La signature de l\u2019accord de libre-\u00e9change entre l\u2019Union europ\u00e9enne et les pays&hellip;\n","protected":false},"author":2,"featured_media":608361,"comment_status":"","ping_status":"","sticky":false,"template":"","format":"standard","meta":{"footnotes":""},"categories":[1586],"tags":[11,1785,1777,674,1779,1011,27,12,25,71958,1778,32180,364,2544],"class_list":{"0":"post-608360","1":"post","2":"type-post","3":"status-publish","4":"format-standard","5":"has-post-thumbnail","7":"category-europe","8":"tag-actualites","9":"tag-anadolu-ajansi","10":"tag-eu","11":"tag-europe","12":"tag-european-union","13":"tag-fr","14":"tag-france","15":"tag-news","16":"tag-republique-francaise","17":"tag-signature-de-laccord-reporte","18":"tag-ue","19":"tag-ue-mercosur","20":"tag-union-europeenne","21":"tag-ursula-von-der-leyen"},"share_on_mastodon":{"url":"https:\/\/pubeurope.com\/@fr\/115743074819682229","error":""},"_links":{"self":[{"href":"https:\/\/www.europesays.com\/fr\/wp-json\/wp\/v2\/posts\/608360","targetHints":{"allow":["GET"]}}],"collection":[{"href":"https:\/\/www.europesays.com\/fr\/wp-json\/wp\/v2\/posts"}],"about":[{"href":"https:\/\/www.europesays.com\/fr\/wp-json\/wp\/v2\/types\/post"}],"author":[{"embeddable":true,"href":"https:\/\/www.europesays.com\/fr\/wp-json\/wp\/v2\/users\/2"}],"replies":[{"embeddable":true,"href":"https:\/\/www.europesays.com\/fr\/wp-json\/wp\/v2\/comments?post=608360"}],"version-history":[{"count":0,"href":"https:\/\/www.europesays.com\/fr\/wp-json\/wp\/v2\/posts\/608360\/revisions"}],"wp:featuredmedia":[{"embeddable":true,"href":"https:\/\/www.europesays.com\/fr\/wp-json\/wp\/v2\/media\/608361"}],"wp:attachment":[{"href":"https:\/\/www.europesays.com\/fr\/wp-json\/wp\/v2\/media?parent=608360"}],"wp:term":[{"taxonomy":"category","embeddable":true,"href":"https:\/\/www.europesays.com\/fr\/wp-json\/wp\/v2\/categories?post=608360"},{"taxonomy":"post_tag","embeddable":true,"href":"https:\/\/www.europesays.com\/fr\/wp-json\/wp\/v2\/tags?post=608360"}],"curies":[{"name":"wp","href":"https:\/\/api.w.org\/{rel}","templated":true}]}}