{"id":608362,"date":"2025-12-18T23:05:14","date_gmt":"2025-12-18T23:05:14","guid":{"rendered":"https:\/\/www.europesays.com\/fr\/608362\/"},"modified":"2025-12-18T23:05:14","modified_gmt":"2025-12-18T23:05:14","slug":"pro-d2-beziers-dompte-le-leader-vannetais-et-soffre-un-peu-de-repit-au-moment-de-partir-en-vacances","status":"publish","type":"post","link":"https:\/\/www.europesays.com\/fr\/608362\/","title":{"rendered":"Pro D2\u00a0: B\u00e9ziers dompte le leader vannetais et s\u2019offre un peu de r\u00e9pit au moment de partir en vacances"},"content":{"rendered":"<p>\n                En plein doute, sportivement et en coulisse, B\u00e9ziers s\u2019offre un succ\u00e8s de prestige face au leader incontest\u00e9 du championnat (23-17). Les Bretons n\u2019avaient perdu qu\u2019un seul de leurs onze derniers matchs. Un sacr\u00e9 coup r\u00e9alis\u00e9 par les hommes de David Irazoqui, qui prennent leurs distances avec la zone de rel\u00e9gation.\n            <\/p>\n<p>La \u00ab\u00a0guerre\u00a0\u00bb. Au moment d\u2019\u00e9voquer la r\u00e9ception du RC Vannes, ce jeudi 18\u00a0d\u00e9cembre, Yanis Boulassel confiait dans la semaine, les intentions biterroises de faire la \u00ab\u00a0guerre\u00a0\u00bb aux Bretons, malgr\u00e9 la pl\u00e9iade d\u2019individualit\u00e9s d\u2019une \u00e9quipe d\u00e9j\u00e0 assur\u00e9e de passer No\u00ebl et le jour de l\u2019an, en t\u00eate du classement de Pro D2. Au contraire, les Biterrois pointent bien plus bas, et ont m\u00eame d\u00e9plor\u00e9 dans la semaine, la perte de deux points, sur d\u00e9cision administrative. Une adversit\u00e9, dans laquelle les hommes de David Irazoqui ont puis\u00e9 leur motivation, tout au long de la semaine, rassur\u00e9e par l\u2019engagement mis une semaine plus t\u00f4t, malgr\u00e9 la d\u00e9faite, sur la pelouse d\u2019un autre cador du championnat, Provence Rugby.<\/p>\n<p>Le doubl\u00e9 pour un Boulassel revanchard<\/p>\n<p>D\u00e8s le coup d\u2019envoi, les Languedociens mettent \u00e0 ex\u00e9cution les paroles de leur talonneur. Apr\u00e8s huit minutes de jeu, le m\u00eame Yanis Boulassel inscrit le premier essai de la partie, sur un group\u00e9 p\u00e9n\u00e9trant d\u00e9vastateur (8e, 5-0). Un doigt sur la bouche, l\u2019autre vers le ciel, le joueur form\u00e9 \u00e0 Toulon garde le regard dur. La guerre ne fait que commencer. Et sur la remise en jeu, les soldats biterrois d\u00e9plorent une premi\u00e8re d\u00e9b\u00e2cle. Apr\u00e8s avoir r\u00e9cup\u00e9r\u00e9 le ballon, les Bretons cherchent rapidement les ext\u00e9rieurs avec une double saut\u00e9e douteuse\u2026 qui retombe finalement dans les bras de Stevenson et laisse sur le carreau trois d\u00e9fenseurs biterrois, confus par le rebond du ballon. L\u2019ailier remonte une partie des 40 m\u00e8tres qui le s\u00e9parent de l\u2019en-but, deux relais \u00e0 son int\u00e9rieur plus tard, Blanc-Mappaz file dans l\u2019en-but (10e, 5-5).<br \/>En d\u00e9pit de cet essai encaiss\u00e9, ce sont bien les Biterrois qui dominent les d\u00e9bats. S\u2019ils ne parviennent pas \u00e0 peser sur la d\u00e9fense adverse, sur des phases de jeu statiques, les locaux doublent la mise sur un nouveau ballon port\u00e9 cornaqu\u00e9 par Yannis Boulassel (21e, 10-5). Avant de rentrer aux vestiaires, Marques ajuste une p\u00e9nalit\u00e9, pour permettre aux siens de maintenir \u00e0 bonne distance le leader (40e, 13-5).<\/p>\n<p>B\u00e9ziers fait le break\u2026<\/p>\n<p>Une inspiration bien sentie par le capitaine, car les Bretons retournent sur la pelouse, pav\u00e9s de nouvelles intentions. Et avec plusieurs joueurs sortis du banc pr\u00e9matur\u00e9ment. Ils acculent les Biterrois dans leur propre camp et parviennent \u00e0 marquer rapidement, par l\u2019interm\u00e9diaire de El Bibouji, une nouvelle fois sur ballon port\u00e9 (51e, 13-12). Les visiteurs maintiennent la pression dans le camp h\u00e9raultais, mais se heurtent \u00e0 une d\u00e9fense solidaire, doubl\u00e9e de sa sup\u00e9riorit\u00e9 en m\u00eal\u00e9e ferm\u00e9e. En plus, les Bretons se montrent indisciplin\u00e9s et offrent \u00e0 Marques l\u2019occasion d\u2019aggraver l\u2019\u00e9cart au score (54e, 16-12).<\/p>\n<p>&#8230; mais fini en tremblant<\/p>\n<p>Puis, quelques minutes plus tard, Marin Boulier se rend coupable d\u2019un plaquage \u00e0 retardement sur Th\u00e9o Vassalo. Il \u00e9cope logiquement d\u2019un carton jaune, et permet aux locaux de s\u2019installer dans ses 22 m\u00e8tres. L\u2019occasion est trop belle pour ne pas \u00eatre croqu\u00e9e. Et elle l\u2019est rapidement, par l\u2019omnipr\u00e9sent Marques, qui joue rapidement une p\u00e9nalit\u00e9, sur une faute adverse en m\u00eal\u00e9e, \u00e0 cinq m\u00e8tres de la ligne, et s\u2019en va inscrire l\u2019essai du break (61e, 23-12). \u00c0 ses c\u00f4t\u00e9s, ses co\u00e9quipiers exultent. Ils sont en train de r\u00e9aliser l\u2019exploit. Mais la r\u00e9alit\u00e9 les rattrape bien vite, quelques minutes tard, alors qu\u2019Enzo Benmegal s\u2019envole dans ciel m\u00e9diterran\u00e9en. Quelque temps de jeu plus tard, sur l\u2019aile oppos\u00e9e, Stevenson profite du travail de fixation de ses avants (65e, 23-17).<\/p>\n<p>Un essai transform\u00e9 seulement s\u00e9pare les deux \u00e9quipes, en cette fin de match. Alors que Vannes pousse pour maintenir sa belle s\u00e9rie de victoire, tout un stade pousse derri\u00e8re ses joueurs. Comme \u00e0 leur habitude, les co\u00e9quipiers de Samuel Marques jettent toutes leurs forces dans la bataille. Ils sont parfois au bord du pr\u00e9cipice, mais ils tiennent. Sur une ultime touche mal n\u00e9goci\u00e9e par les Vannetais, Camacho exp\u00e9die le ballon hors des limites du terrain. Les rouges et bleus s\u2019enlacent, s\u2019embrassent, s\u2019entassent. Ils ont accompli leur mission.<\/p>\n","protected":false},"excerpt":{"rendered":"En plein doute, sportivement et en coulisse, B\u00e9ziers s\u2019offre un succ\u00e8s de prestige face au leader incontest\u00e9 du&hellip;\n","protected":false},"author":2,"featured_media":608363,"comment_status":"","ping_status":"","sticky":false,"template":"","format":"standard","meta":{"footnotes":""},"categories":[2],"tags":[11,1011,27,12,2308,25,68796],"class_list":{"0":"post-608362","1":"post","2":"type-post","3":"status-publish","4":"format-standard","5":"has-post-thumbnail","7":"category-actualites","8":"tag-actualites","9":"tag-fr","10":"tag-france","11":"tag-news","12":"tag-pro-d2","13":"tag-republique-francaise","14":"tag-rugby-u00e0-xv"},"share_on_mastodon":{"url":"https:\/\/pubeurope.com\/@fr\/115743078793018059","error":""},"_links":{"self":[{"href":"https:\/\/www.europesays.com\/fr\/wp-json\/wp\/v2\/posts\/608362","targetHints":{"allow":["GET"]}}],"collection":[{"href":"https:\/\/www.europesays.com\/fr\/wp-json\/wp\/v2\/posts"}],"about":[{"href":"https:\/\/www.europesays.com\/fr\/wp-json\/wp\/v2\/types\/post"}],"author":[{"embeddable":true,"href":"https:\/\/www.europesays.com\/fr\/wp-json\/wp\/v2\/users\/2"}],"replies":[{"embeddable":true,"href":"https:\/\/www.europesays.com\/fr\/wp-json\/wp\/v2\/comments?post=608362"}],"version-history":[{"count":0,"href":"https:\/\/www.europesays.com\/fr\/wp-json\/wp\/v2\/posts\/608362\/revisions"}],"wp:featuredmedia":[{"embeddable":true,"href":"https:\/\/www.europesays.com\/fr\/wp-json\/wp\/v2\/media\/608363"}],"wp:attachment":[{"href":"https:\/\/www.europesays.com\/fr\/wp-json\/wp\/v2\/media?parent=608362"}],"wp:term":[{"taxonomy":"category","embeddable":true,"href":"https:\/\/www.europesays.com\/fr\/wp-json\/wp\/v2\/categories?post=608362"},{"taxonomy":"post_tag","embeddable":true,"href":"https:\/\/www.europesays.com\/fr\/wp-json\/wp\/v2\/tags?post=608362"}],"curies":[{"name":"wp","href":"https:\/\/api.w.org\/{rel}","templated":true}]}}