{"id":608378,"date":"2025-12-18T23:17:12","date_gmt":"2025-12-18T23:17:12","guid":{"rendered":"https:\/\/www.europesays.com\/fr\/608378\/"},"modified":"2025-12-18T23:17:12","modified_gmt":"2025-12-18T23:17:12","slug":"son-fric-de-las-vegas-rappatrie-en-france-plus-la-bas-quici","status":"publish","type":"post","link":"https:\/\/www.europesays.com\/fr\/608378\/","title":{"rendered":"son \u00ab\u00a0fric\u00a0\u00bb de Las Vegas rappatri\u00e9 en France, \u00ab\u00a0plus l\u00e0-bas qu&rsquo;ici\u00a0\u00bb"},"content":{"rendered":"<p>Par <a class=\"author_recette\" id=\"author_name\" href=\"https:\/\/www.nextplz.fr\/auteur\/victoria-buisson\" target=\"_blank\" rel=\"noopener\">Victoria<br \/>\nBuisson<\/a> &#8211;<br \/>\nPubli\u00e9 le 18 D\u00e9c 2025 \u00e0<br \/>\n21:39<\/p>\n<p class=\"article-intro excerpt\">D\u00e9tentrice de la carte verte,<br \/>\nl\u2019actrice Mich\u00e8le Laroque aurait conserv\u00e9 son argent \u00e0 Las Vegas<br \/>\npendant des ann\u00e9es.<\/p>\n<p>De Lune de miel avec ma m\u00e8re \u00e0 Chacun chez soi<br \/>\nen passant par L\u00a0\u00bbHeureuse \u00c9lue, Joyeuse retraite !, Des jours<br \/>\nmeilleurs ou Alors on danse, <a href=\"https:\/\/www.nextplz.fr\/personnalite\/michele-laroque\/\" target=\"_blank\" rel=\"noopener\">Mich\u00e8le<br \/>\nLaroque ne compte plus<\/a> les succ\u00e8s dans lesquels elle a eu la<br \/>\nchance de jouer. Figure embl\u00e9matique du cin\u00e9ma fran\u00e7ais, l&rsquo;actrice<br \/>\nencha\u00eene en effet les tournages depuis la fin des ann\u00e9es 80. Et \u00e0<br \/>\n65 ans, elle n&rsquo;a visiblement pas l&rsquo;intention de s&rsquo;arr\u00eater en si bon<br \/>\nchemin. Son dernier projet\u00a0en date ? Un r\u00f4le dans la cinqui\u00e8me<br \/>\nsaison de la s\u00e9rie Emily in Paris, qui cartonne sur la<br \/>\nplateforme Netflix depuis son lancement en 2020.<\/p>\n<p>Mich\u00e8le Laroque<br \/>\nau c\u0153ur d&rsquo;un scandale fiscal<\/p>\n<p>Derri\u00e8re cette carri\u00e8re florissante et cette popularit\u00e9 intacte,<br \/>\nMich\u00e8le Laroque a pourtant connu des \u00e9pisodes plus sensibles, loin<br \/>\ndes projecteurs des plateaux de cin\u00e9ma. Bien qu&rsquo;ic\u00f4ne du grand<br \/>\npublic, l&rsquo;actrice a un temps \u00e9t\u00e9 rattrap\u00e9e par des questions<br \/>\nfiscales, alors que sa situation personnelle attirait l&rsquo;attention<br \/>\nde la presse. Selon L&rsquo;Humanit\u00e9, elle avait ainsi annonc\u00e9,<br \/>\nen 2010, son retour fiscal en France apr\u00e8s plusieurs ann\u00e9es pass\u00e9es<br \/>\naux \u00c9tats-Unis. Une d\u00e9cision rapide, intervenue dans un contexte<br \/>\npolitique particulier, qui avait suscit\u00e9 de vives r\u00e9actions.<\/p>\n<p>Des revenus<br \/>\ntransf\u00e9r\u00e9s \u00e0 Las Vegas, aux \u00c9tats-Unis<\/p>\n<p>Avant ce retour en France, Mich\u00e8le Laroque avait visiblement<br \/>\nprofit\u00e9 d&rsquo;une installation temporaire aux \u00c9tats-Unis, o\u00f9 elle<br \/>\ns&rsquo;\u00e9tait domicili\u00e9e \u00e0 Las Vegas pour b\u00e9n\u00e9ficier d&rsquo;une fiscalit\u00e9 tr\u00e8s<br \/>\navantageuse. Selon les informations du Canard encha\u00een\u00e9<br \/>\nrelay\u00e9es par L&rsquo;Humanit\u00e9, apr\u00e8s avoir obtenu sa carte verte<br \/>\nen 2005, elle y avait visiblement transf\u00e9r\u00e9 ses revenus li\u00e9s \u00e0 ses<br \/>\ndroits d&rsquo;auteur, ses pourcentages sur les films et contrats tourn\u00e9s<br \/>\nen France, ne laissant imposables dans l&rsquo;Hexagone que ses cachets<br \/>\nd&rsquo;artiste. Une strat\u00e9gie l\u00e9gale qui n&rsquo;avait pas manqu\u00e9 d&rsquo;attirer<br \/>\nl&rsquo;attention des m\u00e9dias.<\/p>\n<p>L&rsquo;actrice s&rsquo;explique<br \/>\nface aux questions<\/p>\n<p>Toujours selon L&rsquo;Humanit\u00e9, c&rsquo;est finalement son<br \/>\nhistoire d&rsquo;amour avec Fran\u00e7ois Baroin, alors ministre du Budget,<br \/>\nqui avait incit\u00e9 Mich\u00e8le Laroque \u00e0 prendre la d\u00e9cision radicale de<br \/>\ntirer un trait sur les \u00c9tats-Unis. \u00c0 l&rsquo;\u00e9poque, elle avait expliqu\u00e9<br \/>\navoir rempli l&rsquo;ensemble des crit\u00e8res n\u00e9cessaires pour \u00eatre<br \/>\nconsid\u00e9r\u00e9e comme r\u00e9sidente fiscale aux \u00c9tats-Unis : \u00ab\u00a0J\u2019ai v\u00e9cu<br \/>\nplus de six mois par an aux \u00c9tats-Unis, cr\u00e9\u00e9 une maison de<br \/>\nproduction\u00a0\u00bb et travaill\u00e9 \u00ab\u00a0plus l\u00e0-bas qu\u2019en France\u00a0\u00bb.<br \/>\nManque de chance, nos confr\u00e8res avaient eu beaucoup de mal \u00e0<br \/>\n\u00ab\u00a0trouver trace de son boulot aux \u00c9tats-Unis\u00a0\u00bb. Quoi qu&rsquo;il<br \/>\nen soit, <a href=\"https:\/\/www.nextplz.fr\/people\/502989-a-65-ans-michele-laroque-accro-a-cette-herbe-stimulante-venue-damerique-du-sud-qui-laide-a-tenir-le-coup\" target=\"_blank\" rel=\"noopener\"><br \/>\ncelle qui est accro \u00e0 une herbe stimulante originaire d&rsquo;Am\u00e9rique du<br \/>\nSud<\/a> a, depuis, r\u00e9gl\u00e9 le probl\u00e8me.<\/p>\n","protected":false},"excerpt":{"rendered":"Par Victoria Buisson &#8211; Publi\u00e9 le 18 D\u00e9c 2025 \u00e0 21:39 D\u00e9tentrice de la carte verte, l\u2019actrice Mich\u00e8le&hellip;\n","protected":false},"author":2,"featured_media":608379,"comment_status":"","ping_status":"","sticky":false,"template":"","format":"standard","meta":{"footnotes":""},"categories":[1359],"tags":[58,59,1011,27,973,65861],"class_list":{"0":"post-608378","1":"post","2":"type-post","3":"status-publish","4":"format-standard","5":"has-post-thumbnail","7":"category-people","8":"tag-divertissement","9":"tag-entertainment","10":"tag-fr","11":"tag-france","12":"tag-people","13":"tag-trend"},"share_on_mastodon":{"url":"https:\/\/pubeurope.com\/@fr\/115743125960964697","error":""},"_links":{"self":[{"href":"https:\/\/www.europesays.com\/fr\/wp-json\/wp\/v2\/posts\/608378","targetHints":{"allow":["GET"]}}],"collection":[{"href":"https:\/\/www.europesays.com\/fr\/wp-json\/wp\/v2\/posts"}],"about":[{"href":"https:\/\/www.europesays.com\/fr\/wp-json\/wp\/v2\/types\/post"}],"author":[{"embeddable":true,"href":"https:\/\/www.europesays.com\/fr\/wp-json\/wp\/v2\/users\/2"}],"replies":[{"embeddable":true,"href":"https:\/\/www.europesays.com\/fr\/wp-json\/wp\/v2\/comments?post=608378"}],"version-history":[{"count":0,"href":"https:\/\/www.europesays.com\/fr\/wp-json\/wp\/v2\/posts\/608378\/revisions"}],"wp:featuredmedia":[{"embeddable":true,"href":"https:\/\/www.europesays.com\/fr\/wp-json\/wp\/v2\/media\/608379"}],"wp:attachment":[{"href":"https:\/\/www.europesays.com\/fr\/wp-json\/wp\/v2\/media?parent=608378"}],"wp:term":[{"taxonomy":"category","embeddable":true,"href":"https:\/\/www.europesays.com\/fr\/wp-json\/wp\/v2\/categories?post=608378"},{"taxonomy":"post_tag","embeddable":true,"href":"https:\/\/www.europesays.com\/fr\/wp-json\/wp\/v2\/tags?post=608378"}],"curies":[{"name":"wp","href":"https:\/\/api.w.org\/{rel}","templated":true}]}}