{"id":608382,"date":"2025-12-18T23:20:28","date_gmt":"2025-12-18T23:20:28","guid":{"rendered":"https:\/\/www.europesays.com\/fr\/608382\/"},"modified":"2025-12-18T23:20:28","modified_gmt":"2025-12-18T23:20:28","slug":"apres-la-saison-3-de-pax-massilia-olivier-marchal-revele-son-prochain-gros-projet","status":"publish","type":"post","link":"https:\/\/www.europesays.com\/fr\/608382\/","title":{"rendered":"\u00ab\u00a0Apr\u00e8s la saison 3 de Pax Massilia&#8230;\u00a0\u00bb, Olivier Marchal r\u00e9v\u00e8le son prochain gros projet"},"content":{"rendered":"<p>T\u00e9l\u00e9-Loisirs a interview\u00e9 Olivier Marchal, dont la s\u00e9rie Pax Massilia cartonne actuellement sur la plateforme Netflix. L&rsquo;occasion pour le r\u00e9alisateur et sc\u00e9nariste de parler de son prochain projet : un film de guerre !<\/p>\n<p><a href=\"https:\/\/www.programme-tv.net\/news\/series-tv\/342574-netflix-cette-serie-francaise-haletante-est-lune-des-plus-vues-dans-le-monde-cette-semaine\/\" data-api-deeplink=\"teleloisirs:\/\/news\/342574\" target=\"_blank\" rel=\"noopener\">Deux ans apr\u00e8s le carton de la premi\u00e8re saison<\/a>, Olivier Marchal r\u00e9cidive en ce mois de d\u00e9cembre\u00a02025 avec la suite de sa s\u00e9rie polici\u00e8re Pax Massilia. <a href=\"https:\/\/www.programme-tv.net\/news\/series-tv\/393736-pax-massilia-netflix-violente-brutale-et-tragique-la-saison-2-de-la-serie-dolivier-marchal-va-vous-laisser-en-etat-de-choc\/\" data-api-deeplink=\"teleloisirs:\/\/news\/393736\" target=\"_blank\" rel=\"noopener\">Les 6 nouveaux (et surprenants) \u00e9pisodes<\/a> figurent en effet <a href=\"https:\/\/www.programme-tv.net\/news\/series-tv\/393828-numero-1-en-seulement-24-h-olivier-marchal-a-encore-frappe-sur-netflix\/\" data-api-deeplink=\"teleloisirs:\/\/news\/393828\" target=\"_blank\" rel=\"noopener\">en haut du top de visionnages<\/a> de la plateforme de SVOD Netflix. Un nouveau beau succ\u00e8s pour le r\u00e9alisateur et sc\u00e9nariste fran\u00e7ais qui tourne plus vite que son ombre. Ce n&rsquo;est pas pr\u00e8s de s&rsquo;arr\u00eater d&rsquo;ailleurs puisque le cin\u00e9aste sait d\u00e9j\u00e0 ce qu&rsquo;il va tourner en 2027. Et son programme est, c&rsquo;est le moins que l&rsquo;on puisse \u00e9crire, tr\u00e8s charg\u00e9, comme il l&rsquo;a confi\u00e9 lors d&rsquo;une interview accord\u00e9e \u00e0 T\u00e9l\u00e9-Loisirs.<\/p>\n<p>\u00ab\u00a0Apr\u00e8s la saison 3 de Pax Massilia&#8230;\u00a0\u00bb, Olivier Marchal r\u00e9v\u00e8le son prochain projet et \u00e7a va \u00eatre la guerre !<\/p>\n<p>Alors que <a href=\"https:\/\/www.programme-tv.net\/news\/series-tv\/394130-olivier-marchal-toujours-au-sommet-la-saison-2-de-pax-massilia-ne-decoit-pas-les-abonnes-sur-netflix\/\" data-api-deeplink=\"teleloisirs:\/\/news\/394130\" target=\"_blank\" rel=\"noopener\">cette seconde saison de Pax Massilia cartonne donc sur Netflix<\/a>, Olivier Marchal pense d\u00e9j\u00e0 au coup d&rsquo;apr\u00e8s. Le r\u00e9alisateur et sc\u00e9nariste planche en effet depuis de nombreuses ann\u00e9es sur un projet et ce dernier va enfin voir le jour. Cette fois-ci, plus question de s\u00e9rie mais de film. \u00ab\u00a0Ce sera l&rsquo;adaptation d\u2019une bande dessin\u00e9e se d\u00e9roulant la guerre 14-18\u00a0\u00bb r\u00e9v\u00e8le-t-il ainsi, avant de distiller quelques autres informations, \u00ab\u00a0Cela s&rsquo;appelle Notre m\u00e8re, la guerre [sign\u00e9 par le duo Kris \/ Ma\u00ebl, ndlr]. J&rsquo;ai fini d&rsquo;\u00e9crire une premi\u00e8re version du sc\u00e9nario, sur laquelle va repasser Matthieu Serveau, un copain sc\u00e9nariste. Si tout va bien, le tournage aura lieu en hiver 2027.\u00a0\u00bb<\/p>\n<p>Pourquoi attendre l&rsquo;hiver 2027 pour tourner ce film, v\u00e9ritable projet de c\u0153ur pour Olivier Marchal ? Tout simplement parce qu&rsquo;il doit entretemps mettre en bo\u00eete autre chose, et pas des moindres\u00a0: la saison 3 de Pax Massilia ! Si elle n&rsquo;a pas \u00e9t\u00e9 encore confirm\u00e9e officiellement, cette suite, <a href=\"https:\/\/www.programme-tv.net\/news\/series-tv\/392607-pax-massilia-netflix-envisage-deja-une-saison-3-pour-la-serie-d-olivier-marchal\/\" data-api-deeplink=\"teleloisirs:\/\/news\/392607\" target=\"_blank\" rel=\"noopener\">qui avait \u00e9t\u00e9 \u00e9voqu\u00e9e d\u00e8s le mois de novembre par nos confr\u00e8res de La Provence<\/a>, sera en effet tourn\u00e9e l&rsquo;ann\u00e9e prochaine. L&rsquo;espoir est donc grand de revoir les \u00ab\u00a0cram\u00e9s\u00a0\u00bb en 2026.<\/p>\n","protected":false},"excerpt":{"rendered":"T\u00e9l\u00e9-Loisirs a interview\u00e9 Olivier Marchal, dont la s\u00e9rie Pax Massilia cartonne actuellement sur la plateforme Netflix. L&rsquo;occasion pour&hellip;\n","protected":false},"author":2,"featured_media":608383,"comment_status":"","ping_status":"","sticky":false,"template":"","format":"standard","meta":{"footnotes":""},"categories":[1356],"tags":[244,58,59,1011,27,2173,127,20270,1722,129,252,1364],"class_list":{"0":"post-608382","1":"post","2":"type-post","3":"status-publish","4":"format-standard","5":"has-post-thumbnail","7":"category-television","8":"tag-commentaire","9":"tag-divertissement","10":"tag-entertainment","11":"tag-fr","12":"tag-france","13":"tag-interview","14":"tag-netflix","15":"tag-olivier-marchal","16":"tag-pub-streaming-netflix","17":"tag-svod","18":"tag-television","19":"tag-tv"},"share_on_mastodon":{"url":"https:\/\/pubeurope.com\/@fr\/115743137899841844","error":""},"_links":{"self":[{"href":"https:\/\/www.europesays.com\/fr\/wp-json\/wp\/v2\/posts\/608382","targetHints":{"allow":["GET"]}}],"collection":[{"href":"https:\/\/www.europesays.com\/fr\/wp-json\/wp\/v2\/posts"}],"about":[{"href":"https:\/\/www.europesays.com\/fr\/wp-json\/wp\/v2\/types\/post"}],"author":[{"embeddable":true,"href":"https:\/\/www.europesays.com\/fr\/wp-json\/wp\/v2\/users\/2"}],"replies":[{"embeddable":true,"href":"https:\/\/www.europesays.com\/fr\/wp-json\/wp\/v2\/comments?post=608382"}],"version-history":[{"count":0,"href":"https:\/\/www.europesays.com\/fr\/wp-json\/wp\/v2\/posts\/608382\/revisions"}],"wp:featuredmedia":[{"embeddable":true,"href":"https:\/\/www.europesays.com\/fr\/wp-json\/wp\/v2\/media\/608383"}],"wp:attachment":[{"href":"https:\/\/www.europesays.com\/fr\/wp-json\/wp\/v2\/media?parent=608382"}],"wp:term":[{"taxonomy":"category","embeddable":true,"href":"https:\/\/www.europesays.com\/fr\/wp-json\/wp\/v2\/categories?post=608382"},{"taxonomy":"post_tag","embeddable":true,"href":"https:\/\/www.europesays.com\/fr\/wp-json\/wp\/v2\/tags?post=608382"}],"curies":[{"name":"wp","href":"https:\/\/api.w.org\/{rel}","templated":true}]}}