{"id":608384,"date":"2025-12-18T23:21:12","date_gmt":"2025-12-18T23:21:12","guid":{"rendered":"https:\/\/www.europesays.com\/fr\/608384\/"},"modified":"2025-12-18T23:21:12","modified_gmt":"2025-12-18T23:21:12","slug":"arch-enemy-denez-prigent-et-autres-le-motocultor-annonce-20-nouveaux-groupes-a-lapproche-de-noel","status":"publish","type":"post","link":"https:\/\/www.europesays.com\/fr\/608384\/","title":{"rendered":"Arch Enemy, Denez Prigent et autres\u00a0: le Motocultor annonce 20 nouveaux groupes \u00e0 l\u2019approche de No\u00ebl"},"content":{"rendered":"<p>C\u2019est No\u00ebl une semaine en avance au Motocultor. Ce jeudi 18 d\u00e9cembre 2025, le festival de musique metal bas\u00e9 \u00e0 Carhaix (29) <a href=\"https:\/\/www.facebook.com\/MOTOCULTOR.FESTIVAL.OpenAir\/posts\/-re-animator-festival-2026-voici-les-premiers-groupes-qui-participeront-%C3%A0-la-3%C3%A8m\/1393270288819755\/\" target=\"_blank\" rel=\"noopener\">a r\u00e9v\u00e9l\u00e9 au d\u00e9bott\u00e9 20 nouveaux groupes<\/a>, qui rejoignent les rangs <a href=\"https:\/\/www.letelegramme.fr\/culture-loisirs\/festivals\/motocultor\/judas-priest-en-tete-daffiche-du-motocultor-a-carhaix-le-festival-soffre-une-legende-du-heavy-metal-6938701.php\" target=\"_blank\" rel=\"noopener\">d\u2019une programmation d\u00e9j\u00e0 bien garnie<\/a>. Rallieront Kerampuilh \u00e0 l\u2019\u00e9t\u00e9 2026\u00a0: Arch Enemy, B\u00f6lzer, Cancer, Celkilt x Bagad ar Meilho\u00f9 Glaz Quimper, Darkened Nocturn Slaughtercult, Denez Prigent, Eyes, FauxX, Hellripper, Internal Bleeding, JetSex, Killers, Les 3 Fromages, Les Hommes Crabes, Nanowar Of Steel, Omnium Gatherum, Paradise Lost, Red Sun Atacama, Sha\u00e2rghot et The Casualties. Pr\u00e9vue du 13 au 16 ao\u00fbt prochain, cette <a anchorselected=\"true\" href=\"https:\/\/www.letelegramme.fr\/culture-loisirs\/festivals\/motocultor\/\" target=\"_blank\" rel=\"noopener\">17e \u00e9dition<\/a> compte d\u00e9sormais 83 noms d\u00e9voil\u00e9s sur les 110 annonc\u00e9s.<\/p>\n<p>Une t\u00eate d\u2019affiche sans sa chanteuse principale\u00a0?<\/p>\n<p>Grosse prise de cette nouvelle vol\u00e9e, le groupe de death metal m\u00e9lodique Arch Enemy viendra pour la premi\u00e8re fois au Motocultor. Fond\u00e9e en 1995, la formation su\u00e9doise foulera les terres finist\u00e9riennes\u2026 Sans sa charismatique chanteuse Alissa White-Gluz. Voix du groupe depuis 2014, l\u2019artiste a annonc\u00e9 son d\u00e9part fin novembre 2025 pour lancer un nouveau projet. Ce d\u00e9voilement du festival carhaisien peut donc laisser esp\u00e9rer l\u2019officialisation prochaine d\u2019une nouvelle interpr\u00e8te pour Arch Enemy.<\/p>\n<p>La musique celtique toujours \u00e0 l\u2019honneur<\/p>\n<p>Voix plus connue en Bretagne, Denez Prigent sera \u00e9galement de la partie. <a href=\"https:\/\/www.letelegramme.fr\/morbihan\/saint-nolff-56250\/les-sons-bretons-et-rock-s-invitent-au-festival-de-metal-motocultor-253113.php\" target=\"_blank\" rel=\"noopener\">D\u00e9j\u00e0 venu chez les metaleux en 2022 \u00e0 Saint-Nolff (56)<\/a>, le chanteur breton se produira lors de la journ\u00e9e d\u2019ouverture jeudi 13 ao\u00fbt 2026. Dans un style plus proche de la direction artistique de l\u2019\u00e9v\u00e9nement, \ufeffCelkilt proposera \u00e9galement une prestation originale. La formation de rock celtique sera accompagn\u00e9e du bagad ar Meilho\u00f9 Glaz de Quimper dans un tandem tonitruant.<\/p>\n<p>Du c\u00f4t\u00e9 des groupes de l\u2019Hexagone, Les 3 Fromages (pop rock humour), Killers (heavy metal), Sha\u00e2rghot (metal industriel), Les Hommes Crabes (post-grunge), Red Sun Atacama (punk psych\u00e9) et FauxX (metal industriel) viennent diversifier l\u2019affiche.<\/p>\n","protected":false},"excerpt":{"rendered":"C\u2019est No\u00ebl une semaine en avance au Motocultor. Ce jeudi 18 d\u00e9cembre 2025, le festival de musique metal&hellip;\n","protected":false},"author":2,"featured_media":608385,"comment_status":"","ping_status":"","sticky":false,"template":"","format":"standard","meta":{"footnotes":""},"categories":[1355],"tags":[829,5934,251,872,58,59,849,3337,3321,1011,27,28629,2131,45502,1361,873],"class_list":{"0":"post-608384","1":"post","2":"type-post","3":"status-publish","4":"format-standard","5":"has-post-thumbnail","7":"category-musique","8":"tag-bretagne","9":"tag-carhaix-plouguer","10":"tag-culture","11":"tag-culture-et-loisirs","12":"tag-divertissement","13":"tag-entertainment","14":"tag-festival","15":"tag-festivals","16":"tag-finistere","17":"tag-fr","18":"tag-france","19":"tag-metal","20":"tag-morlaix","21":"tag-motocultor","22":"tag-music","23":"tag-musique"},"share_on_mastodon":{"url":"https:\/\/pubeurope.com\/@fr\/115743141763369764","error":""},"_links":{"self":[{"href":"https:\/\/www.europesays.com\/fr\/wp-json\/wp\/v2\/posts\/608384","targetHints":{"allow":["GET"]}}],"collection":[{"href":"https:\/\/www.europesays.com\/fr\/wp-json\/wp\/v2\/posts"}],"about":[{"href":"https:\/\/www.europesays.com\/fr\/wp-json\/wp\/v2\/types\/post"}],"author":[{"embeddable":true,"href":"https:\/\/www.europesays.com\/fr\/wp-json\/wp\/v2\/users\/2"}],"replies":[{"embeddable":true,"href":"https:\/\/www.europesays.com\/fr\/wp-json\/wp\/v2\/comments?post=608384"}],"version-history":[{"count":0,"href":"https:\/\/www.europesays.com\/fr\/wp-json\/wp\/v2\/posts\/608384\/revisions"}],"wp:featuredmedia":[{"embeddable":true,"href":"https:\/\/www.europesays.com\/fr\/wp-json\/wp\/v2\/media\/608385"}],"wp:attachment":[{"href":"https:\/\/www.europesays.com\/fr\/wp-json\/wp\/v2\/media?parent=608384"}],"wp:term":[{"taxonomy":"category","embeddable":true,"href":"https:\/\/www.europesays.com\/fr\/wp-json\/wp\/v2\/categories?post=608384"},{"taxonomy":"post_tag","embeddable":true,"href":"https:\/\/www.europesays.com\/fr\/wp-json\/wp\/v2\/tags?post=608384"}],"curies":[{"name":"wp","href":"https:\/\/api.w.org\/{rel}","templated":true}]}}