{"id":608394,"date":"2025-12-18T23:26:13","date_gmt":"2025-12-18T23:26:13","guid":{"rendered":"https:\/\/www.europesays.com\/fr\/608394\/"},"modified":"2025-12-18T23:26:13","modified_gmt":"2025-12-18T23:26:13","slug":"la-potion-de-la-girafe-alerte-sur-un-faux-sirop-de-croissance-pour-enfants-en-algerie","status":"publish","type":"post","link":"https:\/\/www.europesays.com\/fr\/608394\/","title":{"rendered":"\u00ab La potion de la girafe \u00bb, alerte sur un faux sirop de croissance pour enfants en Alg\u00e9rie"},"content":{"rendered":"<p class=\"p1\">L\u2019Association pour la protection du consommateur (Apoce) continue de d\u00e9noncer certains compl\u00e9ments alimentaires dont la consommation risque de nuire s\u00e9rieusement \u00e0 la sant\u00e9 des Alg\u00e9riens.<\/p>\n<p class=\"p1\">Apr\u00e8s \u00ab\u00a0<a href=\"https:\/\/www.tsa-algerie.com\/algerie-le-complement-alimentaire-khaltat-soltane-contenait-du-viagra\/\" target=\"_blank\" rel=\"noopener\">Khaltet Al Soltane<\/a>\u00a0\u00bb dont les analyses effectu\u00e9es par les services de la gendarmerie nationale ont r\u00e9v\u00e9l\u00e9 qu\u2019il contenait du viagra, un m\u00e9dicament prescrit exclusivement par le m\u00e9decin apr\u00e8s consultation, un autre produit, pr\u00e9sent\u00e9 comme compl\u00e9ment alimentaire de croissance, b\u00e9n\u00e9ficie d\u2019une large promotion sur les r\u00e9seaux sociaux. <\/p>\n<p class=\"a-lire-box\" style=\"&#13;&#10;                    margin:20px 0;&#13;&#10;                    padding:12px 0;&#13;&#10;                    border-top:1px solid #ddd;&#13;&#10;                    border-bottom:1px solid #ddd;&#13;&#10;                    line-height:1.8;&#13;&#10;                 \">&#13;<br \/>\n                    A lire aussi :&#13;<br \/>\n                    <a href=\"https:\/\/www.tsa-algerie.com\/inscription-a-la-vaccination-anti-covid-prenez-rendez-vous-en-ligne\/\" class=\"a-lire-link\" style=\"color:#000;text-decoration:none;font-weight:600;\" target=\"_blank\" rel=\"noopener\">&#13;<br \/>\n                        Inscription \u00e0 la vaccination anti-Covid : prenez rendez-vous en ligne&#13;<br \/>\n                    <\/a>&#13;\n                <\/p>\n<\/p>\n<p class=\"p1\">\u00ab\u00a0Si ton enfant est court de taille et tu souhaites qu\u2019elle pousse jusqu\u2019\u00e0 \u00e9galer celle d\u2019une girafe, tu n\u2019as qu\u2019\u00e0 consommer ce sirop\u00a0\u00bb, ironise le pr\u00e9sident de l\u2019Apoce, Mustapha Zebdi, dans une vid\u00e9o qu\u2019il a post\u00e9e sur son compte Facebook. <\/p>\n<p class=\"a-lire-box\" style=\"&#13;&#10;                    margin:20px 0;&#13;&#10;                    padding:12px 0;&#13;&#10;                    border-top:1px solid #ddd;&#13;&#10;                    border-bottom:1px solid #ddd;&#13;&#10;                    line-height:1.8;&#13;&#10;                 \">&#13;<br \/>\n                    A lire aussi :&#13;<br \/>\n                    <a href=\"https:\/\/www.tsa-algerie.com\/algerie-revelations-glacantes-sur-le-drame-du-bus-de-oued-el-harrach\/\" class=\"a-lire-link\" style=\"color:#000;text-decoration:none;font-weight:600;\" target=\"_blank\" rel=\"noopener\">&#13;<br \/>\n                        Alg\u00e9rie : r\u00e9v\u00e9lations gla\u00e7antes sur le drame du bus de Oued El Harrach&#13;<br \/>\n                    <\/a>&#13;\n                <\/p>\n<p class=\"p1\">Il pointe du doigt la bo\u00eete emball\u00e9e avec un papier sur lequel est dessin\u00e9e une girafe et \u00e9crit \u00a0\u00bb\u00a0increase height\u00a0\u00bb (augmenter la taille). Son promoteur affirme dans une vid\u00e9o que le produit est \u00ab\u00a0riche en vitamines, en min\u00e9raux en acides amin\u00e9s et stimule la glande pituitaire, ou hypophyse\u00a0\u00bb.<\/p>\n<p class=\"p1\">Celle-ci, faut-il l\u2019expliquer, est une petite glande endocrine situ\u00e9e \u00e0 la base du cerveau, souvent surnomm\u00e9e la \u00a0\u00ab\u00a0glande ma\u00eetresse \u00bb, car elle produit et lib\u00e8re des hormones cruciales qui r\u00e9gulent la croissance, le m\u00e9tabolisme, la reproduction, le stress et le fonctionnement d\u2019autres glandes endocrines (thyro\u00efde, surr\u00e9nales).\u00a0<\/p>\n<p class=\"a-lire-box\" style=\"&#13;&#10;                    margin:20px 0;&#13;&#10;                    padding:12px 0;&#13;&#10;                    border-top:1px solid #ddd;&#13;&#10;                    border-bottom:1px solid #ddd;&#13;&#10;                    line-height:1.8;&#13;&#10;                 \">&#13;<br \/>\n                    A lire aussi :&#13;<br \/>\n                    <a href=\"https:\/\/www.tsa-algerie.com\/algerie-publication-inedite-des-photos-de-trafiquants-de-drogue\/\" class=\"a-lire-link\" style=\"color:#000;text-decoration:none;font-weight:600;\" target=\"_blank\" rel=\"noopener\">&#13;<br \/>\n                        Alg\u00e9rie : publication in\u00e9dite des photos de trafiquants de drogue&#13;<br \/>\n                    <\/a>&#13;\n                <\/p>\n<p class=\"p2\">\u00a0<\/p>\n<p>Apr\u00e8s Khaltet Soltane au viagra, la potion magique de \u00ab la girafe \u00bb<\/p>\n<p class=\"p2\">\u00a0<\/p>\n<p class=\"p1\">Montrant, de loin, les r\u00e9sultats des analyses d\u2019un laboratoire, il avoue que sa consommation par les enfants est sans risque. Il s\u2019agit, selon M Zebdi, d\u2019une publicit\u00e9 purement mensong\u00e8re car, les r\u00e9sultats d\u2019analyses confirment seulement que ce produit est \u00ab\u00a0exempt de microbes, mais cela ne signifie qu\u2019il est efficace pour la croissance\u00a0\u00bb. <\/p>\n<p class=\"p1\">\u00ab\u00a0Seule une hormone est responsable de la croissance et qui peut \u00eatre substitu\u00e9e ou renforc\u00e9e par de v\u00e9ritables m\u00e9dicaments\u00a0\u00bb, rel\u00e8ve le pr\u00e9sident de l\u2019Apoce qui d\u00e9plore que les composants de cette \u00ab\u00a0potion de la girafe magique\u00a0\u00bb ne soient pas sp\u00e9cifi\u00e9s clairement sur l\u2019emballage. <\/p>\n<p class=\"p1\">Ce qui a le plus d\u00e9concert\u00e9 Mustapha Zebdi est le prix propos\u00e9 pour l\u2019achat qui a atteint 7 500 DA ! Inadmissible ! Or, le producteur le c\u00e8de \u00e0 180 DA la bo\u00eete\u2026 \u00ab Soyez vigilants. Faites attention \u00e0 tout ce qui est commercialis\u00e9 via les r\u00e9seaux sociaux car cela risque de porter atteinte \u00e0 votre sant\u00e9 \u00bb, pr\u00e9vient Mustapha Zebdi.<\/p>\n","protected":false},"excerpt":{"rendered":"L\u2019Association pour la protection du consommateur (Apoce) continue de d\u00e9noncer certains compl\u00e9ments alimentaires dont la consommation risque de&hellip;\n","protected":false},"author":2,"featured_media":608395,"comment_status":"","ping_status":"","sticky":false,"template":"","format":"standard","meta":{"footnotes":""},"categories":[7],"tags":[1011,27,43,40,41,39,42,44],"class_list":{"0":"post-608394","1":"post","2":"type-post","3":"status-publish","4":"format-standard","5":"has-post-thumbnail","7":"category-sciences-et-technologies","8":"tag-fr","9":"tag-france","10":"tag-science","11":"tag-science-and-technology","12":"tag-sciences","13":"tag-sciences-et-technologies","14":"tag-technologies","15":"tag-technology"},"share_on_mastodon":{"url":"https:\/\/pubeurope.com\/@fr\/115743161320617642","error":""},"_links":{"self":[{"href":"https:\/\/www.europesays.com\/fr\/wp-json\/wp\/v2\/posts\/608394","targetHints":{"allow":["GET"]}}],"collection":[{"href":"https:\/\/www.europesays.com\/fr\/wp-json\/wp\/v2\/posts"}],"about":[{"href":"https:\/\/www.europesays.com\/fr\/wp-json\/wp\/v2\/types\/post"}],"author":[{"embeddable":true,"href":"https:\/\/www.europesays.com\/fr\/wp-json\/wp\/v2\/users\/2"}],"replies":[{"embeddable":true,"href":"https:\/\/www.europesays.com\/fr\/wp-json\/wp\/v2\/comments?post=608394"}],"version-history":[{"count":0,"href":"https:\/\/www.europesays.com\/fr\/wp-json\/wp\/v2\/posts\/608394\/revisions"}],"wp:featuredmedia":[{"embeddable":true,"href":"https:\/\/www.europesays.com\/fr\/wp-json\/wp\/v2\/media\/608395"}],"wp:attachment":[{"href":"https:\/\/www.europesays.com\/fr\/wp-json\/wp\/v2\/media?parent=608394"}],"wp:term":[{"taxonomy":"category","embeddable":true,"href":"https:\/\/www.europesays.com\/fr\/wp-json\/wp\/v2\/categories?post=608394"},{"taxonomy":"post_tag","embeddable":true,"href":"https:\/\/www.europesays.com\/fr\/wp-json\/wp\/v2\/tags?post=608394"}],"curies":[{"name":"wp","href":"https:\/\/api.w.org\/{rel}","templated":true}]}}