{"id":608398,"date":"2025-12-18T23:28:15","date_gmt":"2025-12-18T23:28:15","guid":{"rendered":"https:\/\/www.europesays.com\/fr\/608398\/"},"modified":"2025-12-18T23:28:15","modified_gmt":"2025-12-18T23:28:15","slug":"des-democrates-americains-publient-de-nouvelles-photos-liees-a-jeffrey-epstein-liberation","status":"publish","type":"post","link":"https:\/\/www.europesays.com\/fr\/608398\/","title":{"rendered":"des d\u00e9mocrates am\u00e9ricains publient de nouvelles photos li\u00e9es \u00e0 Jeffrey Epstein \u2013 Lib\u00e9ration"},"content":{"rendered":"<p class=\"sc-cPiKLX AiZTS text-element\">Des \u00e9lus d\u00e9mocrates au Congr\u00e8s am\u00e9ricain ont publi\u00e9 ce jeudi 18 d\u00e9cembre de nouvelles images li\u00e9es \u00e0 Jeffrey Epstein, \u00e0 la veille de <a href=\"https:\/\/www.liberation.fr\/international\/amerique\/affaire-epstein-la-chambre-des-representants-vote-pour-la-publication-des-documents-20251118_LFESL7S7MVFWNDXSWKIENMDLNQ\/\" target=\"_blank\" rel=\"noopener\" title=\"https:\/\/www.liberation.fr\/international\/amerique\/affaire-epstein-la-chambre-des-representants-vote-pour-la-publication-des-documents-20251118_LFESL7S7MVFWNDXSWKIENMDLNQ\/\">la date limite pour la publication par le gouvernement de Donald Trump<\/a> des documents en sa possession sur le criminel sexuel mort en prison.<\/p>\n<p class=\"sc-cPiKLX AiZTS text-element\">Les 68 nouvelles images proviennent des 95 000 que les \u00e9lus avaient dit la semaine derni\u00e8re avoir re\u00e7ues des l\u00e9gataires de Jeffrey Epstein. Leur publication vise \u00e0 faire pression sur le gouvernement de Donald Trump, qui doit divulguer au plus tard vendredi les documents en sa possession sur le financier new-yorkais, mort en prison en 2019 avant son proc\u00e8s pour crimes sexuels.<\/p>\n<p class=\"sc-cPiKLX AiZTS text-element\">\u00abIl est temps pour le minist\u00e8re de la Justice de publier le dossier\u00bb, affirment les \u00e9lus d\u00e9mocrates, membres d\u2019une puissante commission \u00e0 la Chambre des repr\u00e9sentants, dans un message sur X. <a href=\"https:\/\/www.liberation.fr\/international\/amerique\/volte-face-de-trump-sur-laffaire-epstein-en-georgie-terreau-maga-fertile-les-republicains-veulent-retablir-la-verite-20251118_6YFIDMLUKNCWNLKQVBJJHIMPOE\/\" target=\"_blank\" rel=\"noopener\" title=\"https:\/\/www.liberation.fr\/international\/amerique\/volte-face-de-trump-sur-laffaire-epstein-en-georgie-terreau-maga-fertile-les-republicains-veulent-retablir-la-verite-20251118_6YFIDMLUKNCWNLKQVBJJHIMPOE\/\">Donald Trum<\/a>p avait promis durant sa campagne victorieuse de 2024 des r\u00e9v\u00e9lations fracassantes sur le \u00abdossier Epstein\u00bb, mais le pr\u00e9sident r\u00e9publicain exhorte ses partisans depuis plusieurs mois \u00e0 tourner la page, en qualifiant l\u2019affaire de \u00abcanular\u00bb mont\u00e9 en \u00e9pingle par l\u2019opposition d\u00e9mocrate.<\/p>\n<p class=\"sc-cPiKLX AiZTS text-element\">Apr\u00e8s s\u2019y \u00eatre longtemps oppos\u00e9, il a d\u00fb se r\u00e9soudre en novembre \u00e0 promulguer une loi qui contraint son gouvernement \u00e0 rendre public l\u2019ensemble des documents dans cette affaire.<\/p>\n<p>Th\u00e9ories du complot<\/p>\n<p class=\"sc-cPiKLX AiZTS text-element\">La mort de Jeffrey Epstein, retrouv\u00e9 pendu dans sa cellule \u00e0 New York le 10 ao\u00fbt 2019, a aliment\u00e9 d\u2019innombrables th\u00e9ories du complot selon lesquelles il aurait \u00e9t\u00e9 assassin\u00e9 pour \u00e9touffer <a href=\"https:\/\/www.liberation.fr\/societe\/police-justice\/affaire-epstein-hsbc-france-avait-repere-des-activites-suspectes-liees-a-des-jeunes-femmes-des-2007-20251121_JZNEHXJ3FND4LJCN5EACVNVFUY\/\" target=\"_blank\" rel=\"noopener\" title=\"https:\/\/www.liberation.fr\/societe\/police-justice\/affaire-epstein-hsbc-france-avait-repere-des-activites-suspectes-liees-a-des-jeunes-femmes-des-2007-20251121_JZNEHXJ3FND4LJCN5EACVNVFUY\/\">un scandale \u00e9claboussant des personnalit\u00e9s de premier plan<\/a>.<\/p>\n<p class=\"sc-cPiKLX AiZTS text-element\">Certaines des photos publi\u00e9es jeudi le montrent dans un bureau en compagnie de Steve Bannon, ancien conseiller de Donald Trump, mais aussi \u00e0 bord de ce qui ressemble \u00e0 un jet priv\u00e9 avec l\u2019intellectuel de gauche <a href=\"https:\/\/www.liberation.fr\/idees-et-debats\/le-penseur-americain-et-icone-de-la-gauche-radicale-noam-chomsky-eclabousse-par-laffaire-epstein-20251124_PB2ODS3SSFDOXMFM7LVWRWGLZU\/\" target=\"_blank\" rel=\"noopener\" title=\"https:\/\/www.liberation.fr\/idees-et-debats\/le-penseur-americain-et-icone-de-la-gauche-radicale-noam-chomsky-eclabousse-par-laffaire-epstein-20251124_PB2ODS3SSFDOXMFM7LVWRWGLZU\/\">Noam Chomsky,<\/a> ou encore posant avec le r\u00e9alisateur Woody Allen, emmitoufl\u00e9 dans un \u00e9pais manteau.<\/p>\n<p class=\"sc-cPiKLX AiZTS text-element\">D\u2019autres images montrent des passeports et cartes d\u2019identit\u00e9 de femmes ukrainiennes, russes, ou encore sud-africaines aux noms et photos d\u2019identit\u00e9 barr\u00e9s de noir.<\/p>\n<p class=\"sc-cPiKLX AiZTS text-element\">L\u2019existence de liens entre ces personnes et le financier \u00e9tait d\u00e9j\u00e0 connue. Et aucune des photos publi\u00e9es depuis la semaine derni\u00e8re n\u2019a sembl\u00e9 d\u00e9peindre de comportement d\u00e9lictueux.<\/p>\n<p class=\"sc-cPiKLX AiZTS text-element\">La semaine derni\u00e8re, les \u00e9lus d\u00e9mocrates avaient d\u00e9j\u00e0 publi\u00e9 de nombreuses images, incluant notamment Donald Trump et l\u2019ancien pr\u00e9sident Bill Clinton, ou encore l\u2019ex-prince britannique Andrew. <a href=\"https:\/\/www.liberation.fr\/politique\/apres-son-salut-nazi-le-rn-tente-de-faire-croire-quil-ne-connait-pas-vraiment-steve-bannon-20250224_HCKVS4IEKFG63KKVTGI6RXNIT4\/\" target=\"_blank\" rel=\"noopener\" title=\"https:\/\/www.liberation.fr\/politique\/apres-son-salut-nazi-le-rn-tente-de-faire-croire-quil-ne-connait-pas-vraiment-steve-bannon-20250224_HCKVS4IEKFG63KKVTGI6RXNIT4\/\">Steve Bannon<\/a> et Woody Allen y figuraient d\u00e9j\u00e0 \u00e9galement, de m\u00eame que Bill Gates, le cofondateur de Microsoft, et Richard Branson, fondateur du groupe Virgin.<\/p>\n<p class=\"sc-cPiKLX AiZTS text-element\">Donald Trump, un temps proche de Jeffrey Epstein dans les ann\u00e9es 90, a toujours d\u00e9menti avoir eu connaissance de son comportement criminel et assure s\u2019\u00eatre brouill\u00e9 avec lui au d\u00e9but des ann\u00e9es 2000, bien avant qu\u2019il ne soit inqui\u00e9t\u00e9 par la justice.<\/p>\n","protected":false},"excerpt":{"rendered":"Des \u00e9lus d\u00e9mocrates au Congr\u00e8s am\u00e9ricain ont publi\u00e9 ce jeudi 18 d\u00e9cembre de nouvelles images li\u00e9es \u00e0 Jeffrey&hellip;\n","protected":false},"author":2,"featured_media":608399,"comment_status":"","ping_status":"","sticky":false,"template":"","format":"standard","meta":{"footnotes":""},"categories":[5],"tags":[11,14751,75,73,1011,27,14,12,28],"class_list":{"0":"post-608398","1":"post","2":"type-post","3":"status-publish","4":"format-standard","5":"has-post-thumbnail","7":"category-international","8":"tag-actualites","9":"tag-affaire-epstein","10":"tag-donald-trump","11":"tag-etats-unis","12":"tag-fr","13":"tag-france","14":"tag-international","15":"tag-news","16":"tag-world"},"share_on_mastodon":{"url":"https:\/\/pubeurope.com\/@fr\/115743169403351194","error":""},"_links":{"self":[{"href":"https:\/\/www.europesays.com\/fr\/wp-json\/wp\/v2\/posts\/608398","targetHints":{"allow":["GET"]}}],"collection":[{"href":"https:\/\/www.europesays.com\/fr\/wp-json\/wp\/v2\/posts"}],"about":[{"href":"https:\/\/www.europesays.com\/fr\/wp-json\/wp\/v2\/types\/post"}],"author":[{"embeddable":true,"href":"https:\/\/www.europesays.com\/fr\/wp-json\/wp\/v2\/users\/2"}],"replies":[{"embeddable":true,"href":"https:\/\/www.europesays.com\/fr\/wp-json\/wp\/v2\/comments?post=608398"}],"version-history":[{"count":0,"href":"https:\/\/www.europesays.com\/fr\/wp-json\/wp\/v2\/posts\/608398\/revisions"}],"wp:featuredmedia":[{"embeddable":true,"href":"https:\/\/www.europesays.com\/fr\/wp-json\/wp\/v2\/media\/608399"}],"wp:attachment":[{"href":"https:\/\/www.europesays.com\/fr\/wp-json\/wp\/v2\/media?parent=608398"}],"wp:term":[{"taxonomy":"category","embeddable":true,"href":"https:\/\/www.europesays.com\/fr\/wp-json\/wp\/v2\/categories?post=608398"},{"taxonomy":"post_tag","embeddable":true,"href":"https:\/\/www.europesays.com\/fr\/wp-json\/wp\/v2\/tags?post=608398"}],"curies":[{"name":"wp","href":"https:\/\/api.w.org\/{rel}","templated":true}]}}