{"id":608408,"date":"2025-12-18T23:34:34","date_gmt":"2025-12-18T23:34:34","guid":{"rendered":"https:\/\/www.europesays.com\/fr\/608408\/"},"modified":"2025-12-18T23:34:34","modified_gmt":"2025-12-18T23:34:34","slug":"circulation-perturbee-rue-saint-dizier-et-rue-damerval","status":"publish","type":"post","link":"https:\/\/www.europesays.com\/fr\/608408\/","title":{"rendered":"circulation perturb\u00e9e rue Saint-Dizier et rue d\u2019Amerval"},"content":{"rendered":"<p>Coup de chaud, ce jeudi vers 14 h 45. Le restaurant Le Capri, situ\u00e9 au 26 de la rue Stanislas, a donn\u00e9 l\u2019alerte apr\u00e8s avoir vu de la fum\u00e9e se d\u00e9gager du soupirail d\u2019avant la porte d\u2019entr\u00e9e de l\u2019immeuble.<\/p>\n<p>Rapidement sur place, les sapeurs-pompiers ont d\u00e9ploy\u00e9 d\u2019importants moyens.<\/p>\n<p>Un m\u00e9got mal \u00e9teint est \u00e0 l\u2019origine de ce d\u00e9gagement de fum\u00e9e. Une forte odeur de br\u00fbl\u00e9 a gagn\u00e9 la salle du sous-sol du restaurant.<\/p>\n<p>Dans la rue Saint-Dizier comme dans la rue d\u2019Amerval, la circulation est impact\u00e9e, notamment celle des bus du r\u00e9seau Stan.<\/p>\n","protected":false},"excerpt":{"rendered":"Coup de chaud, ce jeudi vers 14 h 45. Le restaurant Le Capri, situ\u00e9 au 26 de la&hellip;\n","protected":false},"author":2,"featured_media":608409,"comment_status":"","ping_status":"","sticky":false,"template":"","format":"standard","meta":{"footnotes":""},"categories":[9635],"tags":[1111,11,1704,1777,674,274,1011,27,775,1310,3457,1702,1703,12,25],"class_list":{"0":"post-608408","1":"post","2":"type-post","3":"status-publish","4":"format-standard","5":"has-post-thumbnail","7":"category-nancy","8":"tag-actu","9":"tag-actualites","10":"tag-edition-nancy-et-agglomeration","11":"tag-eu","12":"tag-europe","13":"tag-faits-divers-justice","14":"tag-fr","15":"tag-france","16":"tag-grand-est","17":"tag-incendie","18":"tag-meurthe-et-moselle","19":"tag-nancy","20":"tag-nancy-ville-54b","21":"tag-news","22":"tag-republique-francaise"},"share_on_mastodon":{"url":"https:\/\/pubeurope.com\/@fr\/115743192756899460","error":""},"_links":{"self":[{"href":"https:\/\/www.europesays.com\/fr\/wp-json\/wp\/v2\/posts\/608408","targetHints":{"allow":["GET"]}}],"collection":[{"href":"https:\/\/www.europesays.com\/fr\/wp-json\/wp\/v2\/posts"}],"about":[{"href":"https:\/\/www.europesays.com\/fr\/wp-json\/wp\/v2\/types\/post"}],"author":[{"embeddable":true,"href":"https:\/\/www.europesays.com\/fr\/wp-json\/wp\/v2\/users\/2"}],"replies":[{"embeddable":true,"href":"https:\/\/www.europesays.com\/fr\/wp-json\/wp\/v2\/comments?post=608408"}],"version-history":[{"count":0,"href":"https:\/\/www.europesays.com\/fr\/wp-json\/wp\/v2\/posts\/608408\/revisions"}],"wp:featuredmedia":[{"embeddable":true,"href":"https:\/\/www.europesays.com\/fr\/wp-json\/wp\/v2\/media\/608409"}],"wp:attachment":[{"href":"https:\/\/www.europesays.com\/fr\/wp-json\/wp\/v2\/media?parent=608408"}],"wp:term":[{"taxonomy":"category","embeddable":true,"href":"https:\/\/www.europesays.com\/fr\/wp-json\/wp\/v2\/categories?post=608408"},{"taxonomy":"post_tag","embeddable":true,"href":"https:\/\/www.europesays.com\/fr\/wp-json\/wp\/v2\/tags?post=608408"}],"curies":[{"name":"wp","href":"https:\/\/api.w.org\/{rel}","templated":true}]}}