{"id":608414,"date":"2025-12-18T23:38:15","date_gmt":"2025-12-18T23:38:15","guid":{"rendered":"https:\/\/www.europesays.com\/fr\/608414\/"},"modified":"2025-12-18T23:38:15","modified_gmt":"2025-12-18T23:38:15","slug":"des-pluies-orageuses-marquees-lherault-sera-place-en-vigilance-jaune-pluie-inondation-a-partir-de-ce-vendredi-midi","status":"publish","type":"post","link":"https:\/\/www.europesays.com\/fr\/608414\/","title":{"rendered":"\u00ab\u00a0Des pluies orageuses marqu\u00e9es\u00a0\u00bb\u00a0: l\u2019H\u00e9rault sera plac\u00e9 en vigilance jaune pluie-inondation \u00e0 partir de ce vendredi midi"},"content":{"rendered":"<p>\n                                                                Des cumuls de 80 \u00e0 100\u00a0mm sont attendus en plaine lors de cet \u00e9pisode. La pr\u00e9fecture appelle \u00e0 la prudence lors des d\u00e9placements.\n                            <\/p>\n<p>M\u00e9t\u00e9o France place le d\u00e9partement de l\u2019H\u00e9rault en vigilance jaune pluie-inondation \u00e0 partir de midi, ce vendredi 19\u00a0d\u00e9cembre.<\/p>\n<p>Prudence sur la route<\/p>\n<p>La pr\u00e9fecture fait \u00e9tat de cumuls de 80 \u00e0 100\u00a0mm attendus en plaine et appelle \u00e0 la prudence lors des d\u00e9placements et de toute activit\u00e9 pouvant exposer \u00e0 ce risque.<\/p>\n<blockquote data-class=\"twitter-tweet\">\n<p lang=\"fr\" dir=\"ltr\">\\ud83d\\udfe1 Vigilance jaune Pluie-inondation <a href=\"https:\/\/twitter.com\/meteofrance?ref_src=twsrc%5Etfw\" target=\"_blank\" rel=\"noopener\">@meteofrance<\/a> a plac\u00e9 le d\u00e9partement  de l\u2019<a href=\"https:\/\/twitter.com\/hashtag\/H%C3%A9rault?src=hash&amp;ref_src=twsrc%5Etfw\" target=\"_blank\" rel=\"noopener\">#H\u00e9rault<\/a> en vigilance jaune pluie-inondation \u00e0 compter de vendredi 19 d\u00e9cembre midi. <\/p>\n<p>Cumul attendu sur les plaines 80 \u00e0 100 mm<\/p>\n<p>\\ud83d\\udc49 Soyez prudents dans vos d\u00e9placements <a href=\"https:\/\/t.co\/FYLfKTxQyr\">pic.twitter.com\/FYLfKTxQyr<\/a><\/p>\n<p>\u2014 Pr\u00e9fet de l&rsquo;H\u00e9rault \\ud83c\\uddeb\\ud83c\\uddf7 (@Prefet34) <a href=\"https:\/\/twitter.com\/Prefet34\/status\/2001680341799776759?ref_src=twsrc%5Etfw\" target=\"_blank\" rel=\"noopener\">December 18, 2025<\/a><\/p><\/blockquote>\n<p>M\u00e9t\u00e9o Languedoc (*) \u00e9voque \u00ab\u00a0un \u00e9pisode c\u00e9venol de forte intensit\u00e9\u00a0\u00bb\u00a0avec \u00ab\u00a0des pluies orageuses marqu\u00e9es entre l\u2019Est de l\u2019H\u00e9rault et l\u2019Ouest du Gard\u00a0\u00bb.<\/p>\n<p>La moiti\u00e9 Est de l\u2019H\u00e9rault notamment concern\u00e9e<\/p>\n<p>Selon la m\u00eame source, le fleuve H\u00e9rault fera partie des cours d\u2019eau surveill\u00e9s, avec \u00ab\u00a0des cumuls cons\u00e9quents sur la plaine h\u00e9raultaise, notamment la moiti\u00e9 Est de l\u2019H\u00e9rault\u00a0\u00bb.<\/p>\n<p>(*) https:\/\/www.meteolanguedoc.com\/<\/p>\n<p>                                                                                                                                                                                                        <script async src=\"https:\/\/platform.twitter.com\/widgets.js\" charset=\"utf-8\"><\/script><\/p>\n","protected":false},"excerpt":{"rendered":"Des cumuls de 80 \u00e0 100\u00a0mm sont attendus en plaine lors de cet \u00e9pisode. La pr\u00e9fecture appelle \u00e0&hellip;\n","protected":false},"author":2,"featured_media":608415,"comment_status":"","ping_status":"","sticky":false,"template":"","format":"standard","meta":{"footnotes":""},"categories":[9599],"tags":[1111,11,1777,674,1011,27,7089,71962,2208,15882,12,2680,25],"class_list":{"0":"post-608414","1":"post","2":"type-post","3":"status-publish","4":"format-standard","5":"has-post-thumbnail","7":"category-montpellier","8":"tag-actu","9":"tag-actualites","10":"tag-eu","11":"tag-europe","12":"tag-fr","13":"tag-france","14":"tag-herault","15":"tag-intempu00e9ries","16":"tag-montpellier","17":"tag-mu00e9tu00e9o","18":"tag-news","19":"tag-occitanie","20":"tag-republique-francaise"},"share_on_mastodon":{"url":"https:\/\/pubeurope.com\/@fr\/115743208543523301","error":""},"_links":{"self":[{"href":"https:\/\/www.europesays.com\/fr\/wp-json\/wp\/v2\/posts\/608414","targetHints":{"allow":["GET"]}}],"collection":[{"href":"https:\/\/www.europesays.com\/fr\/wp-json\/wp\/v2\/posts"}],"about":[{"href":"https:\/\/www.europesays.com\/fr\/wp-json\/wp\/v2\/types\/post"}],"author":[{"embeddable":true,"href":"https:\/\/www.europesays.com\/fr\/wp-json\/wp\/v2\/users\/2"}],"replies":[{"embeddable":true,"href":"https:\/\/www.europesays.com\/fr\/wp-json\/wp\/v2\/comments?post=608414"}],"version-history":[{"count":0,"href":"https:\/\/www.europesays.com\/fr\/wp-json\/wp\/v2\/posts\/608414\/revisions"}],"wp:featuredmedia":[{"embeddable":true,"href":"https:\/\/www.europesays.com\/fr\/wp-json\/wp\/v2\/media\/608415"}],"wp:attachment":[{"href":"https:\/\/www.europesays.com\/fr\/wp-json\/wp\/v2\/media?parent=608414"}],"wp:term":[{"taxonomy":"category","embeddable":true,"href":"https:\/\/www.europesays.com\/fr\/wp-json\/wp\/v2\/categories?post=608414"},{"taxonomy":"post_tag","embeddable":true,"href":"https:\/\/www.europesays.com\/fr\/wp-json\/wp\/v2\/tags?post=608414"}],"curies":[{"name":"wp","href":"https:\/\/api.w.org\/{rel}","templated":true}]}}