{"id":608425,"date":"2025-12-18T23:46:24","date_gmt":"2025-12-18T23:46:24","guid":{"rendered":"https:\/\/www.europesays.com\/fr\/608425\/"},"modified":"2025-12-18T23:46:24","modified_gmt":"2025-12-18T23:46:24","slug":"une-piste-allechante-tombe-deja-a-leau-pour-nantes-depart-choc-en-vue-a-rennes","status":"publish","type":"post","link":"https:\/\/www.europesays.com\/fr\/608425\/","title":{"rendered":"Une piste all\u00e9chante tombe d\u00e9j\u00e0 \u00e0 l&rsquo;eau pour Nantes, d\u00e9part choc en vue \u00e0 Rennes ?"},"content":{"rendered":"<p>\u00c0 un peu moins de quinze jours de l&rsquo;ouverture du <a href=\"https:\/\/www.onzemondial.com\/transferts.html\" target=\"_blank\" rel=\"noopener\">mercato<\/a> hivernal, la <a href=\"https:\/\/www.onzemondial.com\/ligue-1\" target=\"_blank\" rel=\"noopener\">Ligue 1<\/a> commence \u00e0 s&rsquo;affoler. Les clubs se pr\u00e9parent \u00e0 se lancer dans la bataille et veulent prendre de l&rsquo;avance sur leurs concurrents. En Bretagne, Nantes s&rsquo;est visiblement tourn\u00e9 vers une piste trop ambitieuse. Un deal qui ne devrait pas se faire, alors qu&rsquo;\u00e0 Rennes, la situation d&rsquo;une recrue estivale interroge de plus en plus. Lui-m\u00eame agac\u00e9 par son manque de temps de jeu, un d\u00e9part pr\u00e9matur\u00e9 pourrait bien \u00eatre envisag\u00e9.<\/p>\n<p>Mady Camara n&rsquo;est pas int\u00e9ress\u00e9 par le FC Nantes !<\/p>\n<p>\u00c0 la recherche d&rsquo;un milieu de terrain, pour venir \u00e9toffer l&rsquo;entrejeu nantais, les dirigeants canaris ont pens\u00e9 \u00e0 l\u2019international Guin\u00e9en Mady Camara. Mais d&rsquo;apr\u00e8s les informations de Foot Mercato, ce dernier aurait m\u00eame \u00e9t\u00e9 surpris de la nouvelle. Le m\u00e9dia fran\u00e7ais souligne que le joueur n&rsquo;est absolument pas int\u00e9ress\u00e9 par un d\u00e9m\u00e9nagement vers la Beaujoire. Actuellement au PAOK Salonique en Gr\u00e8ce, il se dit pleinement concentr\u00e9 et focalis\u00e9 sur la conqu\u00eate du titre. L&rsquo;ancien joueur de la Roma ne voit aucun int\u00e9r\u00eat \u00e0 quitter sa situation pour venir jouer le maintien en <a href=\"https:\/\/www.onzemondial.com\/ligue-1\" target=\"_blank\" rel=\"noopener\">Ligue 1<\/a>. Une d\u00e9cision qui semble assez rationnelle. De plus, son club n&rsquo;est pas vendeur. Apr\u00e8s l&rsquo;avoir perdu pour blessure depuis la fin du mois d&rsquo;octobre, ils comptent bien sur l&rsquo;homme de 28 ans pour apporter un plus lors de cette deuxi\u00e8me partie de saison. Nantes va devoir chercher ailleurs&#8230;<\/p>\n<p>\u00c0 lire aussi :<\/p>\n<p>Quentin Merlin s&rsquo;agace \u00e0 Rennes !<\/p>\n<p>Du c\u00f4t\u00e9 de Rennes, une recrue estivale peine \u00e0 trouver sa place. Arriv\u00e9 en provenance de l&rsquo;<a href=\"https:\/\/www.onzemondial.com\/france\/om.html\" target=\"_blank\" rel=\"noopener\">OM<\/a> contre 13M\u20ac, o\u00f9 il \u00e9tait r\u00e9guli\u00e8rement titulaire il y a encore six mois, Quentin Merlin devait succ\u00e9der \u00e0 Adrien Truffet, qui s&rsquo;est envol\u00e9 \u00e0 Bournemouth en Angleterre. Sauf que rien ne se passe comme pr\u00e9vu le lat\u00e9ral gauche. Depuis les grands changements tactiques du coach, avec l&rsquo;introduction de son fameux 3-5-2, l&rsquo;ancien joueur de l&rsquo;<a href=\"https:\/\/www.onzemondial.com\/france\/om.html\" target=\"_blank\" rel=\"noopener\">OM<\/a> est pass\u00e9 \u00e0 la trappe. Pour cause, l&rsquo;ailier Moussa Al-Tamari remplit \u00e0 merveille son r\u00f4le de piston, et s&rsquo;est naturellement impos\u00e9 comme le n\u00b01 au poste. Lors du dernier match face \u00e0 Brest le week-end dernier, o\u00f9 il a \u00e9t\u00e9 buteur et passeur, Habib Beye n&rsquo;avait pas cach\u00e9 son admiration pour le Jordanien.\u00a0\u00ab Sa vitesse, peu de joueurs peuvent la contenir, et je pense qu\u2019il a trouv\u00e9 beaucoup de plaisir \u00e0 ce poste.\u00a0D\u00e9fensivement, il a quelques absences logiques, mais je trouve qu\u2019il d\u00e9fend bien, il aide vraiment Lilian (Brassier) sur le c\u00f4t\u00e9 gauche. \u00bb<\/p>\n<p>Une situation qui commence \u00e0 irriter le moral du nouveau venu. Toujours selon les informations de Foot Mercato, en priv\u00e9, il n&rsquo;exclue- pas un d\u00e9part d\u00e8s cet hiver, pour retrouver une place de titulaire, m\u00eame si pour l&rsquo;heure, l&rsquo;entourage penche plut\u00f4t pour la stabilit\u00e9 et la patiente. Sous contrat jusqu\u2019en juin 2029, le gaucher int\u00e9resserait notamment l&rsquo;Espagne et l&rsquo;Angleterre, qui le courtisait d\u00e9j\u00e0 cet \u00e9t\u00e9. Affaire \u00e0 suivre en Bretagne&#8230;<\/p>\n<p>   Partagez cette info avec vos amis et vos proches en cliquant ici<br \/> Pour r\u00e9sumer<\/p>\n<p>\u00c0 l\u2019approche du mercato, Nantes se heurte au refus cat\u00e9gorique de Mady Camara, pas int\u00e9ress\u00e9 par un club en lutte pour le maintien. \u00c0 Rennes, la situation de Quentin Merlin inqui\u00e8te : peu utilis\u00e9, le lat\u00e9ral n\u2019exclut plus un d\u00e9part d\u00e8s cet hiver.<\/p>\n<p>R\u00e9dacteur<\/p>\n<p><img decoding=\"async\" width=\"76\" height=\"76\" loading=\"lazy\" src=\"https:\/\/www.europesays.com\/fr\/wp-content\/uploads\/2025\/04\/avatar-onze.webp.webp\" alt=\"Antoine Champoussin\"\/><\/p>\n","protected":false},"excerpt":{"rendered":"\u00c0 un peu moins de quinze jours de l&rsquo;ouverture du mercato hivernal, la Ligue 1 commence \u00e0 s&rsquo;affoler.&hellip;\n","protected":false},"author":2,"featured_media":608426,"comment_status":"","ping_status":"","sticky":false,"template":"","format":"standard","meta":{"footnotes":""},"categories":[2821],"tags":[1111,11,829,1777,674,1011,27,66,12,584,25,10662],"class_list":{"0":"post-608425","1":"post","2":"type-post","3":"status-publish","4":"format-standard","5":"has-post-thumbnail","7":"category-rennes","8":"tag-actu","9":"tag-actualites","10":"tag-bretagne","11":"tag-eu","12":"tag-europe","13":"tag-fr","14":"tag-france","15":"tag-ligue-1","16":"tag-news","17":"tag-rennes","18":"tag-republique-francaise","19":"tag-transferts"},"share_on_mastodon":{"url":"https:\/\/pubeurope.com\/@fr\/115743240965099269","error":""},"_links":{"self":[{"href":"https:\/\/www.europesays.com\/fr\/wp-json\/wp\/v2\/posts\/608425","targetHints":{"allow":["GET"]}}],"collection":[{"href":"https:\/\/www.europesays.com\/fr\/wp-json\/wp\/v2\/posts"}],"about":[{"href":"https:\/\/www.europesays.com\/fr\/wp-json\/wp\/v2\/types\/post"}],"author":[{"embeddable":true,"href":"https:\/\/www.europesays.com\/fr\/wp-json\/wp\/v2\/users\/2"}],"replies":[{"embeddable":true,"href":"https:\/\/www.europesays.com\/fr\/wp-json\/wp\/v2\/comments?post=608425"}],"version-history":[{"count":0,"href":"https:\/\/www.europesays.com\/fr\/wp-json\/wp\/v2\/posts\/608425\/revisions"}],"wp:featuredmedia":[{"embeddable":true,"href":"https:\/\/www.europesays.com\/fr\/wp-json\/wp\/v2\/media\/608426"}],"wp:attachment":[{"href":"https:\/\/www.europesays.com\/fr\/wp-json\/wp\/v2\/media?parent=608425"}],"wp:term":[{"taxonomy":"category","embeddable":true,"href":"https:\/\/www.europesays.com\/fr\/wp-json\/wp\/v2\/categories?post=608425"},{"taxonomy":"post_tag","embeddable":true,"href":"https:\/\/www.europesays.com\/fr\/wp-json\/wp\/v2\/tags?post=608425"}],"curies":[{"name":"wp","href":"https:\/\/api.w.org\/{rel}","templated":true}]}}