{"id":608427,"date":"2025-12-18T23:47:20","date_gmt":"2025-12-18T23:47:20","guid":{"rendered":"https:\/\/www.europesays.com\/fr\/608427\/"},"modified":"2025-12-18T23:47:20","modified_gmt":"2025-12-18T23:47:20","slug":"a-strasbourg-une-plainte-pour-diffamation-ravive-les-tensions-a-gauche","status":"publish","type":"post","link":"https:\/\/www.europesays.com\/fr\/608427\/","title":{"rendered":"\u00e0 Strasbourg, une plainte pour diffamation ravive les tensions \u00e0 gauche"},"content":{"rendered":"<p><b>Ce 17 d\u00e9cembre, Florian Kobryn a annonc\u00e9 via une vid\u00e9o sur les r\u00e9seaux sociaux avoir re\u00e7u une plainte d\u00e9pos\u00e9e par les \u00c9cologistes apr\u00e8s son ralliement \u00e0 la France insoumise. Un post du candidat LFI aux municipales au timing pas anodin, puisque c\u2019\u00e9tait le jour du lancement de la campagne de Jeanne Barseghian. Le collectif des \u00e9lu(e)s \u00e9cologistes et communiste \u00e0 la CEA a d\u00e9cid\u00e9 de r\u00e9agir. Analyse d\u2019un \u00e9pisode politique.<\/b><\/p>\n<p class=\"p1\">Les divisions \u00e0 gauche ont de tr\u00e8s (tr\u00e8s) beaux jours devant elles. \u00c0 12h58 ce 17 d\u00e9cembre, Florian Kobryn a publi\u00e9 <a href=\"https:\/\/www.instagram.com\/p\/DSXRN1NiDGv\/\" target=\"_blank\" rel=\"noopener\">une vid\u00e9o sur ses r\u00e9seaux sociaux<\/a>\u00a0dans laquelle il annonce tout sourire et jovial que \u00ab\u00a0<b>les \u00c9colos (sic) ont port\u00e9 plainte contre moi pour diffamation 4 jours apr\u00e8s mon ralliement \u00e0 la France insoumise<\/b> \u00bb.<\/p>\n<p class=\"p1\">Il en profite pour revenir sur son d\u00e9part du groupe de gauche \u00e0 la CEA [un choix aboutissant \u00e0 sa disparition, ndlr] et d\u00e9nonce <b>\u00ab une proc\u00e9dure-b\u00e2illon comme toutes celles qui ont \u00e9t\u00e9 d\u00e9pos\u00e9es contre Rima Hassan, contre Sophie Binet, contre Pierre-Emmanuel Barr\u00e9 \u00bb<\/b>. Il d\u00e9plore des m\u00e9thodes qui \u00ab affaiblissent la gauche dans son ensemble, notamment face aux forces r\u00e9actionnaires \u00bb. Sauf que, \u00e0 y regarder de plus pr\u00e8s, les choses ne sont pas aussi simples.<\/p>\n<p class=\"p1\">Car en premier lieu, Florian Kobryn extrapole quelque peu sur les premi\u00e8res secondes de la vid\u00e9o : <b>ce ne sont pas les \u00c9cologistes qui ont port\u00e9 plainte contre lui, mais une \u00e9lue de son groupe de la CEA<\/b>. Ainsi, cette affaire vient davantage de ce qu\u2019il s\u2019est pass\u00e9 au sein du groupe d\u2019opposition de gauche, plut\u00f4t que d\u2019un combat pour les \u00e9lections municipales, comme le candidat de la France insoumise semble vouloir le laisser penser.<\/p>\n<p>    <img width=\"800\" height=\"600\" src=\"https:\/\/www.europesays.com\/fr\/wp-content\/uploads\/2025\/10\/img-2011-grande-800x600.jpeg\" class=\"attachment-image-size-L size-image-size-L\" alt=\"kobryn lfi\" decoding=\"async\" loading=\"lazy\"  \/>         \u00a9 Nicolas Kaspar \/ Pokaa <\/p>\n<p>C\u2019est quoi cette affaire ?<\/p>\n<p class=\"p1\">Pour rappel, en avril dernier, Florian Kobryn a quitt\u00e9 avec perte et fracas le groupe de gauche \u00e0 la CEA, actant sa disparition. Selon lui, cette plainte a \u00e9t\u00e9 d\u00e9pos\u00e9e \u00e0 cause de son ralliement \u00e0 la France insoumise. <b>Dans sa vid\u00e9o, il explique que c\u2019\u00e9tait pour \u00ab\u00a0l\u2019emp\u00eacher de porter un projet de gauche radicale\u00a0\u00bb<\/b>. Contact\u00e9 pour plus de pr\u00e9cisions, il affirme que \u00ab c\u2019est une proc\u00e9dure-b\u00e2illon engag\u00e9e contre un \u00e9lu qui fait part de d\u00e9saccords politiques, et de surcro\u00eet, qui est intervenue parce que j\u2019ai annonc\u00e9 rejoindre LFI \u00bb.<\/p>\n<p class=\"p1\">Du c\u00f4t\u00e9 du groupe Alsace \u00c9cologiste Citoyenne et Solidaire, le son de cloche est tout autre. Ayant r\u00e9agi par communiqu\u00e9 de presse dans la fin de l\u2019apr\u00e8s-midi du 17 d\u00e9cembre, le groupe affirme que \u00ab la plainte ne concerne en aucun cas le d\u00e9part politique de Florian Kobryn, qui a mis fin de facto \u00e0 l\u2019unique groupe de gauche de la CEA, <b>mais concerne des propos qu\u2019il a publi\u00e9s sur les r\u00e9seaux sociaux le 4 avril 2025, pouvant relever de qualification p\u00e9nale<\/b> \u00bb.<\/p>\n<blockquote><p>\n        Les faits reproch\u00e9s sont pr\u00e9cis, document\u00e9s et rel\u00e8vent exclusivement de la justice.    <\/p><\/blockquote>\n<p>            Le groupe Alsace \u00c9cologiste Citoyenne et Solidaire \u00e0 la CEA<\/p>\n<p class=\"p1\">Alors que s\u2019est-il pass\u00e9 ce 4 avril ? <a href=\"https:\/\/www.facebook.com\/photo.php?fbid=9458721030873295&amp;set=pb.100002064770488.-2207520000&amp;type=3\" target=\"_blank\" rel=\"noopener\">Dans son post sur les r\u00e9seaux<\/a>, Florian Kobryn d\u00e9nonce son exclusion du groupe et \u00ab des insultes r\u00e9p\u00e9t\u00e9es telles que : \u2018Florian ferme juste ta gueule\u2019, \u2018triste personnage\u2019, \u2018path\u00e9tique\u2019, sans parler des nombreux mensonges r\u00e9pandus directement dans la presse \u00bb. <b>Par ailleurs, il accuse Ludivine Quintallet, la pr\u00e9sidente de groupe, de \u00ab comportement manipulateur, de mises en porte-\u00e0-faux, d\u2019injonctions contradictoires, d\u2019absence de coordination et d\u2019orientation \u00bb.<\/b> Des \u00ab techniques de management toxique \u00bb, selon l\u2019\u00e9lu.<\/p>\n<p class=\"p1\">Des propos que le groupe Alsace \u00c9cologiste Citoyenne et Solidaire qualifie de \u00ab\u00a0calomnieux\u00a0\u00bb et de \u00ab\u00a0graves\u00a0\u00bb, ajoutant : \u00ab\u00a0Nous appelons d\u00e9sormais Florian Kobryn, mis en examen, \u00e0 cesser toute communication publique sur une affaire en cours <b>et \u00e0 ne pas ajouter de nouvelles diffamations aux faits dont il devra r\u00e9pondre devant la justice<\/b>.\u00a0\u00bb Ambiance.<\/p>\n<p>    <img width=\"800\" height=\"600\" src=\"https:\/\/www.europesays.com\/fr\/wp-content\/uploads\/2025\/12\/cea-alsace.jpg\" class=\"attachment-image-size-L size-image-size-L\" alt=\"Cea alsace\" decoding=\"async\" loading=\"lazy\"  \/>         \u00a9 Coraline Lafon \/ Pokaa <\/p>\n<p>Pourquoi \u00e7a sort maintenant ?<\/p>\n<p class=\"p1\">Selon le groupe Alsace \u00c9cologiste Citoyenne et Solidaire, la plainte a \u00e9t\u00e9 d\u00e9pos\u00e9e avant l\u2019\u00e9t\u00e9. Alors pourquoi ressort-elle maintenant, en pleine campagne des municipales ? Attention, la r\u00e9ponse peut se trouver dans la question. Pour le groupe en tous les cas, le constat est glacial : <b>\u00ab\u00a0Le choix de Florian Kobryn de m\u00e9diatiser cette affaire en se pr\u00e9sentant une nouvelle fois comme une victime rel\u00e8ve de sa seule responsabilit\u00e9.\u00a0\u00bb<\/b><\/p>\n<p class=\"p1\">Quant \u00e0 l\u2019entourage de Jeanne Barseghian, le timing ne laisse pas de place au doute : \u00ab\u00a0Le fait de la sortir en plein pendant la conf\u00e9rence de presse de Jeanne Barseghian est forc\u00e9ment calcul\u00e9.\u00a0\u00bb <b>Car ce 17 d\u00e9cembre se tenait le lancement de la campagne de la maire de Strasbourg ; et si \u00e0 12h58, la conf\u00e9rence de presse \u00e9tait termin\u00e9e depuis une heure, le timing interroge<\/b>. Strat\u00e9giquement, cela occupe le terrain et parasite le relais presse du d\u00e9but de campagne de la maire, qui est devant le candidat insoumis dans les sondages.<\/p>\n<p>                <a href=\"https:\/\/pokaa.fr\/2025\/12\/10\/municipales-2026-un-nouveau-sondage-place-trautmann-largement-en-tete-a-strasbourg\/\" target=\"_blank\" rel=\"noopener\"><br \/>\n                    <img width=\"450\" height=\"270\" src=\"https:\/\/www.europesays.com\/fr\/wp-content\/uploads\/2025\/12\/b4-450x270.jpg\" class=\"attachment-card-horizontal--same-subject size-card-horizontal--same-subject wp-post-image\" alt=\"\" decoding=\"async\" loading=\"lazy\"\/>                <\/a><\/p>\n<blockquote><p>\n        Nous souhaitons une gauche de rupture forte et rassembl\u00e9e, mais nous ne pouvons que constater et d\u00e9plorer les attaques que nous subissons par celles et ceux qui pr\u00e9tendent rechercher l\u2019union.    <\/p><\/blockquote>\n<p>            Florian Kobryn, candidat LFI aux municipales \u00e0 Strasbourg<\/p>\n<p class=\"p1\">Pour Florian Kobryn en revanche, rien de tout \u00e7a : \u00ab\u00a0J\u2019ai re\u00e7u la confirmation d\u00e9finitive de la plainte le 28 novembre.<b> Et j\u2019avais besoin du conseil d\u2019un avocat d\u2019o\u00f9 l\u2019annonce ce jour<\/b>.\u00a0\u00bb <\/p>\n<p class=\"p1\">Quant au choix de parler publiquement d\u2019une d\u00e9cision de justice, le candidat se justifie : \u00ab\u00a0\u00c7a me parait important d\u2019en informer les \u00e9lecteurs et les \u00e9lectrices : nous ne sommes pas des facteurs de d\u00e9sunion ; <b>nous souhaitons une gauche de rupture forte et rassembl\u00e9e, mais nous ne pouvons que constater et d\u00e9plorer les attaques que nous subissons par celles et ceux qui pr\u00e9tendent rechercher l\u2019union<\/b>.\u00a0\u00bb Chacun(e) sera libre d\u2019en juger.<\/p>\n<p>Temp\u00eate dans un verre d\u2019eau ?<\/p>\n<p class=\"p1\">Cette mini-affaire ne sera sans doute pas la derni\u00e8re de cette campagne des municipales qui va \u00eatre \u00e9reintante. <b>Par cette \u00ab\u00a0municipalisation\u00a0\u00bb d\u2019une affaire relevant pourtant de la CEA, Florian Kobryn se pose comme premier adversaire frontal des \u00c9cologistes<\/b>. On peut interroger le bien-fond\u00e9 de la chose, mais on est dans une campagne \u00e9lectorale et, apparemment, tous les coups sont permis.<\/p>\n<p class=\"p1\">Du c\u00f4t\u00e9 des \u00c9cologistes, ces derniers ne sont pas en reste au niveau des critiques de LFI, <b>puisqu\u2019ils ne se privent pas d\u2019attaquer leurs mesures, notamment sur le march\u00e9 de No\u00ebl, ou leur combat contre la ZFE<\/b>. Dans les deux cas, et d\u2019une mani\u00e8re diff\u00e9rente, chacun tente de se positionner aux yeux des \u00e9lecteurs\/rices comme la vraie force de gauche.<\/p>\n<p>                <img width=\"375\" height=\"500\" src=\"https:\/\/www.europesays.com\/fr\/wp-content\/uploads\/2025\/10\/img-2008-grande-375x500.jpeg\" class=\"attachment-gallery size-gallery\" alt=\"kobryn lfi\" data-full-url=\"https:\/\/pokaa.fr\/wp-content\/uploads\/2025\/10\/22\/img-2008-grande.jpeg\" decoding=\"async\" loading=\"lazy\"  \/>            <\/p>\n<p>                <img width=\"750\" height=\"500\" src=\"https:\/\/www.europesays.com\/fr\/wp-content\/uploads\/2025\/09\/dsc02340-750x500.jpg\" class=\"attachment-gallery size-gallery\" alt=\"Jeanne Barseghian\" data-full-url=\"https:\/\/pokaa.fr\/wp-content\/uploads\/2025\/09\/15\/dsc02340.jpg\" decoding=\"async\" loading=\"lazy\"  \/>            <\/p>\n<p>                    1. \u00a9 Nicolas Kaspar \/ Pokaa ; 2. \u00a9 Anthony Jilli \/ Pokaa<\/p>\n<p class=\"p1\">Attention cependant \u00e0 ne pas pousser ces combats trop loin non plus. <b>Car aujourd\u2019hui, il para\u00eet difficile d\u2019envisager qu\u2019une de ces deux forces politiques puisse gagner seule au second tour en la pr\u00e9sence de l\u2019autre<\/b>. Ainsi, quelle l\u00e9gitimit\u00e9 dans les discours et dans l\u2019action aux yeux des \u00e9lecteurs\/rices de gauche pour une alliance \u00e9ventuelle, alors qu\u2019elles auront pass\u00e9 du temps \u00e0 se taper dessus ? En attendant, les autres forces politiques doivent s\u2019en frotter les mains.<\/p>\n<p class=\"p1\"><b>Une question qu\u2019il faudra garder en t\u00eate, entre le 15 et le 22 mars, car il para\u00eet hautement improbable que les conflits s\u2019arr\u00eatent l\u00e0<\/b>.<\/p>\n<p><script async src=\"\/\/www.instagram.com\/embed.js\"><\/script><\/p>\n","protected":false},"excerpt":{"rendered":"Ce 17 d\u00e9cembre, Florian Kobryn a annonc\u00e9 via une vid\u00e9o sur les r\u00e9seaux sociaux avoir re\u00e7u une plainte&hellip;\n","protected":false},"author":2,"featured_media":608428,"comment_status":"","ping_status":"","sticky":false,"template":"","format":"standard","meta":{"footnotes":""},"categories":[2820],"tags":[1111,11,1777,674,3678,1011,27,775,3539,780,3434,12,316,25,640],"class_list":{"0":"post-608427","1":"post","2":"type-post","3":"status-publish","4":"format-standard","5":"has-post-thumbnail","7":"category-strasbourg","8":"tag-actu","9":"tag-actualites","10":"tag-eu","11":"tag-europe","12":"tag-florian-kobryn","13":"tag-fr","14":"tag-france","15":"tag-grand-est","16":"tag-les-ecologistes","17":"tag-lfi","18":"tag-municipales-2026","19":"tag-news","20":"tag-politique","21":"tag-republique-francaise","22":"tag-strasbourg"},"share_on_mastodon":{"url":"https:\/\/pubeurope.com\/@fr\/115743244690905325","error":""},"_links":{"self":[{"href":"https:\/\/www.europesays.com\/fr\/wp-json\/wp\/v2\/posts\/608427","targetHints":{"allow":["GET"]}}],"collection":[{"href":"https:\/\/www.europesays.com\/fr\/wp-json\/wp\/v2\/posts"}],"about":[{"href":"https:\/\/www.europesays.com\/fr\/wp-json\/wp\/v2\/types\/post"}],"author":[{"embeddable":true,"href":"https:\/\/www.europesays.com\/fr\/wp-json\/wp\/v2\/users\/2"}],"replies":[{"embeddable":true,"href":"https:\/\/www.europesays.com\/fr\/wp-json\/wp\/v2\/comments?post=608427"}],"version-history":[{"count":0,"href":"https:\/\/www.europesays.com\/fr\/wp-json\/wp\/v2\/posts\/608427\/revisions"}],"wp:featuredmedia":[{"embeddable":true,"href":"https:\/\/www.europesays.com\/fr\/wp-json\/wp\/v2\/media\/608428"}],"wp:attachment":[{"href":"https:\/\/www.europesays.com\/fr\/wp-json\/wp\/v2\/media?parent=608427"}],"wp:term":[{"taxonomy":"category","embeddable":true,"href":"https:\/\/www.europesays.com\/fr\/wp-json\/wp\/v2\/categories?post=608427"},{"taxonomy":"post_tag","embeddable":true,"href":"https:\/\/www.europesays.com\/fr\/wp-json\/wp\/v2\/tags?post=608427"}],"curies":[{"name":"wp","href":"https:\/\/api.w.org\/{rel}","templated":true}]}}