{"id":608433,"date":"2025-12-18T23:50:17","date_gmt":"2025-12-18T23:50:17","guid":{"rendered":"https:\/\/www.europesays.com\/fr\/608433\/"},"modified":"2025-12-18T23:50:17","modified_gmt":"2025-12-18T23:50:17","slug":"des-fouilles-pour-lever-le-mystere-du-crash-de-la-caravelle-ajaccio-nice-en-1968-liberation","status":"publish","type":"post","link":"https:\/\/www.europesays.com\/fr\/608433\/","title":{"rendered":"des fouilles pour lever le myst\u00e8re du crash de la Caravelle Ajaccio-Nice en 1968 \u2013 Lib\u00e9ration"},"content":{"rendered":"<p class=\"sc-cPiKLX AiZTS text-element\">Jusqu\u2019alors, la Caravelle Ajaccio-Nice survolait la mer \u00e0 son rythme de croisi\u00e8re. Ce 11 septembre 1968 au matin, les 95 passagers et membres d\u2019\u00e9quipage du vol AF1611 commencent \u00e0 apercevoir le littoral d\u2019une C\u00f4te d\u2019Azur qui s\u2019\u00e9veille baign\u00e9e de soleil. Il faut rattacher sa ceinture de s\u00e9curit\u00e9 et relever son cache-hublot : l\u2019appareil entame son approche vers l\u2019a\u00e9roport de Nice. L\u2019avion n\u2019arrivera jamais \u00e0 destination. C\u2019est pr\u00e9cis\u00e9ment l\u00e0 o\u00f9 il a plong\u00e9 dans la M\u00e9diterran\u00e9e, \u00e0 10 kilom\u00e8tres du cap d\u2019Antibes et \u00e0 2 300 m\u00e8tres sous la surface, que des op\u00e9rations de recherche de l\u2019\u00e9pave, de photographie et de rep\u00eachage, ont \u00e9t\u00e9 men\u00e9es avec succ\u00e8s des 11 au 13 octobre derniers, durant une trentaine d\u2019heures.<b> <\/b>\u00abDe nombreuses pi\u00e8ces de la carlingue de l\u2019avion ont \u00e9t\u00e9 identifi\u00e9es, [\u2026] la queue de l\u2019avion et ses r\u00e9acteurs\u00bb, r\u00e9v\u00e8lent, mercredi 17 d\u00e9cembre dans un communiqu\u00e9, les avocats des parties civiles. Des d\u00e9couvertes confirm\u00e9es \u00e0 Lib\u00e9ration par le procureur de la R\u00e9publique de Nice.<\/p>\n<p class=\"sc-cPiKLX AiZTS text-element\"><a href=\"https:\/\/www.liberation.fr\/france\/2018\/09\/10\/vol-ajaccio-nice-cinquante-ans-apres-l-ombre-d-un-doute_1677822\/\" target=\"_blank\" rel=\"noopener\" title=\"https:\/\/www.liberation.fr\/france\/2018\/09\/10\/vol-ajaccio-nice-cinquante-ans-apres-l-ombre-d-un-doute_1677822\/\">Plus de 57 ans apr\u00e8s le crash de la Caravelle<\/a>, l\u2019enqu\u00eate est relanc\u00e9e. La piste, inlassablement repouss\u00e9e par les autorit\u00e9s, d\u2019un missile militaire qui aurait touch\u00e9 le r\u00e9acteur par erreur, est s\u00e9rieusement envisag\u00e9e. <\/p>\n","protected":false},"excerpt":{"rendered":"Jusqu\u2019alors, la Caravelle Ajaccio-Nice survolait la mer \u00e0 son rythme de croisi\u00e8re. Ce 11 septembre 1968 au matin,&hellip;\n","protected":false},"author":2,"featured_media":608434,"comment_status":"","ping_status":"","sticky":false,"template":"","format":"standard","meta":{"footnotes":""},"categories":[2819],"tags":[1111,11,2517,1777,674,1011,27,12,2401,882,25],"class_list":{"0":"post-608433","1":"post","2":"type-post","3":"status-publish","4":"format-standard","5":"has-post-thumbnail","7":"category-nice","8":"tag-actu","9":"tag-actualites","10":"tag-corse","11":"tag-eu","12":"tag-europe","13":"tag-fr","14":"tag-france","15":"tag-news","16":"tag-nice","17":"tag-provence-alpes-cote-dazur","18":"tag-republique-francaise"},"share_on_mastodon":{"url":"https:\/\/pubeurope.com\/@fr\/115743255629367571","error":""},"_links":{"self":[{"href":"https:\/\/www.europesays.com\/fr\/wp-json\/wp\/v2\/posts\/608433","targetHints":{"allow":["GET"]}}],"collection":[{"href":"https:\/\/www.europesays.com\/fr\/wp-json\/wp\/v2\/posts"}],"about":[{"href":"https:\/\/www.europesays.com\/fr\/wp-json\/wp\/v2\/types\/post"}],"author":[{"embeddable":true,"href":"https:\/\/www.europesays.com\/fr\/wp-json\/wp\/v2\/users\/2"}],"replies":[{"embeddable":true,"href":"https:\/\/www.europesays.com\/fr\/wp-json\/wp\/v2\/comments?post=608433"}],"version-history":[{"count":0,"href":"https:\/\/www.europesays.com\/fr\/wp-json\/wp\/v2\/posts\/608433\/revisions"}],"wp:featuredmedia":[{"embeddable":true,"href":"https:\/\/www.europesays.com\/fr\/wp-json\/wp\/v2\/media\/608434"}],"wp:attachment":[{"href":"https:\/\/www.europesays.com\/fr\/wp-json\/wp\/v2\/media?parent=608433"}],"wp:term":[{"taxonomy":"category","embeddable":true,"href":"https:\/\/www.europesays.com\/fr\/wp-json\/wp\/v2\/categories?post=608433"},{"taxonomy":"post_tag","embeddable":true,"href":"https:\/\/www.europesays.com\/fr\/wp-json\/wp\/v2\/tags?post=608433"}],"curies":[{"name":"wp","href":"https:\/\/api.w.org\/{rel}","templated":true}]}}