{"id":608452,"date":"2025-12-19T00:01:16","date_gmt":"2025-12-19T00:01:16","guid":{"rendered":"https:\/\/www.europesays.com\/fr\/608452\/"},"modified":"2025-12-19T00:01:16","modified_gmt":"2025-12-19T00:01:16","slug":"le-detrousseur-du-cimetiere-saint-pierre-a-marseille-derriere-les-barreaux","status":"publish","type":"post","link":"https:\/\/www.europesays.com\/fr\/608452\/","title":{"rendered":"Le d\u00e9trousseur du cimeti\u00e8re Saint-Pierre \u00e0 Marseille derri\u00e8re les barreaux"},"content":{"rendered":"<p>Jamais le m\u00eame jour, jamais \u00e0 la m\u00eame heure, \u00a0\u00bb\u00a0car je sais que des personnes ont \u00e9t\u00e9 ennuy\u00e9es notamment les dames qui nourrissent les chats \u00ab\u00a0, mais au moins une fois par semaine et toujours avec une petite bombe anti-agression dans la poche, \u00c9lise (1) vient visiter ses disparus qui reposent au <a href=\"https:\/\/www.laprovence.com\/article\/region\/9062764941632214\/de-saint-charles-a-saint-pierre-l-histoire-du-plus-grand-cimetiere-de-marseille\" target=\"_blank\" rel=\"noopener\">cimeti\u00e8re Saint-Pierre<\/a>.<\/p>\n<p>Mais ce dimanche matin de d\u00e9cembre, lorsqu\u2019elle a vu un individu sauter d\u2019une seule enjamb\u00e9e plusieurs <a href=\"https:\/\/www.laprovence.com\/article\/faits-divers-justice\/12132598644773\/marseille-venue-se-recueillir-sur-la-tombe-de-sa-fille-une-quinquagenaire-fait-une-chute-mortelle-dans-un-caveau\" target=\"_blank\" rel=\"noopener\">tombeaux<\/a> pour se ruer vers elle, la septuag\u00e9naire n\u2019a pas eu le temps d\u2019utiliser son a\u00e9rosol de d\u00e9fense. \u00a0\u00bb Il m\u2019a vu le sortir de ma poche et me l\u2019a pris des mains \u00ab\u00a0. Jet\u00e9e au sol alors qu\u2019elle s\u2019appr\u00eatait \u00e0 arroser les plantes qui fleurissent la tombe de son grand-p\u00e8re, \u00c9lise n\u2019a pas pu voir le visage de son agresseur &#8211; dissimul\u00e9 par un cache-nez &#8211; tandis qu\u2019il lui arrachait sa cha\u00eene en <a href=\"https:\/\/www.laprovence.com\/article\/economie\/51662165101936\/or-je-pensais-en-tirer-100-euros-jen-ai-touche-plus-de-800-pourquoi-ils-revendent-leurs-bijoux-en-provence\" target=\"_blank\" rel=\"noopener\">or <\/a>et la chevali\u00e8re qui n\u2019avait pas quitt\u00e9 son annulaire depuis sa communion solennelle il y a pr\u00e8s de 60\u00a0ans.<\/p>\n<p><strong>\u00ab\u00a0Par piti\u00e9, pas le t\u00e9l\u00e9phone portable, il contient les photos de mon mari d\u00e9c\u00e9d\u00e9\u00a0! \u00ab\u00a0.<\/strong><\/p>\n<p>Mais elle se souvient parfaitement de la supplique qu\u2019elle lui a adress\u00e9e lorsqu\u2019il a fourrag\u00e9 dans son sac \u00e0 dos\u00a0: \u00a0\u00bb Par piti\u00e9, pas le <a href=\"https:\/\/www.laprovence.com\/article\/faits-divers-justice\/9032689967191414\/une-femme-rouee-de-coups-pour-son-iphone-a-marseille-son-agresseur-retrouve-grace-a-la-sonnerie-du-telephone\" target=\"_blank\" rel=\"noopener\">t\u00e9l\u00e9phone portable<\/a>, il contient les photos de mon mari d&#8230;<\/p>\n","protected":false},"excerpt":{"rendered":"Jamais le m\u00eame jour, jamais \u00e0 la m\u00eame heure, \u00a0\u00bb\u00a0car je sais que des personnes ont \u00e9t\u00e9 ennuy\u00e9es&hellip;\n","protected":false},"author":2,"featured_media":608453,"comment_status":"","ping_status":"","sticky":false,"template":"","format":"standard","meta":{"footnotes":""},"categories":[2814],"tags":[17,1111,11,71965,6313,37779,71964,1777,674,274,1011,27,151,884,12,882,25,29403],"class_list":{"0":"post-608452","1":"post","2":"type-post","3":"status-publish","4":"format-standard","5":"has-post-thumbnail","7":"category-marseille","8":"tag-17","9":"tag-actu","10":"tag-actualites","11":"tag-barreaux","12":"tag-cimetiere","13":"tag-derriere","14":"tag-detrousseur","15":"tag-eu","16":"tag-europe","17":"tag-faits-divers-justice","18":"tag-fr","19":"tag-france","20":"tag-les","21":"tag-marseille","22":"tag-news","23":"tag-provence-alpes-cote-dazur","24":"tag-republique-francaise","25":"tag-saint-pierre"},"share_on_mastodon":{"url":"https:\/\/pubeurope.com\/@fr\/115743299256039860","error":""},"_links":{"self":[{"href":"https:\/\/www.europesays.com\/fr\/wp-json\/wp\/v2\/posts\/608452","targetHints":{"allow":["GET"]}}],"collection":[{"href":"https:\/\/www.europesays.com\/fr\/wp-json\/wp\/v2\/posts"}],"about":[{"href":"https:\/\/www.europesays.com\/fr\/wp-json\/wp\/v2\/types\/post"}],"author":[{"embeddable":true,"href":"https:\/\/www.europesays.com\/fr\/wp-json\/wp\/v2\/users\/2"}],"replies":[{"embeddable":true,"href":"https:\/\/www.europesays.com\/fr\/wp-json\/wp\/v2\/comments?post=608452"}],"version-history":[{"count":0,"href":"https:\/\/www.europesays.com\/fr\/wp-json\/wp\/v2\/posts\/608452\/revisions"}],"wp:featuredmedia":[{"embeddable":true,"href":"https:\/\/www.europesays.com\/fr\/wp-json\/wp\/v2\/media\/608453"}],"wp:attachment":[{"href":"https:\/\/www.europesays.com\/fr\/wp-json\/wp\/v2\/media?parent=608452"}],"wp:term":[{"taxonomy":"category","embeddable":true,"href":"https:\/\/www.europesays.com\/fr\/wp-json\/wp\/v2\/categories?post=608452"},{"taxonomy":"post_tag","embeddable":true,"href":"https:\/\/www.europesays.com\/fr\/wp-json\/wp\/v2\/tags?post=608452"}],"curies":[{"name":"wp","href":"https:\/\/api.w.org\/{rel}","templated":true}]}}