{"id":608454,"date":"2025-12-19T00:02:10","date_gmt":"2025-12-19T00:02:10","guid":{"rendered":"https:\/\/www.europesays.com\/fr\/608454\/"},"modified":"2025-12-19T00:02:10","modified_gmt":"2025-12-19T00:02:10","slug":"lyon-gregory-doucet-et-bruno-bernard-cachent-leurs-depenses-sans-reelle-explication","status":"publish","type":"post","link":"https:\/\/www.europesays.com\/fr\/608454\/","title":{"rendered":"Lyon. Gr\u00e9gory Doucet et Bruno Bernard cachent leurs d\u00e9penses sans r\u00e9elle explication"},"content":{"rendered":"<p>                    Par<br \/>\n        <strong><br \/>\n            <a href=\"https:\/\/actu.fr\/auteur\/julien-damboise\" title=\"Consulter tous les articles de Julien Damboise\" target=\"_blank\" rel=\"noopener\">Julien Damboise<\/a><br \/>\n                    <\/strong><\/p>\n<p>        Publi\u00e9 le<\/p>\n<p>            18 d\u00e9c. 2025 \u00e0 18h33        <\/p>\n<p><strong>INFO ACTU LYON<\/strong>. La transparence, mais pas trop non plus. <a href=\"https:\/\/actu.fr\/tag\/bruno-bernard\" target=\"_blank\" rel=\"noopener\">Bruno Bernard<\/a>, pr\u00e9sident de la M\u00e9tropole, et <a href=\"https:\/\/actu.fr\/tag\/gregory-doucet\" target=\"_blank\" rel=\"noopener\">Gr\u00e9gory Doucet<\/a>, maire de <a href=\"https:\/\/actu.fr\/auvergne-rhone-alpes\/lyon_69123\" target=\"_blank\" rel=\"noopener\">Lyon<\/a>, <strong>refusent de d\u00e9voiler l\u2019int\u00e9gralit\u00e9 de leurs d\u00e9penses de transport, de restauration et d\u2019h\u00e9bergement<\/strong>, malgr\u00e9 de multiples demandes citoyennes et celles d\u2019actu Lyon en cette fin d\u2019ann\u00e9e 2025. Les \u00e9cologistes se d\u00e9fendent de fa\u00e7on surprenante.<\/p>\n<p>Des d\u00e9penses tr\u00e8s recherch\u00e9es<\/p>\n<p class=\" wall-content\">La pol\u00e9mique enfle depuis plusieurs mois, et m\u00eame plusieurs ann\u00e9es. Des citoyens r\u00e9clament, comme le droit le permet, la communication de l\u2019ensemble des d\u00e9penses des principaux \u00e9lus \u00e0 <a href=\"https:\/\/actu.fr\/lyon\/\" target=\"_blank\" rel=\"noopener\">Lyon<\/a> pour avoir une vision globale de leurs frais d\u2019h\u00e9bergement, de d\u00e9placement ou de restauration.<\/p>\n<p class=\" wall-content\">Sur la plateforme <a href=\"https:\/\/madada.fr\/\" target=\"_blank\" rel=\"noopener\">Ma Dada<\/a>, qui doit permettre l\u2019acc\u00e8s aux documents produits par les \u00e9lus dans le cadre de leur mission de service public, les demandes se sont encha\u00een\u00e9es.<\/p>\n<p>Des demandes \u00e0 la pelle<\/p>\n<p class=\" wall-content\">D\u00e8s mars 2023, la Ville de Lyon a \u00e9t\u00e9 l\u2019objet de <strong>demandes de citoyens<\/strong> qui souhaitaient conna\u00eetre le d\u00e9tail des notes de frais de Gr\u00e9gory Doucet. Une <a href=\"https:\/\/madada.fr\/request\/notes_de_frais_maire_3#outgoing-45654\" target=\"_blank\" rel=\"noopener\">premi\u00e8re demande<\/a> a termin\u00e9 en \u00ab\u00a0refus implicite\u00a0\u00bb selon Ma Dada, alors qu\u2019un certain David Roche, directeur de la Coordination Institutionnelle \u00e0 la Ville de Lyon, promettait un retour \u00ab\u00a0dans les meilleurs d\u00e9lais\u00a0\u00bb. La personne \u00e0 l\u2019initiative avait assur\u00e9 avoir saisi la Commission d\u2019acc\u00e8s aux documents administratifs (CADA).<\/p>\n<p class=\" wall-content\">Une <a href=\"https:\/\/madada.fr\/request\/notes_de_frais_maire_73\" target=\"_blank\" rel=\"noopener\">nouvelle requ\u00eate<\/a> est envoy\u00e9e en juin de la m\u00eame ann\u00e9e, sans aucune r\u00e9ponse cette fois malgr\u00e9 ce rappel \u00e0 destination de l\u2019\u00e9dile : \u00ab\u00a0Le Conseil d\u2019\u00c9tat assurant que ces documents constituent des documents administratifs, communicables \u00e0 toute personne qui en fait la demande.\u00a0\u00bb<\/p>\n<p class=\" wall-content\">En juin 2024, nouvelle salve avec une demande de Guillaume Leroy, pr\u00e9sident de l\u2019association Transparence Citoyenne, avec au bout un <a href=\"https:\/\/madada.fr\/request\/demande_de_communication_des_not_568\" target=\"_blank\" rel=\"noopener\">refus et la saisie de la CADA<\/a>.<\/p>\n<p class=\" wall-content\">Il faut en fait attendre le 25 ao\u00fbt 2025, \u00e0 la suite d\u2019une <a href=\"https:\/\/madada.fr\/request\/note_de_frais_realisee_par_le_ma#incoming-11863\" target=\"_blank\" rel=\"noopener\">sollicitation datant d\u2019avril 2025<\/a>, pour avoir les premiers retours de notes de frais de la Ville, \u00ab\u00a0dans un souci de transparence et de bonne gestion des fonds publics\u00a0\u00bb.<\/p>\n<p>Votre r\u00e9gion, votre actu !<\/p>\n<p>Recevez chaque jour les infos qui comptent pour vous.<\/p>\n<p>\t<a href=\"https:\/\/actu.fr\/newsletter\" class=\"ac-btn ac-btn--corner ac-btn--medium ac-btn--blue800\" target=\"_blank\" rel=\"noopener\">S&rsquo;incrire<\/a><\/p>\n<p class=\" wall-content\">Dans un dossier, on d\u00e9couvrait alors le d\u00e9tail des <strong>frais de repr\u00e9sentation<\/strong> d\u2019un maire peu d\u00e9pensier.<\/p>\n<p>Gr\u00e9gory Doucet forc\u00e9 de publier ses frais de repr\u00e9sentation<\/p>\n<p class=\" wall-content\">Depuis cet \u00e9t\u00e9 2025, les frais de repr\u00e9sentation de Gr\u00e9gory Doucet sont consultables sur la plateforme publique Ma Dada, apr\u00e8s une saisine de la CADA.<\/p>\n<p class=\" wall-content\">Sur la p\u00e9riode 2020-2025, le maire n\u2019a utilis\u00e9 que <strong>4 081,71 euros sur les 18 000 euros<\/strong> possibles, avec une ann\u00e9e 2024 plus d\u00e9pensi\u00e8re mais toujours en de\u00e7\u00e0 des plafonds autoris\u00e9s. On retrouvait des achats de costumes ou des d\u00e9placements ponctuels \u00e0 Paris avec des nuits dans des h\u00f4tels modestes.<\/p>\n<p class=\" wall-content\">Mais ces publications restent partielles. <strong>D\u2019autres frais ne figurent pas<\/strong> dans les \u00e9l\u00e9ments transmis, car ils ne rel\u00e8vent pas de l\u2019enveloppe sp\u00e9cifique accord\u00e9e aux \u00e9lus. Il s\u2019agit uniquement de d\u00e9penses avanc\u00e9es par Gr\u00e9gory Doucet puis rembours\u00e9es au maire par la municipalit\u00e9. Sur les autres d\u00e9penses, ni la Ville ni la M\u00e9tropole n\u2019entendent enti\u00e8rement \u00eatre transparentes.<\/p>\n<p>La transparence incompl\u00e8te de la M\u00e9tropole de Lyon<\/p>\n<p class=\" wall-content\">A noter que Bruno Bernard ne b\u00e9n\u00e9ficie pas de frais de repr\u00e9sentation. Mais la collectivit\u00e9 ne communique donc pas les co\u00fbts globaux de ses repas ou encore d\u00e9placements.<\/p>\n<p class=\" wall-content\">Le 31 juillet 2025, la M\u00e9tropole <a href=\"https:\/\/madada.fr\/request\/demande_de_communication_des_not_1069#incoming-12440\" target=\"_blank\" rel=\"noopener\">r\u00e9pond \u00e0 l\u2019Association Transparence Citoyenne sur le site Ma Dada<\/a> en communiquant des \u00ab\u00a0frais de d\u00e9placement\u00a0\u00bb via un lien\u2026 qui ne m\u00e8ne nulle part. Elle indiquait aussi qu\u2019elle \u00ab\u00a0va proc\u00e9der \u00e0 la communication des notes de frais de restauration\u00a0\u00bb en demandant un d\u00e9lai en raison de l\u2019\u00e9t\u00e9. Depuis, <strong>c\u2019est silence radio.<\/strong><\/p>\n<p>Le D\u00e9partement forc\u00e9 par la CADA<\/p>\n<p>En mai 2023, une demande de diffusion des notes de frais a \u00e9t\u00e9 envoy\u00e9e au Conseil d\u00e9partemental du Rh\u00f4ne, avec au bout un \u00ab\u00a0refus implicite\u00a0\u00bb de la collectivit\u00e9 dirig\u00e9e par Christophe Guilloteau, puis la saisie de la CADA. Le D\u00e9partement a finalement publi\u00e9 les frais de repr\u00e9sentation de l&rsquo;\u00e9lu, du moins ceux entre juillet 2021 et fin 2023. Parmi eux, des trajets en train et quelques billets d&rsquo;avion, des nuits d&rsquo;h\u00f4tel, tous d\u00e9taill\u00e9s dans des tableaux. Concernant les restaurants, on apprend que Christophe Guilloteau a ses habitudes dans certains \u00e9tablissements connus de la capitale des Gaules, comme la pizzeria l&rsquo;Ost\u00e9ria ou le Caf\u00e9 Terroir.<\/p>\n<p>La curieuse d\u00e9fense des \u00e9cologistes<\/p>\n<p class=\" wall-content\">Les cabinets du maire de Lyon et du pr\u00e9sident de la M\u00e9tropole, contact\u00e9s et relanc\u00e9s plusieurs fois par actu Lyon depuis des semaines, ont trouv\u00e9 un <strong>axe de d\u00e9fense bien curieux<\/strong> pour \u00e9viter de d\u00e9tailler l\u2019ensemble des d\u00e9penses de Gr\u00e9gory Doucet ou de Bruno Bernard.<\/p>\n<p class=\" wall-content\">Les \u00e9cologistes refusent de fournir les informations \u00e0 notre r\u00e9daction. Ils acceptent uniquement <strong>si la R\u00e9gion Auvergne-Rh\u00f4ne-Alpes le fait \u00e9galement<\/strong>. Dans l\u2019entourage du pr\u00e9sident du Grand Lyon, on nous assure m\u00eame que \u00ab\u00a0tout est pr\u00eat\u00a0\u00bb mais qu\u2019il est hors de question de les communiquer si la R\u00e9gion \u00ab\u00a0ne joue pas le jeu\u00a0\u00bb.<\/p>\n<p class=\" wall-content\">Une posture totalement assum\u00e9e, y compris par les soutiens du maire \u00e0 gauche, comme la d\u00e9put\u00e9e PS du Rh\u00f4ne Sandrine Runel.<\/p>\n<blockquote class=\"ac-article-quote wall-content\">\n<p>La difficult\u00e9, c&rsquo;est de se dire \u00ab\u00a0nous allons jouer le jeu\u00a0\u00bb, en faisant les bons \u00e9l\u00e8ves, et qu&rsquo;apr\u00e8s il y ait mati\u00e8re \u00e0 critiquer et que les autres qui n&rsquo;ont pas du tout \u00e9t\u00e9 transparents se permettent de taper. Je pense qu&rsquo;il faut r\u00e9former tout \u00e7a et l&rsquo;imposer.<\/p>\n<p>    <strong>Sandrine Runel \u00e0 actu Lyon<\/strong><br \/>\n        D\u00e9put\u00e9e du Rh\u00f4ne    <\/p><\/blockquote>\n<p>Une contradiction avec leurs principes<\/p>\n<p class=\" wall-content\"><a href=\"https:\/\/actu.fr\/auvergne-rhone-alpes\/lyon_69123\/lyon-sandrine-runel-soutien-de-gregory-doucet-la-gratuite-des-tcl-le-week-end-en-reflexion_63584835.html\" target=\"_blank\" rel=\"noopener\">Sandrine Runel<\/a> en profite aussi pour tacler l\u2019ancien pr\u00e9sident de R\u00e9gion Laurent Wauquiez, \u00e9voquant un maire de Lyon \u00ab\u00a0qui se d\u00e9place \u00e0 v\u00e9lo ou en train\u00a0\u00bb et l\u2019ex-pr\u00e9sident de R\u00e9gion \u00ab\u00a0qui mange \u00e0 je ne sais pas combien\u00a0\u00bb, en r\u00e9f\u00e9rence au <a href=\"https:\/\/actu.fr\/politique\/diner-luxueux-des-sommets-organise-par-laurent-wauquiez-la-liste-des-invites-publiee_63170100.html\" target=\"_blank\" rel=\"noopener\">D\u00eener des Sommets<\/a> qui a toujours fait pol\u00e9mique.<\/p>\n<p class=\" wall-content\">Curieuse d\u00e9fense des \u00e9cologistes quand on sait qu\u2019il a fallu qu\u2019une <strong>association anticorruption saisisse le tribunal<\/strong> administratif de Lyon pour contester le refus de la R\u00e9gion de communiquer les notes de frais du d\u00e9sormais \u00ab\u00a0conseiller sp\u00e9cial\u00a0\u00bb du nouveau pr\u00e9sident Fabrice Pannekoucke. Une d\u00e9marche d\u00e9nonc\u00e9e par les \u00e9lus \u00e9cologistes \u00e0 la R\u00e9gion\u2026 mais qui va devoir s\u2019imposer \u00e9galement pour obtenir les notes de frais compl\u00e8tes des deux \u00e9lus Verts de Lyon ?<\/p>\n<p class=\" wall-content\">A trois mois des \u00e9lections municipales et m\u00e9tropolitaines, cette absence de transparence interroge et devrait sans nul doute provoquer le d\u00e9bat parmi les candidats en course pour la mairie et la M\u00e9tropole.<\/p>\n<p class=\" wall-content\">Personnalisez votre actualit\u00e9 en ajoutant vos villes et m\u00e9dias en favori avec <a href=\"https:\/\/moncompte.actu.fr\" title=\"D\u00e9couvez Mon Actu\" rel=\"nofollow noopener\" data-trk=\"{&quot;cta&quot;:{&quot;action&quot;:&quot;https:\\\/\\\/moncompte.actu.fr&quot;,&quot;category&quot;:&quot;mon compte&quot;,&quot;from&quot;:&quot;article footer&quot;,&quot;name&quot;:&quot;Mon actu&quot;,&quot;type&quot;:&quot;cta&quot;}}\" target=\"_blank\">Mon Actu<\/a>.<\/p>\n","protected":false},"excerpt":{"rendered":"Par Julien Damboise Publi\u00e9 le 18 d\u00e9c. 2025 \u00e0 18h33 INFO ACTU LYON. La transparence, mais pas trop&hellip;\n","protected":false},"author":2,"featured_media":608455,"comment_status":"","ping_status":"","sticky":false,"template":"","format":"standard","meta":{"footnotes":""},"categories":[1889],"tags":[1111,11,2430,5921,4188,1777,674,1011,27,5226,2428,3434,12,316,25],"class_list":{"0":"post-608454","1":"post","2":"type-post","3":"status-publish","4":"format-standard","5":"has-post-thumbnail","7":"category-lyon","8":"tag-actu","9":"tag-actualites","10":"tag-auvergne-rhone-alpes","11":"tag-bruno-bernard","12":"tag-elections-municipales","13":"tag-eu","14":"tag-europe","15":"tag-fr","16":"tag-france","17":"tag-gregory-doucet","18":"tag-lyon","19":"tag-municipales-2026","20":"tag-news","21":"tag-politique","22":"tag-republique-francaise"},"share_on_mastodon":{"url":"https:\/\/pubeurope.com\/@fr\/115743303192655292","error":""},"_links":{"self":[{"href":"https:\/\/www.europesays.com\/fr\/wp-json\/wp\/v2\/posts\/608454","targetHints":{"allow":["GET"]}}],"collection":[{"href":"https:\/\/www.europesays.com\/fr\/wp-json\/wp\/v2\/posts"}],"about":[{"href":"https:\/\/www.europesays.com\/fr\/wp-json\/wp\/v2\/types\/post"}],"author":[{"embeddable":true,"href":"https:\/\/www.europesays.com\/fr\/wp-json\/wp\/v2\/users\/2"}],"replies":[{"embeddable":true,"href":"https:\/\/www.europesays.com\/fr\/wp-json\/wp\/v2\/comments?post=608454"}],"version-history":[{"count":0,"href":"https:\/\/www.europesays.com\/fr\/wp-json\/wp\/v2\/posts\/608454\/revisions"}],"wp:featuredmedia":[{"embeddable":true,"href":"https:\/\/www.europesays.com\/fr\/wp-json\/wp\/v2\/media\/608455"}],"wp:attachment":[{"href":"https:\/\/www.europesays.com\/fr\/wp-json\/wp\/v2\/media?parent=608454"}],"wp:term":[{"taxonomy":"category","embeddable":true,"href":"https:\/\/www.europesays.com\/fr\/wp-json\/wp\/v2\/categories?post=608454"},{"taxonomy":"post_tag","embeddable":true,"href":"https:\/\/www.europesays.com\/fr\/wp-json\/wp\/v2\/tags?post=608454"}],"curies":[{"name":"wp","href":"https:\/\/api.w.org\/{rel}","templated":true}]}}