{"id":608460,"date":"2025-12-19T00:06:12","date_gmt":"2025-12-19T00:06:12","guid":{"rendered":"https:\/\/www.europesays.com\/fr\/608460\/"},"modified":"2025-12-19T00:06:12","modified_gmt":"2025-12-19T00:06:12","slug":"lescort-boy-et-le-general-devant-la-justice-pour-avoir-fait-proliferer-le-crack-au-forum-des-halles","status":"publish","type":"post","link":"https:\/\/www.europesays.com\/fr\/608460\/","title":{"rendered":"l&rsquo;escort boy et le \u00ab\u00a0g\u00e9n\u00e9ral\u00a0\u00bb devant la justice pour avoir fait prolif\u00e9rer le crack au forum des Halles"},"content":{"rendered":"<p>                    Par<br \/>\n        <strong><br \/>\n            <a href=\"https:\/\/actu.fr\/auteur\/antoine-blanchet\" title=\"Consulter tous les articles de Antoine Blanchet\" target=\"_blank\" rel=\"noopener\">Antoine Blanchet<\/a><br \/>\n                    <\/strong><\/p>\n<p>        Publi\u00e9 le<\/p>\n<p>            18 d\u00e9c. 2025 \u00e0 20h02        <\/p>\n<p>Le box vitr\u00e9 est plein \u00e0 craquer. Cinq hommes et une femme s\u2019y entassent sous les yeux d\u2019une salle comble et de juges aux yeux las. On les soup\u00e7onne d\u2019avoir empoisonn\u00e9 le coeur vibrant de <a href=\"https:\/\/actu.fr\/paris\/\" target=\"_blank\" rel=\"noopener\">Paris<\/a>. Ce jeudi 18 d\u00e9cembre 2025, le tribunal correctionnel les juge <strong>pour avoir vendu du <a href=\"https:\/\/actu.fr\/ile-de-france\/paris_75056\/crise-du-crack-a-paris-un-caillou-de-drogue-a-l-origine-du-mal_54019244.html\" target=\"_blank\" rel=\"noopener\">crack<\/a><\/strong> dans le <a href=\"https:\/\/actu.fr\/tag\/paris-les-halles\" target=\"_blank\" rel=\"noopener\">quartier des Halles<\/a>. Ces derniers mois, l\u2019ins\u00e9curit\u00e9 dans ce lieu hyperfr\u00e9quent\u00e9 \u00e9tait point\u00e9e du doigt. Une <a href=\"https:\/\/actu.fr\/ile-de-france\/paris_75056\/c-est-une-zone-de-tous-les-droits-dans-le-quartier-des-halles-a-paris-une-resurgence-de-l-insecurite_63525534.html\" target=\"_blank\" rel=\"noopener\">cellule a par ailleurs \u00e9t\u00e9 mise en place<\/a> par le parquet afin de lutter contre les trafics et les violences.\u00a0<\/p>\n<p class=\" wall-content\">Le sextuor jug\u00e9 est le r\u00e9sultat de ce renforcement policier dans la zone. De nombreuses surveillances et des centaines de pages d\u2019\u00e9coutes t\u00e9l\u00e9phoniques ont permis ce coup de filet pour le moins h\u00e9t\u00e9roclite. On y trouve un \u00ab\u00a0g\u00e9n\u00e9ral\u00a0\u00bb accro aux paris sportifs, un escort boy en lutte contre ses d\u00e9mons ou encore une m\u00e8re de famille au sourire candide. Tous ont des parcours chaotiques infect\u00e9s par <a href=\"https:\/\/actu.fr\/tag\/drogue\" target=\"_blank\" rel=\"noopener\">l\u2019addiction aux drogues<\/a>. Certains ne finissent pas leurs phrases. D\u2019autres doivent s\u2019asseoir \u00e0 cause de la fatigue.\u00a0<\/p>\n<p>Sous les vitrines, l\u2019ab\u00eeme\u00a0<\/p>\n<p class=\" wall-content\">Tout ce petit monde a ses lieux de rencontre. Les <strong>tunnels des Halles<\/strong> en sont le boyau central. Dans ces souterrains situ\u00e9s en dessous du centre commercial, un quotidien \u00e9volue \u00e0 la marge. On y fume du crack. On y dort sur des matelas souill\u00e9s. On y mange avec des micro-ondes branch\u00e9s aux armoires \u00e9lectriques. \u00ab\u00a0C\u2019est une ville parall\u00e8le. C\u2019est une vision qui est choquante. Les conditions de salubrit\u00e9 sont d\u00e9plorables. Il y a du deal juste en dessous des gens qui font leurs courses\u00a0\u00bb, affirme la procureure qui s\u2019est rendue sur place.\u00a0<\/p>\n<p class=\" wall-content\">L\u2019autre espace est en surface. Au 110 de la rue Saint-Denis se trouve l\u2019un des centres de Soin, d\u2019Accompagnement et de Pr\u00e9vention en Addictologie (CSAPA). Le lieu d\u2019aide pour les toxicomanes est parfois un lieu de vente sous le manteau. Dans un squat juste \u00e0 c\u00f4t\u00e9, du crack et de l\u2019argent liquide sont d\u00e9couverts par les enqu\u00eateurs.\u00a0<\/p>\n<p>Deux t\u00eates de trafic identifi\u00e9es\u00a0<\/p>\n<p class=\" wall-content\">Dans ce monde interlope, le trafic est n\u00e9buleux. Le dealer est consommateur. Le consommateur est parfois livreur. Le caillou se vend au centi\u00e8me de grammes. On est loin du trafic de coca\u00efne international. Pas de millions d\u2019euros \u00e0 d\u00e9penser dans les bars hupp\u00e9s de Duba\u00ef, mais des pi\u00e8ces jaunes qui permettent de manger et replonger. Malgr\u00e9 ce brouillard, les investigations ont permis de mettre au jour<strong> deux t\u00eates de r\u00e9seau<\/strong>. Deux cerveaux qui seraient en concurrence pour atrophier ceux de leur client\u00e8le.<\/p>\n<p class=\" wall-content\">Le premier entrepreneur de cette dope du pauvre, c\u2019est Djibril. Selon des consommateurs de crack interrog\u00e9s par les policiers, il serait pr\u00e9sent d\u00e8s 9 heures du matin dans les tunnels pour vendre son \u00ab\u00a0venin\u00a0\u00bb. L\u2019individu se vanterait d\u2019avoir \u00ab\u00a0ouvert le trafic\u00a0\u00bb dans le quartier. Fin novembre, son nom \u00e9tait d\u00e9j\u00e0 apparu dans <a href=\"https:\/\/actu.fr\/ile-de-france\/paris_75056\/paris-depuis-son-appartement-de-la-tres-chic-rue-vivienne-le-b-inondait-de-crack-le-tunnel-des-halles_63497352.html\" target=\"_blank\" rel=\"noopener\">un autre dossier de crack aux Halles<\/a> jug\u00e9 par la m\u00eame chambre correctionnelle. Le second, c\u2019est \u00ab\u00a0le g\u00e9n\u00e9ral\u00a0\u00bb. Les multiples \u00e9coutes t\u00e9l\u00e9phoniques ont mis au jour un vrai business men\u00e9 par le pr\u00e9venu, o\u00f9 l\u2019on \u00ab\u00a0bloque\u00a0\u00bb les toxicomanes pour avoir la primaut\u00e9 sur la vente.\u00a0<\/p>\n<p>L\u2019escort boy et le g\u00e9n\u00e9ral\u00a0<\/p>\n<p class=\" wall-content\">Dans le box, les deux hommes d\u00e9tonnent. Contrairement \u00e0 leurs voisins de comparution, ils pr\u00e9sentent et s\u2019expriment bien. \u00ab\u00a0Vous n\u2019avez pas l\u2019air trop ab\u00eem\u00e9\u00a0\u00bb, fait remarquet la pr\u00e9sidente \u00e0 David K., alias \u00ab\u00a0Djibril\u00a0\u00bb.\u00a0 \u00ab\u00a0J\u2019ai une forte consommation de coca\u00efne. Je combats mes d\u00e9mons. Je fais du sport, je me maintiens\u00a0\u00bb, r\u00e9pond l\u2019homme de 32 ans. Il affirme ne pas \u00eatre trafiquant. Il se pr\u00e9sente comme escort-boy exer\u00e7ant dans la crasse des tunnels. \u00ab\u00a0Je me fais parfois 200 euros. Parfois rien\u00a0\u00bb, pr\u00e9cise-t-il. Il affirme ne pas \u00eatre Djibril. Il a bien port\u00e9 ce patronyme, mais c\u2019est du pass\u00e9. Un pass\u00e9 tumultueux rempli de mentions au casier judiciaire.\u00a0<\/p>\n<p>Votre r\u00e9gion, votre actu !<\/p>\n<p>Recevez chaque jour les infos qui comptent pour vous.<\/p>\n<p>\t<a href=\"https:\/\/actu.fr\/newsletter\" class=\"ac-btn ac-btn--corner ac-btn--medium ac-btn--blue800\" target=\"_blank\" rel=\"noopener\">S&rsquo;incrire<\/a><\/p>\n<p class=\" wall-content\">Quant \u00e0 son rival en business pr\u00e9sum\u00e9, \u00ab\u00a0le g\u00e9n\u00e9ral\u00a0\u00bb, c\u2019est la m\u00eame chose. Il d\u00e9clare vivre \u00e0 la rue et vendre un peu de drogue mais pour d\u00e9panner. \u00ab\u00a0Je donne plus que vends\u00a0\u00bb, assure-t-il. Les quelques milliers d\u2019euros r\u00e9cup\u00e9r\u00e9s dans une chambre o\u00f9 il loge proviendraient des paris sportifs.\u00a0<\/p>\n<p class=\" wall-content\">\u00ab\u00a0Vous savez que les paris sportifs c\u2019est un des moyens privil\u00e9gi\u00e9s du blanchiment ?\u00a0\u00bb, lui demande la pr\u00e9sidente.\u00a0<\/p>\n<p class=\" wall-content\">\u00ab\u00a0Moi je sais pas je travaille pas dans le stup\u00a0\u00bb, affirle le pr\u00e9venu.\u00a0<\/p>\n<p class=\" wall-content\">\u00ab\u00a0Eh bien vous apprenez vite en tous cas\u00a0\u00bb, lui renvoie la magistrate.\u00a0<\/p>\n<p>\u00ab\u00a0Pas un jour o\u00f9 je ne consommais pas\u00a0\u00bb<\/p>\n<p class=\" wall-content\">Le scepticisme de la juge se comprend. Les nombreux \u00e9changes retranscrits entre le g\u00e9n\u00e9ral et ses soldats sont \u00e9loquents. En premi\u00e8re ligne, sa compagne de l\u2019\u00e9poque surnomm\u00e9e \u00ab\u00a0Shalala\u00a0\u00bb. \u00ab\u00a0\u00c7a fait 40 minutes que t\u2019es partie sale p\u2026 d\u00e9p\u00eache toi\u00a0\u00bb, lui lance ainsi le pr\u00e9venu alors qu\u2019elle tra\u00eene sur une vente.\u00a0<\/p>\n<p class=\" wall-content\">Dans le box, la jeune vendeuse pr\u00e9sum\u00e9e ne se laisse pas d\u00e9monter. Consommatrice de crack depuis que sa tante lui en a propos\u00e9 \u00e9tant jeune, elle explique \u00e0 la pr\u00e9sidente avoir replong\u00e9 \u00e0 sa sortie de la <a href=\"https:\/\/actu.fr\/ile-de-france\/fresnes_94034\/couloir-de-la-mort-de-la-prison-de-fresnes-il-y-a-un-devoir-de-memoire-a-faire_59712764.html\" target=\"_blank\" rel=\"noopener\">prison de Fresnes<\/a> il y a quelques mois. \u00ab\u00a0Je prenais de la <a href=\"https:\/\/actu.fr\/tag\/cocaine\" target=\"_blank\" rel=\"noopener\">coca\u00efne<\/a>, de <a href=\"https:\/\/actu.fr\/societe\/mdma-la-consommation-de-cette-drogue-explose-en-france-les-dangers-a-connaitre_62163776.html\" target=\"_blank\" rel=\"noopener\">l\u2019ecstasy<\/a> et de l\u2019alcool. J\u2019\u00e9tais jamais sobre. Pas un jour ou je ne consommais pas. Je dormais pas\u00a0\u00bb, abonde cette m\u00e8re de famille. Interpell\u00e9e dans une chambre d\u2019h\u00f4tel avec 20 grammes de galettes, elle n\u2019h\u00e9site pas \u00e0 charger ses voisins de box. \u00ab\u00a0Comme je suis une femme, ils veulent rejeter la faute sur moi\u00a0\u00bb, s\u2019\u00e9nerve-t-elle. Les accusations suscitent des vocif\u00e9rations des copr\u00e9venus. La pr\u00e9sidente doit intervenir pour calmer le jeu.\u00a0<\/p>\n<p>De lourdes peines requises\u00a0<\/p>\n<p class=\" wall-content\">\u00c9voqu\u00e9 par un des pr\u00e9venus dans les interceptions t\u00e9l\u00e9phoniques, le mot venin est brandi par la procureure dans son r\u00e9quisitoire. \u00ab\u00a0Je trouve que ce terme est particuli\u00e8rement imag\u00e9. Le crack est un venin en termes de sant\u00e9, mais aussi un venin en termes d\u2019ordre public\u00a0\u00bb, d\u00e9nonce la magistrate. Si elle reconna\u00eet que le r\u00e9seau mis au jour est un trafic purement local, elle met en exergue le r\u00f4le de David K. et du \u00ab\u00a0g\u00e9n\u00e9ral\u00a0\u00bb dans la vente de drogue. Contre le premier, elle requiert <strong>quatre ans de prison<\/strong> avec maintien en d\u00e9tention et<strong> cinq ans<\/strong> pour le second.<\/p>\n<p class=\" wall-content\">Elle demande une interdiction de para\u00eetre \u00e0 Paris pendant trois ans pour les deux hommes. Quant \u00e0 la compagne du g\u00e9n\u00e9ral, elle demande deux ans de prison dont une ann\u00e9e avec sursis probatoire. Quant aux trois autres pr\u00e9venus, suspect\u00e9s d\u2019avoir \u00e9t\u00e9 les petites mains du commerce, des peines allant de deux \u00e0 trois ans de prison sont requises.\u00a0<\/p>\n<p class=\" wall-content\">Le d\u00e9lib\u00e9r\u00e9 est attendu plus tard dans la soir\u00e9e.\u00a0<\/p>\n<p class=\" wall-content\">Personnalisez votre actualit\u00e9 en ajoutant vos villes et m\u00e9dias en favori avec <a href=\"https:\/\/moncompte.actu.fr\" title=\"D\u00e9couvez Mon Actu\" rel=\"nofollow noopener\" data-trk=\"{&quot;cta&quot;:{&quot;action&quot;:&quot;https:\\\/\\\/moncompte.actu.fr&quot;,&quot;category&quot;:&quot;mon compte&quot;,&quot;from&quot;:&quot;article footer&quot;,&quot;name&quot;:&quot;Mon actu&quot;,&quot;type&quot;:&quot;cta&quot;}}\" target=\"_blank\">Mon Actu<\/a>.<\/p>\n","protected":false},"excerpt":{"rendered":"Par Antoine Blanchet Publi\u00e9 le 18 d\u00e9c. 2025 \u00e0 20h02 Le box vitr\u00e9 est plein \u00e0 craquer. Cinq&hellip;\n","protected":false},"author":2,"featured_media":608461,"comment_status":"","ping_status":"","sticky":false,"template":"","format":"standard","meta":{"footnotes":""},"categories":[1888],"tags":[1111,1928,11,1927,15463,1777,674,118,1011,27,12,1926,626,29989,1925,2694,25],"class_list":{"0":"post-608460","1":"post","2":"type-post","3":"status-publish","4":"format-standard","5":"has-post-thumbnail","7":"category-paris","8":"tag-actu","9":"tag-actu-paris","10":"tag-actualites","11":"tag-actualites-paris","12":"tag-crack","13":"tag-eu","14":"tag-europe","15":"tag-faits-divers","16":"tag-fr","17":"tag-france","18":"tag-news","19":"tag-news-paris","20":"tag-paris","21":"tag-paris-les-halles","22":"tag-paris-news","23":"tag-proces","24":"tag-republique-francaise"},"share_on_mastodon":{"url":"https:\/\/pubeurope.com\/@fr\/115743318706791422","error":""},"_links":{"self":[{"href":"https:\/\/www.europesays.com\/fr\/wp-json\/wp\/v2\/posts\/608460","targetHints":{"allow":["GET"]}}],"collection":[{"href":"https:\/\/www.europesays.com\/fr\/wp-json\/wp\/v2\/posts"}],"about":[{"href":"https:\/\/www.europesays.com\/fr\/wp-json\/wp\/v2\/types\/post"}],"author":[{"embeddable":true,"href":"https:\/\/www.europesays.com\/fr\/wp-json\/wp\/v2\/users\/2"}],"replies":[{"embeddable":true,"href":"https:\/\/www.europesays.com\/fr\/wp-json\/wp\/v2\/comments?post=608460"}],"version-history":[{"count":0,"href":"https:\/\/www.europesays.com\/fr\/wp-json\/wp\/v2\/posts\/608460\/revisions"}],"wp:featuredmedia":[{"embeddable":true,"href":"https:\/\/www.europesays.com\/fr\/wp-json\/wp\/v2\/media\/608461"}],"wp:attachment":[{"href":"https:\/\/www.europesays.com\/fr\/wp-json\/wp\/v2\/media?parent=608460"}],"wp:term":[{"taxonomy":"category","embeddable":true,"href":"https:\/\/www.europesays.com\/fr\/wp-json\/wp\/v2\/categories?post=608460"},{"taxonomy":"post_tag","embeddable":true,"href":"https:\/\/www.europesays.com\/fr\/wp-json\/wp\/v2\/tags?post=608460"}],"curies":[{"name":"wp","href":"https:\/\/api.w.org\/{rel}","templated":true}]}}