{"id":608462,"date":"2025-12-19T00:07:12","date_gmt":"2025-12-19T00:07:12","guid":{"rendered":"https:\/\/www.europesays.com\/fr\/608462\/"},"modified":"2025-12-19T00:07:12","modified_gmt":"2025-12-19T00:07:12","slug":"emily-in-paris-saison-5-rome-paris-et-nouveaux-equilibres-des-le-18-decembre-sur-netflix-infos-saison-6","status":"publish","type":"post","link":"https:\/\/www.europesays.com\/fr\/608462\/","title":{"rendered":"Emily in Paris saison 5 : Rome, Paris et nouveaux \u00e9quilibres d\u00e8s le 18 d\u00e9cembre sur Netflix (+infos saison 6)"},"content":{"rendered":"<p>Netflix met en ligne le <strong>18 d\u00e9cembre<\/strong> l\u2019int\u00e9gralit\u00e9 de la saison 5 de Emily in Paris. Cette nouvelle salve d\u2019\u00e9pisodes prolonge le virage amorc\u00e9 en saison 4, avec une h\u00e9ro\u00efne d\u00e9sormais partag\u00e9e entre Paris et Rome, et un r\u00e9cit qui \u00e9largit volontairement son terrain de jeu, sans renier les fondamentaux de la s\u00e9rie cr\u00e9\u00e9e par Darren Star.<\/p>\n<p>Une saison 5 entre Paris, Rome et Venise<\/p>\n<p>La saison 5 s\u2019articule autour d\u2019un double ancrage g\u00e9ographique. Emily Cooper dirige d\u00e9sormais une antenne romaine d\u2019Agence Grateau, tout en conservant une pr\u00e9sence \u00e0 Paris. Darren Star r\u00e9sume cette dynamique comme \u00ab une histoire de deux villes \u00bb, Rome et Paris, entre lesquelles Emily navigue sur les plans professionnel et personnel.<\/p>\n<\/p>\n<p>\u00a0<\/p>\n<p>Les \u00e9pisodes multiplient les d\u00e9cors italiens, avec Rome comme nouveau centre de gravit\u00e9 narratif et plusieurs s\u00e9quences tourn\u00e9es \u00e0 Venise. Ce d\u00e9placement permet \u00e0 la s\u00e9rie d\u2019explorer une Europe du luxe, de la mode et des strat\u00e9gies de marque \u00e0 une \u00e9chelle plus large, tout en conservant son regard sur les codes culturels et professionnels.<\/p>\n<p>Un casting enrichi et des relations red\u00e9finies<\/p>\n<p>Lily Collins reprend son r\u00f4le d\u2019Emily Cooper, entour\u00e9e des figures centrales de la s\u00e9rie\u00a0:<\/p>\n<ul>\n<li>Philippine Leroy-Beaulieu (Sylvie Grateau)<\/li>\n<li>Ashley Park (Mindy Chen)<\/li>\n<li>Lucas Bravo (Gabriel)<\/li>\n<li>Samuel Arnold (Julien)<\/li>\n<li>Bruno Gouery (Luc)<\/li>\n<\/ul>\n<p>La saison 5 introduit \u00e9galement de nouveaux personnages, dont Marcello, incarn\u00e9 par Eugenio Franceschini, au c\u0153ur d\u2019une relation qui ouvre pour Emily une perspective diff\u00e9rente sur l\u2019\u00e9quilibre entre vie priv\u00e9e et ambitions professionnelles. Minnie Driver rejoint aussi la distribution dans le r\u00f4le de Princess Jane, une relation mondaine de Sylvie, tandis que Mich\u00e8le Laroque et Bryan Greenberg apparaissent dans des r\u00f4les r\u00e9currents.<\/p>\n<p>Un succ\u00e8s mondial qui interroge la suite : vers une saison 6 ?<\/p>\n<p>Lors de sa diffusion, la saison 4 s\u2019est class\u00e9e num\u00e9ro un du Top 10 mondial de Netflix, avec pr\u00e8s de 20 millions de vues en quelques jours et une pr\u00e9sence dans les classements de plus de 90 pays. Ce niveau d\u2019exposition explique pourquoi la question d\u2019une <strong>saison 6<\/strong> se pose d\u00e9j\u00e0.<\/p>\n<p>\u00c0 ce stade, Netflix n\u2019a pas annonc\u00e9 officiellement le renouvellement de la s\u00e9rie. N\u00e9anmoins, lors d\u2019une prise de parole publique, le dirigeant de Netflix a cit\u00e9 Emily in Paris parmi les grandes s\u00e9ries appel\u00e9es \u00e0 revenir en 2026, aux c\u00f4t\u00e9s de plusieurs franchises majeures de la plateforme. De son c\u00f4t\u00e9, Darren Star a indiqu\u00e9 \u00eatre pr\u00eat \u00e0 poursuivre la s\u00e9rie aussi longtemps que Netflix le souhaitera.<\/p>\n<p>Aucune date ni intrigue n\u2019ont encore \u00e9t\u00e9 confirm\u00e9es pour une \u00e9ventuelle saison 6. Si elle voyait le jour, une diffusion fin 2026 appara\u00eet comme une hypoth\u00e8se coh\u00e9rente au regard du rythme de production des saisons pr\u00e9c\u00e9dentes.<\/p>\n<p>La saison 5 de Emily in Paris est disponible d\u00e8s le 18 d\u00e9cembre sur Netflix, avec dix nouveaux \u00e9pisodes \u00e0 d\u00e9couvrir.<\/p>\n<p><strong>Quand sort Emily in Paris saison 5\u00a0?<\/strong><br \/>La saison 5 est disponible sur Netflix \u00e0 partir du 18 d\u00e9cembre.<\/p>\n<p><strong>O\u00f9 se d\u00e9roule l\u2019intrigue de la saison 5\u00a0?<\/strong><br \/>La saison se d\u00e9roule principalement entre Paris et Rome, avec des s\u00e9quences tourn\u00e9es \u00e0 Venise.<\/p>\n<p><strong>Emily in Paris aura-t-elle une saison 6\u00a0?<\/strong><br \/>Aucune confirmation officielle n\u2019a \u00e9t\u00e9 annonc\u00e9e, mais Netflix a \u00e9voqu\u00e9 un possible retour de la s\u00e9rie en 2026.<\/p>\n","protected":false},"excerpt":{"rendered":"Netflix met en ligne le 18 d\u00e9cembre l\u2019int\u00e9gralit\u00e9 de la saison 5 de Emily in Paris. Cette nouvelle&hellip;\n","protected":false},"author":2,"featured_media":608463,"comment_status":"","ping_status":"","sticky":false,"template":"","format":"standard","meta":{"footnotes":""},"categories":[1888],"tags":[1111,1928,11,1927,1777,674,1011,27,12,1926,626,1925,14657,25,14324],"class_list":{"0":"post-608462","1":"post","2":"type-post","3":"status-publish","4":"format-standard","5":"has-post-thumbnail","7":"category-paris","8":"tag-actu","9":"tag-actu-paris","10":"tag-actualites","11":"tag-actualites-paris","12":"tag-eu","13":"tag-europe","14":"tag-fr","15":"tag-france","16":"tag-news","17":"tag-news-paris","18":"tag-paris","19":"tag-paris-news","20":"tag-programmes","21":"tag-republique-francaise","22":"tag-su00e9ries"},"share_on_mastodon":{"url":"https:\/\/pubeurope.com\/@fr\/115743322639324889","error":""},"_links":{"self":[{"href":"https:\/\/www.europesays.com\/fr\/wp-json\/wp\/v2\/posts\/608462","targetHints":{"allow":["GET"]}}],"collection":[{"href":"https:\/\/www.europesays.com\/fr\/wp-json\/wp\/v2\/posts"}],"about":[{"href":"https:\/\/www.europesays.com\/fr\/wp-json\/wp\/v2\/types\/post"}],"author":[{"embeddable":true,"href":"https:\/\/www.europesays.com\/fr\/wp-json\/wp\/v2\/users\/2"}],"replies":[{"embeddable":true,"href":"https:\/\/www.europesays.com\/fr\/wp-json\/wp\/v2\/comments?post=608462"}],"version-history":[{"count":0,"href":"https:\/\/www.europesays.com\/fr\/wp-json\/wp\/v2\/posts\/608462\/revisions"}],"wp:featuredmedia":[{"embeddable":true,"href":"https:\/\/www.europesays.com\/fr\/wp-json\/wp\/v2\/media\/608463"}],"wp:attachment":[{"href":"https:\/\/www.europesays.com\/fr\/wp-json\/wp\/v2\/media?parent=608462"}],"wp:term":[{"taxonomy":"category","embeddable":true,"href":"https:\/\/www.europesays.com\/fr\/wp-json\/wp\/v2\/categories?post=608462"},{"taxonomy":"post_tag","embeddable":true,"href":"https:\/\/www.europesays.com\/fr\/wp-json\/wp\/v2\/tags?post=608462"}],"curies":[{"name":"wp","href":"https:\/\/api.w.org\/{rel}","templated":true}]}}