{"id":608464,"date":"2025-12-19T00:08:23","date_gmt":"2025-12-19T00:08:23","guid":{"rendered":"https:\/\/www.europesays.com\/fr\/608464\/"},"modified":"2025-12-19T00:08:23","modified_gmt":"2025-12-19T00:08:23","slug":"3-stars-lont-rejoint-sur-scene","status":"publish","type":"post","link":"https:\/\/www.europesays.com\/fr\/608464\/","title":{"rendered":"3 stars l&rsquo;ont rejoint sur sc\u00e8ne"},"content":{"rendered":"<p>                    Par<br \/>\n        <strong><br \/>\n            <a href=\"https:\/\/actu.fr\/auteur\/maxence-gorregues\" title=\"Consulter tous les articles de Maxence Gorregues\" target=\"_blank\" rel=\"noopener\">Maxence Gorregues<\/a><br \/>\n                    <\/strong><\/p>\n<p>        Publi\u00e9 le<\/p>\n<p>            18 d\u00e9c. 2025 \u00e0 18h06        <\/p>\n<p>En cette fin d\u2019ann\u00e9e 2025, <b>Pierre Garnier<\/b>, qui s\u2019est affirm\u00e9 depuis deux ans comme un visage incontournable de la vari\u00e9t\u00e9 fran\u00e7aise, a multipli\u00e9 les surprises \u00e0 l\u2019\u00e9gard de ses fans. Lui qui \u00e9tait sur la sc\u00e8ne du <b>Z\u00e9nith de Caen<\/b> (Calvados), ce mercredi 17\u00a0d\u00e9cembre 2025, \u00e9tait \u00e0 peine deux heures plus t\u00f4t <a href=\"https:\/\/actu.fr\/normandie\/caen_14118\/pierre-garnier-offre-un-mini-concert-gratuit-aux-caennais-juste-avant-noel_63592699.html\" target=\"_blank\" rel=\"noopener\">\u00e0 la fen\u00eatre de l\u2019h\u00f4tel de Ville de Caen<\/a>, pour interpr\u00e9ter Ceux qu\u2019on \u00e9tait, devant un parterre de curieux venus d\u00e9couvrir ce qui se cachait derri\u00e8re la case 17 de <b>l\u2019\u00c9tonnant calendrier de l\u2019Avent<\/b> propos\u00e9e par la mairie caennaise.<\/p>\n<p>Orelsan, et aussi Matt Pokora et Oli<\/p>\n<p class=\" wall-content\">Une belle surprise donc pour les habitants de la ville o\u00f9 il est n\u00e9, et o\u00f9 il est revenu faire ses \u00e9tudes, jusqu\u2019\u00e0 remporter la Star Academy 2023, la c\u00e9l\u00e8bre \u00e9mission de TF1, qui a chang\u00e9 son destin. Avant la derni\u00e8re date de sa tourn\u00e9e \u00e0 Caen mercredi soir, dans le cadre de son Chaque seconde tour, il s\u2019est produit sur la sc\u00e8ne de l\u2019Accor Arena \u00e0 Paris (ex-Bercy). Et il n\u2019\u00e9tait pas seul sur sc\u00e8ne. <b>Matt Pokora, Oli de Big Flo &amp; Oli, et Orelsan<\/b>, sont venus l\u2019accompagner chacun sur une chanson.<\/p>\n<p class=\" wall-content\"><a href=\"https:\/\/www.instagram.com\/reel\/DSDoy7ODUxd\/embed\" title=\"Ouvrir le lien sur Instagram\" target=\"_blank\" rel=\"noopener\">Visualiser le contenu sur Instagram<\/a><\/p>\n<p class=\" wall-content\">Avec le rappeur originaire de Caen, Pierre Garnier a interpr\u00e9t\u00e9 La Terre est ronde, un titre qui a \u00e9merg\u00e9 en 2011. Une mani\u00e8re comme une autre <b>pour Orelsan de se pr\u00e9parer \u00e0 son marathon de 2026<\/b>, avec <a href=\"https:\/\/actu.fr\/normandie\/caen_14118\/orelsan-annonce-une-tournee-en-2026-qui-debutera-par-3-concerts-a-caen-la-billetterie-ouvre-cette-semaine_63227348.html\" target=\"_blank\" rel=\"noopener\">notamment 10 Accor Arena<\/a>, au menu de sa prochaine tourn\u00e9e\u2009! Et ces dix dates sont d\u2019ores et d\u00e9j\u00e0 \u00e0 guichets ferm\u00e9s\u2009!<\/p>\n<p class=\" wall-content\">\n<p class=\" wall-content\">D\u00e9but octobre \u00e0 Caen, Pierre Garnier avait accept\u00e9 avec grand plaisir l\u2019invitation d\u2019Orelsan \u00e0 l\u2019avant-premi\u00e8re de son film, <a href=\"https:\/\/actu.fr\/normandie\/caen_14118\/dans-son-nouveau-film-orelsan-fait-encore-des-references-a-caen-meme-si-lhistoire-se-deroule-au-japon_63255767.html\" target=\"_blank\" rel=\"noopener\">Yoro\u00ef<\/a>. Il s\u2019y \u00e9tait rendu en compagnie d\u2019amis et d\u2019un autre artiste caennais qui a perc\u00e9 ces derni\u00e8res ann\u00e9es, Joseph Kamel.<\/p>\n<p>    <img   decoding=\"async\" loading=\"lazy\" class=\"size-large\" src=\"https:\/\/www.europesays.com\/fr\/wp-content\/uploads\/2025\/12\/df435faa2449634535faa2449b9535v-960x640.jpg\" alt=\"Orelsan avec Pierre Garnier, Joseph Kamel, et l'actrice Clara Cho\u00ef, lors de l'avant-premi\u00e8re de Yoro\u00ef \u00e0 Caen, d\u00e9but octobre 2025.\" width=\"960\" height=\"640\"\/><br \/>\n    Orelsan avec Pierre Garnier, Joseph Kamel, et l\u2019actrice Clara Cho\u00ef, lors de l\u2019avant-premi\u00e8re de Yoro\u00ef \u00e0 Caen, d\u00e9but octobre\u00a02025. \u00a9Maxence GORREGUES<\/p>\n<p class=\" wall-content\">Apr\u00e8s <a href=\"https:\/\/actu.fr\/normandie\/caen_14118\/video-pierre-garnier-sur-scene-avec-ed-sheeran-a-lille-pour-une-reprise-de-reve_62808833.html\" target=\"_blank\" rel=\"noopener\">Ed Sheeran en juin<\/a>, Pierre Garnier a donc eu la chance de se produire avec une autre de ses idoles. L\u2019ann\u00e9e 2025 restera a jamais grav\u00e9 dans sa m\u00e9moire, lui qui en f\u00e9vrier, avait <b>remport\u00e9 deux Victoires de la musique<\/b> (R\u00e9v\u00e9lation masculine, Chanson originale).<\/p>\n<p class=\" wall-content\">Personnalisez votre actualit\u00e9 en ajoutant vos villes et m\u00e9dias en favori avec <a href=\"https:\/\/moncompte.actu.fr\" title=\"D\u00e9couvez Mon Actu\" rel=\"nofollow noopener\" data-trk=\"{&quot;cta&quot;:{&quot;action&quot;:&quot;https:\\\/\\\/moncompte.actu.fr&quot;,&quot;category&quot;:&quot;mon compte&quot;,&quot;from&quot;:&quot;article footer&quot;,&quot;name&quot;:&quot;Mon actu&quot;,&quot;type&quot;:&quot;cta&quot;}}\" target=\"_blank\">Mon Actu<\/a>.<\/p>\n<p>                    <script async src=\"\/\/www.instagram.com\/embed.js\"><\/script><\/p>\n","protected":false},"excerpt":{"rendered":"Par Maxence Gorregues Publi\u00e9 le 18 d\u00e9c. 2025 \u00e0 18h06 En cette fin d\u2019ann\u00e9e 2025, Pierre Garnier, qui&hellip;\n","protected":false},"author":2,"featured_media":608465,"comment_status":"","ping_status":"","sticky":false,"template":"","format":"standard","meta":{"footnotes":""},"categories":[1888],"tags":[11,5492,1777,674,1011,27,1652,12,626,5096,25,5095],"class_list":{"0":"post-608464","1":"post","2":"type-post","3":"status-publish","4":"format-standard","5":"has-post-thumbnail","7":"category-paris","8":"tag-actualites","9":"tag-caen","10":"tag-eu","11":"tag-europe","12":"tag-fr","13":"tag-france","14":"tag-loisirs-culture","15":"tag-news","16":"tag-paris","17":"tag-pierre-garnier","18":"tag-republique-francaise","19":"tag-star-academy"},"share_on_mastodon":{"url":"https:\/\/pubeurope.com\/@fr\/115743327520197512","error":""},"_links":{"self":[{"href":"https:\/\/www.europesays.com\/fr\/wp-json\/wp\/v2\/posts\/608464","targetHints":{"allow":["GET"]}}],"collection":[{"href":"https:\/\/www.europesays.com\/fr\/wp-json\/wp\/v2\/posts"}],"about":[{"href":"https:\/\/www.europesays.com\/fr\/wp-json\/wp\/v2\/types\/post"}],"author":[{"embeddable":true,"href":"https:\/\/www.europesays.com\/fr\/wp-json\/wp\/v2\/users\/2"}],"replies":[{"embeddable":true,"href":"https:\/\/www.europesays.com\/fr\/wp-json\/wp\/v2\/comments?post=608464"}],"version-history":[{"count":0,"href":"https:\/\/www.europesays.com\/fr\/wp-json\/wp\/v2\/posts\/608464\/revisions"}],"wp:featuredmedia":[{"embeddable":true,"href":"https:\/\/www.europesays.com\/fr\/wp-json\/wp\/v2\/media\/608465"}],"wp:attachment":[{"href":"https:\/\/www.europesays.com\/fr\/wp-json\/wp\/v2\/media?parent=608464"}],"wp:term":[{"taxonomy":"category","embeddable":true,"href":"https:\/\/www.europesays.com\/fr\/wp-json\/wp\/v2\/categories?post=608464"},{"taxonomy":"post_tag","embeddable":true,"href":"https:\/\/www.europesays.com\/fr\/wp-json\/wp\/v2\/tags?post=608464"}],"curies":[{"name":"wp","href":"https:\/\/api.w.org\/{rel}","templated":true}]}}