{"id":608466,"date":"2025-12-19T00:09:23","date_gmt":"2025-12-19T00:09:23","guid":{"rendered":"https:\/\/www.europesays.com\/fr\/608466\/"},"modified":"2025-12-19T00:09:23","modified_gmt":"2025-12-19T00:09:23","slug":"nantes-tient-tete-a-paris","status":"publish","type":"post","link":"https:\/\/www.europesays.com\/fr\/608466\/","title":{"rendered":"Nantes tient t\u00eate \u00e0 Paris"},"content":{"rendered":"<p><strong>Un but du Nantais Noam Leopold \u00e0<br \/>\nla toute derni\u00e8re seconde a permis jeudi soir au \u00ab\u00a0H\u00a0\u00bb dans le choc<br \/>\nau sommet de la 15e journ\u00e9e de Liqui Moly Starligue d&rsquo;arracher un<br \/>\npr\u00e9cieux match nul (31-31) face au PSG. Les Parisiens conservent<br \/>\ndeux points d&rsquo;avance en t\u00eate sur leurs rivaux.<\/strong><\/p>\n<p>Statu quo en t\u00eate de la Liqui Moly Starligue. A l\u2019issue de la<br \/>\n15e journ\u00e9e, le PSG conserve deux points d\u2019avance sur Nantes, son<br \/>\ndauphin. En d\u00e9placement jeudi soir dans le cadre du choc au sommet<br \/>\ndu championnat chez leur rival, o\u00f9 ils s\u2019\u00e9taient inclin\u00e9s ces deux<br \/>\nderni\u00e8res ann\u00e9es, les Parisiens avaient l\u2019occasion sur le parquet<br \/>\nd\u2019un Neodiff XXL plein \u00e0 craquer de conforter encore davantage leur<br \/>\npremi\u00e8re place et de faire ainsi un grand pas vers un nouveau<br \/>\nsacre.<\/p>\n<p>Elohim Prandi, encore monstrueux dans ce match, en particulier<br \/>\nsur les tirs de loin, et ses co\u00e9quipiers ont pens\u00e9 jusqu\u2019aux tous<br \/>\nderniers instants qu\u2019ils allaient repartir avec cette quinzi\u00e8me<br \/>\nvictoire en quinze matchs qui leur aurait permis de distancer<br \/>\nencore un peu plus leurs concurrents num\u00e9ro 1. Au lieu de cela,<br \/>\nc\u2019est sur un match nul (31-31), leur tout premier de la saison<br \/>\ntandis que Nantes avait d\u00e9j\u00e0 \u00e9t\u00e9 tenu \u00e0 deux reprises en \u00e9chec (\u00e0<br \/>\nChamb\u00e9ry et \u00e0 Montpellier) que Paris a tourn\u00e9 le dos jeudi soir \u00e0<br \/>\nla Loire-Atlantique.<\/p>\n<p><strong>Biosca et Leopold ont<br \/>\nsauv\u00e9 Nantes<\/strong><\/p>\n<p>Tout s\u2019est d\u00e9cid\u00e9 \u00e0 l\u2019issue d\u2019une fin de match irrespirable qui<br \/>\na vu ces joueurs de la capitale qui comptaient deux buts d\u2019avance \u00e0<br \/>\nla pause (18-16) et cinq un peu plus tard en seconde mi-temps<br \/>\nlaisser passer leur chance alors qu\u2019ils avaient r\u00e9ussi une nouvelle<br \/>\nfois \u00e0 faire le break en d\u00e9pit des exploits dans sa cage de Nacho<br \/>\nBiosca. D\u00e8s lors, ce \u00ab\u00a0H\u00a0\u00bb un temps aux abois savait<br \/>\nqu\u2019il devait marquer sur chacune de ses possessions. Il l\u2019a tr\u00e8s<br \/>\nbien fait, sans pour autant que Yahia Omar, sur un jet de neuf<br \/>\nm\u00e8tres, ne s\u2019offre une premi\u00e8re balle de match.<\/p>\n<p>L\u2019Egyptien a manqu\u00e9 la cible et sur la possession suivante, Noam<br \/>\nLeopold, d\u00e9j\u00e0 auteur un peu plus t\u00f4t d\u2019un but aussi somptueux que<br \/>\npr\u00e9cieux qui avait compl\u00e8tement relanc\u00e9 son \u00e9quipe (au m\u00eame titre<br \/>\nque ceux d\u2019Ovnicek), n\u2019a, lui, pas manqu\u00e9 l\u2019occasion d\u2019arracher le<br \/>\nmatch nul, \u00e0 la toute derni\u00e8re seconde. Un but au go\u00fbt de victoire<br \/>\nou presque pour ce \u00ab\u00a0H\u00a0\u00bb revenu de tr\u00e8s loin dans cette<br \/>\nrencontre. \u00ab\u00a0Ce sera dur, dense, mentalement aussi\u00a0\u00bb,<br \/>\navait annonc\u00e9 Prandi avant de monter dans le car en direction de<br \/>\nNantes. L\u2019artificier parisien ne pouvait pas mieux dire.<\/p>\n","protected":false},"excerpt":{"rendered":"Un but du Nantais Noam Leopold \u00e0 la toute derni\u00e8re seconde a permis jeudi soir au \u00ab\u00a0H\u00a0\u00bb dans&hellip;\n","protected":false},"author":2,"featured_media":608467,"comment_status":"","ping_status":"","sticky":false,"template":"","format":"standard","meta":{"footnotes":""},"categories":[1888],"tags":[11,1777,674,1011,27,12,626,25,57681],"class_list":{"0":"post-608466","1":"post","2":"type-post","3":"status-publish","4":"format-standard","5":"has-post-thumbnail","7":"category-paris","8":"tag-actualites","9":"tag-eu","10":"tag-europe","11":"tag-fr","12":"tag-france","13":"tag-news","14":"tag-paris","15":"tag-republique-francaise","16":"tag-sport365-fr"},"share_on_mastodon":{"url":"https:\/\/pubeurope.com\/@fr\/115743330481517685","error":""},"_links":{"self":[{"href":"https:\/\/www.europesays.com\/fr\/wp-json\/wp\/v2\/posts\/608466","targetHints":{"allow":["GET"]}}],"collection":[{"href":"https:\/\/www.europesays.com\/fr\/wp-json\/wp\/v2\/posts"}],"about":[{"href":"https:\/\/www.europesays.com\/fr\/wp-json\/wp\/v2\/types\/post"}],"author":[{"embeddable":true,"href":"https:\/\/www.europesays.com\/fr\/wp-json\/wp\/v2\/users\/2"}],"replies":[{"embeddable":true,"href":"https:\/\/www.europesays.com\/fr\/wp-json\/wp\/v2\/comments?post=608466"}],"version-history":[{"count":0,"href":"https:\/\/www.europesays.com\/fr\/wp-json\/wp\/v2\/posts\/608466\/revisions"}],"wp:featuredmedia":[{"embeddable":true,"href":"https:\/\/www.europesays.com\/fr\/wp-json\/wp\/v2\/media\/608467"}],"wp:attachment":[{"href":"https:\/\/www.europesays.com\/fr\/wp-json\/wp\/v2\/media?parent=608466"}],"wp:term":[{"taxonomy":"category","embeddable":true,"href":"https:\/\/www.europesays.com\/fr\/wp-json\/wp\/v2\/categories?post=608466"},{"taxonomy":"post_tag","embeddable":true,"href":"https:\/\/www.europesays.com\/fr\/wp-json\/wp\/v2\/tags?post=608466"}],"curies":[{"name":"wp","href":"https:\/\/api.w.org\/{rel}","templated":true}]}}