{"id":608492,"date":"2025-12-19T00:27:17","date_gmt":"2025-12-19T00:27:17","guid":{"rendered":"https:\/\/www.europesays.com\/fr\/608492\/"},"modified":"2025-12-19T00:27:17","modified_gmt":"2025-12-19T00:27:17","slug":"jules-simon-avait-besoin-de-se-rassurer-actualite","status":"publish","type":"post","link":"https:\/\/www.europesays.com\/fr\/608492\/","title":{"rendered":"Jules Simon avait besoin de se rassurer &#8211; Actualit\u00e9"},"content":{"rendered":"<p style=\"text-align: justify;\"><strong><a href=\"https:\/\/www.directvelo.com\/coureur\/43346\/jules-simon\" target=\"_blank\" rel=\"noopener\">Jules Simon<\/a><\/strong> ne gardait pas un tr\u00e8s bon souvenir de sa derni\u00e8re exp\u00e9rience sur le sable. \u201cJ\u2019ai connu un Championnat d\u2019Europe difficile en d\u00e9but d\u2019ann\u00e9e\u201d. Alors il appr\u00e9hendait le rendez-vous d\u2019Ouistreham, dimanche dernier, pour le cinqui\u00e8me et dernier volet de la saga Coupe de France version 2025. \u201cJ\u2019avais besoin de me rassurer avant la manche de Coupe du Monde \u00e0 Coxyde. Le sable, on l\u2019avait travaill\u00e9 en stage ces deux derni\u00e8res semaines mais je dois encore me perfectionner. C\u2019est particulier, \u00e7a demande \u00e9norm\u00e9ment d\u2019attention. Une erreur, un d\u00e9s\u00e9quilibre et on perd vite beaucoup de temps. Il faut rester concentr\u00e9 et lucide tout le long\u201d.<\/p>\n<p style=\"text-align: justify;\">Pour ce rendez-vous dans le Calvados, le soci\u00e9taire de l\u2019AS Bike Racing-France Literie a d\u00fb mettre de c\u00f4t\u00e9 ses ambitions personnelles pour privil\u00e9gier la victoire finale de son co\u00e9quipier Romain Debord. \u201cC\u2019\u00e9tait l\u2019ordre du jour. Le manager m\u2019avait appel\u00e9 dans la semaine pour en parler. Je devais durcir la course assez t\u00f4t pour mon co\u00e9quipier. La strat\u00e9gie \u00e9tait de mettre les adversaires sous pression et je l\u2019ai fait\u201d, se f\u00e9licitait-il apr\u00e8s la course au micro de DirectVelo. <\/p>\n<p>\u201c<strong><a href=\"https:\/\/www.directvelo.com\/epreuve\/48731\/coupe-de-france-de-cyclo-cross-ouistreham-u23-hommes-2025\" target=\"_blank\" rel=\"noopener\">On fait 1 et 3, c\u2019est un bon r\u00e9sultat.<\/a><\/strong> Collectivement, c\u2019est super. J\u2019aurais esp\u00e9r\u00e9 un peu mieux personnellement sur l\u2019ensemble de la Coupe de France, quand m\u00eame\u201d, conc\u00e8de-t-il lorsqu\u2019on l\u2019interroge sur le bilan qu\u2019il tire des derniers mois de comp\u00e9titions dans les sous-bois. \u201cMais c\u2019est quand m\u00eame bien de finir sur une bonne note avec ce podium\u201d. En attendant d\u2019aller d\u00e9sormais se frotter \u00e0 nouveau au gratin mondial en Belgique.<\/p>\n","protected":false},"excerpt":{"rendered":"Jules Simon ne gardait pas un tr\u00e8s bon souvenir de sa derni\u00e8re exp\u00e9rience sur le sable. \u201cJ\u2019ai connu&hellip;\n","protected":false},"author":2,"featured_media":608493,"comment_status":"","ping_status":"","sticky":false,"template":"","format":"standard","meta":{"footnotes":""},"categories":[1411],"tags":[834,828,836,829,837,827,83,826,824,823,1154,207,814,817,815,816,822,821,832,211,839,1011,27,820,818,819,835,831,830,833,838,60,212,208,825],"class_list":{"0":"post-608492","1":"post","2":"type-post","3":"status-publish","4":"format-standard","5":"has-post-thumbnail","7":"category-cyclisme","8":"tag-attaque","9":"tag-belgique","10":"tag-braquet","11":"tag-bretagne","12":"tag-chute","13":"tag-competition","14":"tag-coupe-de-france","15":"tag-coureur","16":"tag-course-cyclisme","17":"tag-course-cycliste","18":"tag-cycling","19":"tag-cyclisme","20":"tag-direct","21":"tag-direct-velo","22":"tag-directvelo","23":"tag-directvelo-com","24":"tag-epreuve","25":"tag-epreuve-cycliste","26":"tag-federation-francaise-de-cyclisme","27":"tag-ffc","28":"tag-flandres","29":"tag-fr","30":"tag-france","31":"tag-live","32":"tag-live-course","33":"tag-live-epreuve","34":"tag-peloton","35":"tag-radio-peloton","36":"tag-radio-tour","37":"tag-ravitaillement","38":"tag-relance","39":"tag-sports","40":"tag-uci","41":"tag-velo","42":"tag-velos"},"share_on_mastodon":{"url":"https:\/\/pubeurope.com\/@fr\/115743401235067670","error":""},"_links":{"self":[{"href":"https:\/\/www.europesays.com\/fr\/wp-json\/wp\/v2\/posts\/608492","targetHints":{"allow":["GET"]}}],"collection":[{"href":"https:\/\/www.europesays.com\/fr\/wp-json\/wp\/v2\/posts"}],"about":[{"href":"https:\/\/www.europesays.com\/fr\/wp-json\/wp\/v2\/types\/post"}],"author":[{"embeddable":true,"href":"https:\/\/www.europesays.com\/fr\/wp-json\/wp\/v2\/users\/2"}],"replies":[{"embeddable":true,"href":"https:\/\/www.europesays.com\/fr\/wp-json\/wp\/v2\/comments?post=608492"}],"version-history":[{"count":0,"href":"https:\/\/www.europesays.com\/fr\/wp-json\/wp\/v2\/posts\/608492\/revisions"}],"wp:featuredmedia":[{"embeddable":true,"href":"https:\/\/www.europesays.com\/fr\/wp-json\/wp\/v2\/media\/608493"}],"wp:attachment":[{"href":"https:\/\/www.europesays.com\/fr\/wp-json\/wp\/v2\/media?parent=608492"}],"wp:term":[{"taxonomy":"category","embeddable":true,"href":"https:\/\/www.europesays.com\/fr\/wp-json\/wp\/v2\/categories?post=608492"},{"taxonomy":"post_tag","embeddable":true,"href":"https:\/\/www.europesays.com\/fr\/wp-json\/wp\/v2\/tags?post=608492"}],"curies":[{"name":"wp","href":"https:\/\/api.w.org\/{rel}","templated":true}]}}