{"id":608498,"date":"2025-12-19T00:30:18","date_gmt":"2025-12-19T00:30:18","guid":{"rendered":"https:\/\/www.europesays.com\/fr\/608498\/"},"modified":"2025-12-19T00:30:18","modified_gmt":"2025-12-19T00:30:18","slug":"entre-nuances-chromatiques-et-contraste-de-bleu-sean-scully-expose-sa-derniere-serie-de-toiles","status":"publish","type":"post","link":"https:\/\/www.europesays.com\/fr\/608498\/","title":{"rendered":"Entre nuances chromatiques et contraste de bleu, Sean Scully expose sa derni\u00e8re s\u00e9rie de toiles"},"content":{"rendered":"<p>\n    <strong>EXPOSITION &#8211;<\/strong> Pr\u00e9sent dans toutes les grandes collections, l\u2019artiste am\u00e9ricain expose chez Thaddaeus Ropac, dans le Marais, \u00e0 Paris.<\/p>\n<p class=\"fig-paragraph\">Sa peinture puissante, g\u00e9n\u00e9reuse et lumineuse laisse \u00e9clater les \u00e9motions au travers des nuances chromatiques et contraste singuli\u00e8rement avec l\u2019homme c\u00e9r\u00e9bral, peu disert et peu facile \u00e0 aborder. Pourtant, derri\u00e8re les neuf toiles Wall of Light sur fond de cuivre de la nouvelle s\u00e9rie Blue de\u00a0<a href=\"https:\/\/www.lefigaro.fr\/scope\/articles-arts-expositions\/2008\/06\/11\/08006-20080611ARTFIG00792--la-selection-expos-sean-scully-la-surface-peinte-.php\" data-fig-type=\"Article\" data-gtm-custom-categorie=\"navigation\" data-gtm-custom-action=\"crossclick\" data-gtm-custom-label=\"Contextuel\" data-gtm-event=\"customEventSPE\" data-fig-domain=\"LEFIGARO\" target=\"_blank\" rel=\"noopener\">Sean Scully<\/a>, propos\u00e9es entre 500\u00a0000\u00a0et 700\u00a0000 euros, \u00e0 la galerie du Marais de\u00a0<a href=\"https:\/\/www.lefigaro.fr\/arts-expositions\/2018\/11\/02\/03015-20181102ARTFIG00163-thaddaeus-ropac-defendra-l-heritage-de-donald-judd-en-europe.php\" data-fig-type=\"Article\" data-gtm-custom-categorie=\"navigation\" data-gtm-custom-action=\"crossclick\" data-gtm-custom-label=\"Contextuel\" data-gtm-event=\"customEventSPE\" data-fig-domain=\"LEFIGARO\" target=\"_blank\" rel=\"noopener\">Thaddaeus Ropac<\/a>, on a envie d\u2019en savoir plus. D\u2019autant que le galeriste, Autrichien de Paris, se trompe rarement quand il fait entrer un artiste dans son \u00e9curie.<\/p>\n<p class=\"fig-paragraph\">Ces neuf toiles forment un hommage vibrant aux lieux que le bleu \u00e9voque chez l\u2019Irlandais naturalis\u00e9 am\u00e9ricain, n\u00e9 en 1945 \u00e0 Dublin, d\u2019une m\u00e8re chanteuse et d\u2019un p\u00e8re champion de tango. La famille n\u2019eut pas la vie facile quand elle emm\u00e9nagea dans un quartier pauvre du sud de Londres. Sean Scully non plus, quand il perdit son fils Paul, 19\u00a0ans, dans un accident de voiture, au d\u00e9but des ann\u00e9es 1980. Ce bleu qui l\u2019a fait venir \u00e0 l\u2019art \u00e9tait celui de la bicyclette de\u2026<\/p>\n<p class=\"fig-premium-paywall__infos\">\n        Cet article est r\u00e9serv\u00e9 aux abonn\u00e9s.        Il vous reste 66% \u00e0 d\u00e9couvrir.\n    <\/p>\n<p>                <img  data- alt=\"Le Figaro\" class=\"fig-img--complete fig-img\"\/><\/p>\n<p class=\"fig-premium-paywall__title\">Vous avez envie de lire la suite ?<\/p>\n<p class=\"fig-premium-paywall__subtitle\">D\u00e9bloquez tous les articles imm\u00e9diatement.<\/p>\n<p class=\"fig-premium-paywall__connect\">\n                D\u00e9j\u00e0 abonn\u00e9\u00a0?                <a class=\"fig-premium-paywall__connect-link\" href=\"https:\/\/connect.lefigaro.fr\/login?client=horizon_web&amp;type=main&amp;redirect_uri=https%3A%2F%2Fwww.lefigaro.fr%2Farts-expositions%2Fentre-nuances-chromatiques-et-contraste-de-bleu-sean-scully-expose-sa-derniere-serie-de-toiles-20251218\" data-js-gtm=\"{&quot;customCategorie&quot;: &quot;conversion&quot;, &quot;customAction&quot;: &quot;before_Landing_Connexion_paywall_auto&quot;, &quot;customLabel&quot;: &quot;bGVmaWdhcm8uZnJfXzFmMGQwZjg1LWJiNTktNmM2NC04YWNkLWIxMzE4ZDA1MGRiMl9fQXJ0aWNsZQ==_Entre nuances chromatiques et contraste de bleu, Sean Scully expose sa derni\u00e8re s\u00e9rie de toiles_464&quot;, &quot;customIDSPE&quot;: &quot;bGVmaWdhcm8uZnJfXzFmMGQwZjg1LWJiNTktNmM2NC04YWNkLWIxMzE4ZDA1MGRiMl9fQXJ0aWNsZQ==&quot;, &quot;event&quot;: &quot;customEventSPE&quot;}\" target=\"_blank\" rel=\"noopener\"><br \/>\n                    Connectez-vous<br \/>\n                <\/a>\n            <\/p>\n","protected":false},"excerpt":{"rendered":"EXPOSITION &#8211; Pr\u00e9sent dans toutes les grandes collections, l\u2019artiste am\u00e9ricain expose chez Thaddaeus Ropac, dans le Marais, \u00e0&hellip;\n","protected":false},"author":2,"featured_media":608499,"comment_status":"","ping_status":"","sticky":false,"template":"","format":"standard","meta":{"footnotes":""},"categories":[1358],"tags":[1396,1348,1384,1385,1386,58,59,1011,27,626],"class_list":{"0":"post-608498","1":"post","2":"type-post","3":"status-publish","4":"format-standard","5":"has-post-thumbnail","7":"category-arts-et-design","8":"tag-art-contemporain","9":"tag-arts","10":"tag-arts-and-design","11":"tag-arts-et-design","12":"tag-design","13":"tag-divertissement","14":"tag-entertainment","15":"tag-fr","16":"tag-france","17":"tag-paris"},"share_on_mastodon":{"url":"https:\/\/pubeurope.com\/@fr\/115743412915180431","error":""},"_links":{"self":[{"href":"https:\/\/www.europesays.com\/fr\/wp-json\/wp\/v2\/posts\/608498","targetHints":{"allow":["GET"]}}],"collection":[{"href":"https:\/\/www.europesays.com\/fr\/wp-json\/wp\/v2\/posts"}],"about":[{"href":"https:\/\/www.europesays.com\/fr\/wp-json\/wp\/v2\/types\/post"}],"author":[{"embeddable":true,"href":"https:\/\/www.europesays.com\/fr\/wp-json\/wp\/v2\/users\/2"}],"replies":[{"embeddable":true,"href":"https:\/\/www.europesays.com\/fr\/wp-json\/wp\/v2\/comments?post=608498"}],"version-history":[{"count":0,"href":"https:\/\/www.europesays.com\/fr\/wp-json\/wp\/v2\/posts\/608498\/revisions"}],"wp:featuredmedia":[{"embeddable":true,"href":"https:\/\/www.europesays.com\/fr\/wp-json\/wp\/v2\/media\/608499"}],"wp:attachment":[{"href":"https:\/\/www.europesays.com\/fr\/wp-json\/wp\/v2\/media?parent=608498"}],"wp:term":[{"taxonomy":"category","embeddable":true,"href":"https:\/\/www.europesays.com\/fr\/wp-json\/wp\/v2\/categories?post=608498"},{"taxonomy":"post_tag","embeddable":true,"href":"https:\/\/www.europesays.com\/fr\/wp-json\/wp\/v2\/tags?post=608498"}],"curies":[{"name":"wp","href":"https:\/\/api.w.org\/{rel}","templated":true}]}}