{"id":608500,"date":"2025-12-19T00:32:30","date_gmt":"2025-12-19T00:32:30","guid":{"rendered":"https:\/\/www.europesays.com\/fr\/608500\/"},"modified":"2025-12-19T00:32:30","modified_gmt":"2025-12-19T00:32:30","slug":"on-voit-sa-detestation-lea-salame-violemment-taclee-par-matthieu-delormeau-dans-tbt9-apres-avoir-recu-jordan-bardella","status":"publish","type":"post","link":"https:\/\/www.europesays.com\/fr\/608500\/","title":{"rendered":"\u00ab\u00a0On voit sa d\u00e9testation\u00a0\u00bb : L\u00e9a Salam\u00e9 violemment tacl\u00e9e par Matthieu Delormeau dans TBT9 apr\u00e8s avoir re\u00e7u Jordan Bardella"},"content":{"rendered":"<p>La pol\u00e9mique autour du passage de <a href=\"https:\/\/www.public.fr\/tag\/jordan-bardella\" target=\"_blank\" rel=\"noopener\">Jordan Bardella<\/a> dans l\u2019\u00e9mission <strong>Quelle \u00c9poque !<\/strong> sur France 2 continue de faire r\u00e9agir. De passage dans l\u2019hebdomadaire de <a href=\"https:\/\/www.public.fr\/tag\/lea-salame\" target=\"_blank\" rel=\"noopener\">L\u00e9a Salam\u00e9<\/a> samedi dernier, le pr\u00e9sident du Rassemblement national a <a href=\"https:\/\/www.public.fr\/merde-merde-jaurais-du-y-penser-lea-salame-apres-etre-passe-sur-son-plateau-jordan-bardella-regle-ses-comptes\" target=\"_blank\" rel=\"noopener\">publiquement mis en cause le traitement de son interview<\/a>, d\u00e9non\u00e7ant un <strong>montage qu\u2019il juge biais\u00e9 face \u00e0 Darius Rochebin sur<\/strong><strong> LCI.<\/strong> <\/p>\n<p>\u00ab\u00a0On peut faire dire tout et n\u2019importe quoi \u00e0 quelqu\u2019un avec un montage\u00a0\u00bb, a-t-il d\u00e9clar\u00e9, affirmant s\u2019\u00eatre retrouv\u00e9 <strong>\u00ab\u00a0sur un plateau de t\u00e9l\u00e9vision du service public sous les moqueries d\u2019un certain nombre d\u2019observateurs\u00a0\u00bb<\/strong> et regrettant que ses arguments n\u2019aient pas \u00e9t\u00e9 abord\u00e9s sur le fond.\u00a0<\/p>\n<p>Des critiques sur lesquelles ont souhait\u00e9 rebondir <a href=\"https:\/\/www.public.fr\/tag\/cyril-hanouna\" target=\"_blank\" rel=\"noopener\">Cyril Hanouna<\/a> et ses chroniqueurs, ce jeudi 18 d\u00e9cembre 2025 sur le plateau de <strong><a href=\"https:\/\/www.public.fr\/tag\/tout-beau-tout-9\" target=\"_blank\" rel=\"noopener\">Tout beau tout neuf (TBT9)<\/a><\/strong>. L\u2019animateur et ses \u00e9quipes ont en effet s\u2019interroger sur la posture de L\u00e9a Salam\u00e9, animatrice de <strong>Quelle \u00c9poque !<\/strong>, et plus largement sur la question de la neutralit\u00e9 du service public.<\/p>\n<p><strong>La question de la neutralit\u00e9 sur le service public<\/strong> \u00e9voqu\u00e9e sur TBT9<\/p>\n<p>Sur le plateau de <strong>TBT9<\/strong>, <a href=\"https:\/\/vsd.fr\/tag\/cyril-hanouna\/\" target=\"_blank\" rel=\"noopener\">Cyril Hanouna<\/a> lance le d\u00e9bat en \u00e9voquant la prudence que devrait, selon lui, adopter L\u00e9a Salam\u00e9 : \u00ab\u00a0<strong>L\u00e9a Salam\u00e9, elle doit faire triplement attention quand elle re\u00e7oit quelqu\u2019un qui ne vient pas du bord politique de son compagnon.\u00a0\u00bb<\/strong><\/p>\n<p>L\u2019animateur \u00e9largit ensuite la r\u00e9flexion en prenant divers exemples pour \u00e9largir ses propos : \u00ab\u00a0Demain, Jordan Bardella a une fianc\u00e9e. Cette fianc\u00e9e a un talk-show sur France 2. Est-ce que c\u2019est possible ?\u00a0\u00bb. \u00ab\u00a0Non\u00a0\u00bb, r\u00e9pond alors <a href=\"https:\/\/www.public.fr\/tag\/matthieu-delormeau\" target=\"_blank\" rel=\"noopener\">Matthieu Delormeau<\/a> sans h\u00e9siter. <\/p>\n<p>Cyril Hanouna poursuit : \u00ab\u00a0Demain, le candidat de la droite, je sais pas, Xavier Bertrand, Bruno Retailleau, a une fianc\u00e9e. Laurent Wauquiez, sa femme. Elle a un talk-show sur France 2. Est-ce que \u00e7a passe ou pas ?\u00a0\u00bb. \u00ab\u00a0Non. Mais non, mais c\u2019est clair\u00a0\u00bb, insiste alors son chroniqueur avant de poursuivre au sujet de L\u00e9a Salam\u00e9 et France T\u00e9l\u00e9visions : \u00ab\u00a0<strong>Mais non, mais c\u2019est clair et on le sait maintenant, le service public est totalement de gauche.<\/strong>\u00ab\u00a0<\/p>\n<p>Pour Matthieu Delormeau, L\u00e9a Salam\u00e9 affiche clairement sa \u00ab\u00a0d\u00e9testation\u00a0\u00bb de Jordan Bardella<\/p>\n<p>Apr\u00e8s \u00eatre all\u00e9 dans le sens de Cyril Hanouna, Matthieu Delormeau a souhait\u00e9 rench\u00e9rir : \u00ab\u00a0<strong>On voit sa d\u00e9testation pour Jordan Bardella<\/strong>, elle est mari\u00e9e \u00e0 quelqu\u2019un de gauche, elle est sur le service public, elle doit \u00eatre neutre\u00a0\u00bb. Le chroniqueur de <strong>TBT9<\/strong> ne s\u2019arr\u00eate pas l\u00e0 et poursuit : \u00ab\u00a0Tu dis que c\u2019est ton amie, je trouve que c\u2019\u00e9tait une excellente journaliste. Aujourd\u2019hui, je trouve que c\u2019est une bobo parisienne. \u00c7a se voit dans l\u2019action.\u00a0\u00bb<\/p>\n<p>Face \u00e0 ces propos, Cyril Hanouna tient \u00e0 rappeler son attachement personnel et professionnel \u00e0 L\u00e9a Salam\u00e9 :\u00a0\u00bbNon mais, je vais vous dire la v\u00e9rit\u00e9 et j\u2019ai rien contre L\u00e9a Salam\u00e9, mais vraiment. Je l\u2019adore, c\u2019est vraiment une copine\u00a0\u00bb. \u00ab\u00a0Franchement, je l\u2019aime bien et je trouve beaucoup de talent pour moi. C\u2019est une des seules qui a beaucoup de talent encore dans le paf\u00a0\u00bb, ajoute-t-il.<\/p>\n<p>Pour Cyril Hanouna, si certains t\u00e9l\u00e9spectateurs partagent la vision de Matthieu Delormeau, ce serait \u00e0 cause de l\u2019influence du contexte de l\u2019\u00e9mission : \u00ab\u00a0Tu veux que je te dise la v\u00e9rit\u00e9 ? L\u00e9a Salam\u00e9, elle n\u2019est pas du tout comme \u00e7a dans la vie. \u00c7a, c\u2019est l\u2019influence de ce plateau et de ces gens qu\u2019elle a autour du plateau.\u00a0\u00bb<\/p>\n<p>Pour l\u2019animateur de la quotidienne de W9, les invit\u00e9s qui se rendent sur <strong>Quelle \u00c9poque !<\/strong> sont \u00ab\u00a0persuad\u00e9s, tous les invit\u00e9s, de conna\u00eetre et d\u2019\u00eatre dans le vrai et de se dire : \u2018Nous, on a raison, la bonne parole. Nous, on est les humanistes de France et on a la bonne parole\u2019\u00a0\u00bb. \u00ab\u00a0<strong>Mais crois-moi, dans la vie, L\u00e9a Salam\u00e9, elle est tout sauf \u00e7a\u00a0\u00bb<\/strong>, a n\u00e9anmoins conclu Cyril Hanouna pour d\u00e9fendre la compagne de Rapha\u00ebl Glucksmann.<\/p>\n<p>\n          Hits &amp; People en continu\n        <\/p>\n<p>\n          Public Radio\n        <\/p>\n<p>      Mentionn\u00e9s dans cet article<\/p>\n<p>      Sur le m\u00eame sujet<\/p>\n","protected":false},"excerpt":{"rendered":"La pol\u00e9mique autour du passage de Jordan Bardella dans l\u2019\u00e9mission Quelle \u00c9poque ! sur France 2 continue de&hellip;\n","protected":false},"author":2,"featured_media":608501,"comment_status":"","ping_status":"","sticky":false,"template":"","format":"standard","meta":{"footnotes":""},"categories":[1356],"tags":[1083,58,59,1011,27,1077,3806,7830,4495,252,22498,22497,1364],"class_list":{"0":"post-608500","1":"post","2":"type-post","3":"status-publish","4":"format-standard","5":"has-post-thumbnail","7":"category-television","8":"tag-cyril-hanouna","9":"tag-divertissement","10":"tag-entertainment","11":"tag-fr","12":"tag-france","13":"tag-jordan-bardella","14":"tag-lea-salame","15":"tag-matthieu-delormeau","16":"tag-quelle-epoque","17":"tag-television","18":"tag-tout-9-tbt9","19":"tag-tout-beau","20":"tag-tv"},"share_on_mastodon":{"url":"https:\/\/pubeurope.com\/@fr\/115743421214518359","error":""},"_links":{"self":[{"href":"https:\/\/www.europesays.com\/fr\/wp-json\/wp\/v2\/posts\/608500","targetHints":{"allow":["GET"]}}],"collection":[{"href":"https:\/\/www.europesays.com\/fr\/wp-json\/wp\/v2\/posts"}],"about":[{"href":"https:\/\/www.europesays.com\/fr\/wp-json\/wp\/v2\/types\/post"}],"author":[{"embeddable":true,"href":"https:\/\/www.europesays.com\/fr\/wp-json\/wp\/v2\/users\/2"}],"replies":[{"embeddable":true,"href":"https:\/\/www.europesays.com\/fr\/wp-json\/wp\/v2\/comments?post=608500"}],"version-history":[{"count":0,"href":"https:\/\/www.europesays.com\/fr\/wp-json\/wp\/v2\/posts\/608500\/revisions"}],"wp:featuredmedia":[{"embeddable":true,"href":"https:\/\/www.europesays.com\/fr\/wp-json\/wp\/v2\/media\/608501"}],"wp:attachment":[{"href":"https:\/\/www.europesays.com\/fr\/wp-json\/wp\/v2\/media?parent=608500"}],"wp:term":[{"taxonomy":"category","embeddable":true,"href":"https:\/\/www.europesays.com\/fr\/wp-json\/wp\/v2\/categories?post=608500"},{"taxonomy":"post_tag","embeddable":true,"href":"https:\/\/www.europesays.com\/fr\/wp-json\/wp\/v2\/tags?post=608500"}],"curies":[{"name":"wp","href":"https:\/\/api.w.org\/{rel}","templated":true}]}}