{"id":608506,"date":"2025-12-19T00:35:11","date_gmt":"2025-12-19T00:35:11","guid":{"rendered":"https:\/\/www.europesays.com\/fr\/608506\/"},"modified":"2025-12-19T00:35:11","modified_gmt":"2025-12-19T00:35:11","slug":"des-chercheurs-affirment-pouvoir-reboot-vos-yeux-en-deux-jours-pour-guerir-la-perte-de-vision","status":"publish","type":"post","link":"https:\/\/www.europesays.com\/fr\/608506\/","title":{"rendered":"Des chercheurs affirment pouvoir \u00abreboot\u00bb vos yeux en deux jours pour gu\u00e9rir la perte de vision"},"content":{"rendered":"<p>Aux<strong> <\/strong>\u00c9tats-Unis<strong>, <\/strong>environ 7 millions de personnes souffrent d&rsquo;une<br \/>\nd\u00e9ficience visuelle, selon les <a href=\"https:\/\/www.cdc.gov\/vision-health\/data-research\/vision-loss-facts\/index.html\" target=\"_blank\" rel=\"noopener\">Centres pour le<br \/>\ncontr\u00f4le et la pr\u00e9vention des maladies<\/a>. En France, elles seraient <a href=\"https:\/\/handiconnect.fr\/fiches-conseils\/prevalence-etiologies-des-deficiences-visuelles-dv-chez-ladulte\" target=\"_blank\" rel=\"noopener\">entre 1,7 et 2 millions<\/a>. Une nouvelle<br \/>\nm\u00e9thode de traitement pourrait bien changer la donne pour une partie d&rsquo;entre elles. Une \u00e9quipe de<br \/>\nrecherche du Massachusetts Institute of Technology (MIT) a peut-\u00eatre trouv\u00e9 un rem\u00e8de \u00e0 une forme courante de perte de<br \/>\nvision, efficace chez des patients de tous \u00e2ges.<\/p>\n<p>Dans leur \u00e9tude, publi\u00e9e en novembre dans la revue \u00ab<a href=\"https:\/\/www.cell.com\/cell-reports\/fulltext\/S2211-1247(25)01338-5\" target=\"_blank\" rel=\"noopener\">Cell Reports<\/a>\u00bb et relay\u00e9e <a href=\"https:\/\/www.popularmechanics.com\/science\/health\/a69713182\/new-amblyopia-treatment-research\/\" target=\"_blank\" rel=\"noopener\">par le m\u00e9dia Popular Mechanics<\/a><a href=\"https:\/\/www.popularmechanics.com\/science\/health\/a69713182\/new-amblyopia-treatment-research\/\" target=\"_blank\" rel=\"noopener\">, l&rsquo;\u00e9quipe a test\u00e9 une m\u00e9thode r\u00e9volutionnaire: l&rsquo;anesth\u00e9sie d&rsquo;une r\u00e9tine d\u00e9faillante permettant de \u00abr\u00e9initialiser\u00bb ou reboot la vision. Leurs travaux se concentrent uniquement sur un type particulier de d\u00e9ficience visuelle<br \/>\nappel\u00e9 l&rsquo;amblyopie, ou \u0153il paresseux. Chez ces patients, le cerveau devient<br \/>\nprogressivement d\u00e9pendant d&rsquo;un des deux yeux\u00a0\u2013sans que l&rsquo;autre ne soit pourtant d\u00e9faillant\u2013 ce qui entra\u00eene une diminution<br \/>\nde la vision dans l&rsquo;\u0153il moins utilis\u00e9.<\/p>\n<p>        <img decoding=\"async\" alt=\"Abonnez-vous gratuitement \u00e0 la newsletter de Slate !\" loading=\"lazy\" class=\"ms-4 ms-md-0\" width=\"82\" height=\"82\" src=\"https:\/\/www.slate.fr\/assets\/newsletter-dd7c4ea7fb4ce45aacc56875521d4bde7ec4ba23f0a0ae088566df808b3a80c3.svg\"\/><br \/>\n        Abonnez-vous gratuitement \u00e0 la newsletter de Slate !Les articles sont s\u00e9lectionn\u00e9s pour vous, en fonction de vos centres d\u2019int\u00e9r\u00eat, tous les jours dans votre bo\u00eete mail.<\/p>\n<p>Les traitements classiques comprennent des gouttes ophtalmiques,<br \/>\nle port d&rsquo;un cache-\u0153il, ou m\u00eame une intervention<br \/>\nchirurgicale lorsqu&rsquo;une affection sous-jacente est en cause.<br \/>\nToutefois, ces m\u00e9thodes ne sont pas toujours efficaces, en particulier lorsque<br \/>\nles patients ne prennent pas leurs traitements r\u00e9guli\u00e8rement ou lorsqu&rsquo;ils ont<br \/>\nd\u00e9j\u00e0 atteint l&rsquo;<a href=\"https:\/\/www.slate.fr\/story\/236060\/age-adulte-neurosciences-developpement-cerveau-maturite-neurones\" target=\"_blank\" rel=\"noopener\">\u00e2ge adulte<\/a>. Ce nouveau traitement exp\u00e9rimental, quant \u00e0 lui, ne n\u00e9cessite pas de prise quotidienne de <a href=\"https:\/\/www.slate.fr\/sciences\/medicament-vieillissement-mort-necrose-sciences-scientifique-decouverte-maladie\" target=\"_blank\" rel=\"noopener\">m\u00e9dicaments<\/a>.<\/p>\n<p>Juste une petite piq\u00fbre dans l&rsquo;\u0153il, c&rsquo;est rien<\/p>\n<p>Dans le cadre de leurs recherches, les scientifiques ont anesth\u00e9si\u00e9 la r\u00e9tine de l&rsquo;\u0153il paresseux de <a href=\"https:\/\/www.slate.fr\/sante\/recherche-prolonger-vie-souris-cocktail-vieillissement-cancer-traitement\" target=\"_blank\" rel=\"noopener\">souris<\/a> \u00e0 l&rsquo;aide de la t\u00e9trodotoxine, une toxine naturellement pr\u00e9sente chez des esp\u00e8ces comme le poisson-globe. Apr\u00e8s deux jours d&rsquo;inactivation, ils ont observ\u00e9 une restauration des r\u00e9ponses visuelles dans le cortex visuel, sugg\u00e9rant que l&rsquo;\u0153il d\u00e9ficient pouvait \u00eatre d\u00e9sactiv\u00e9 puis r\u00e9activ\u00e9, comme si on avait simplement appuy\u00e9 sur un interrupteur.<\/p>\n<p>Le laboratoire de Mark Bear, auteur principal de l&rsquo;\u00e9tude, avait d\u00e9j\u00e0 \u00e9tudi\u00e9 l&rsquo;amblyopie pr\u00e9c\u00e9demment. En 2008, ses \u00e9quipes avaient d\u00e9montr\u00e9 que bloquer les signaux de la r\u00e9tine d\u00e9clenchait des impulsions \u00e9lectriques semblables \u00e0 celles constat\u00e9es lors du d\u00e9veloppement pr\u00e9natal. Dans les travaux les plus r\u00e9cents, c&rsquo;est le blocage de ces m\u00e9canismes qui a rendu le traitement inefficace, confirmant leur r\u00f4le-cl\u00e9 dans le processus de gu\u00e9rison.<\/p>\n<p>Selon Mark Bear, il faudrait d\u00e9sormais tester la m\u00e9thode sur des <a href=\"https:\/\/www.slate.fr\/sciences\/biodiversite-especes-inconnues-dark-taxa-recherche-terre-biologiste-microbes-insectes-decouverte\" target=\"_blank\" rel=\"noopener\">esp\u00e8ces<\/a> au syst\u00e8me visuel plus complexe que les souris, avant d&rsquo;envisager des essais cliniques chez l&rsquo;<a href=\"https:\/\/www.slate.fr\/sciences\/monde-moderne-evolution-corps-humain-genetique-pollution-fertilite-stress-maladies-organismes-terre-planete\" target=\"_blank\" rel=\"noopener\">humain<\/a>. En attendant, l&rsquo;\u00e9quipe poursuit ses recherches sur les souris afin de mieux comprendre les m\u00e9canismes du traitement \u00e0 la t\u00e9trodotoxine.<\/p>\n<p>Les chercheurs sont \u00abprudemment optimistes quant au<br \/>\nfait que ces d\u00e9couvertes pourraient conduire \u00e0 un nouveau traitement\u00bb<br \/>\npour les patients atteints d&rsquo;<a href=\"https:\/\/www.slate.fr\/story\/98803\/dig-rush-traitement-amblyopie\" target=\"_blank\" rel=\"noopener\">amblyopie<\/a> \u00e0 l&rsquo;avenir.<\/p>\n","protected":false},"excerpt":{"rendered":"Aux \u00c9tats-Unis, environ 7 millions de personnes souffrent d&rsquo;une d\u00e9ficience visuelle, selon les Centres pour le contr\u00f4le et&hellip;\n","protected":false},"author":2,"featured_media":608507,"comment_status":"","ping_status":"","sticky":false,"template":"","format":"standard","meta":{"footnotes":""},"categories":[10],"tags":[1011,27,72,71],"class_list":{"0":"post-608506","1":"post","2":"type-post","3":"status-publish","4":"format-standard","5":"has-post-thumbnail","7":"category-sante","8":"tag-fr","9":"tag-france","10":"tag-health","11":"tag-sante"},"share_on_mastodon":{"url":"https:\/\/pubeurope.com\/@fr\/115743433563381420","error":""},"_links":{"self":[{"href":"https:\/\/www.europesays.com\/fr\/wp-json\/wp\/v2\/posts\/608506","targetHints":{"allow":["GET"]}}],"collection":[{"href":"https:\/\/www.europesays.com\/fr\/wp-json\/wp\/v2\/posts"}],"about":[{"href":"https:\/\/www.europesays.com\/fr\/wp-json\/wp\/v2\/types\/post"}],"author":[{"embeddable":true,"href":"https:\/\/www.europesays.com\/fr\/wp-json\/wp\/v2\/users\/2"}],"replies":[{"embeddable":true,"href":"https:\/\/www.europesays.com\/fr\/wp-json\/wp\/v2\/comments?post=608506"}],"version-history":[{"count":0,"href":"https:\/\/www.europesays.com\/fr\/wp-json\/wp\/v2\/posts\/608506\/revisions"}],"wp:featuredmedia":[{"embeddable":true,"href":"https:\/\/www.europesays.com\/fr\/wp-json\/wp\/v2\/media\/608507"}],"wp:attachment":[{"href":"https:\/\/www.europesays.com\/fr\/wp-json\/wp\/v2\/media?parent=608506"}],"wp:term":[{"taxonomy":"category","embeddable":true,"href":"https:\/\/www.europesays.com\/fr\/wp-json\/wp\/v2\/categories?post=608506"},{"taxonomy":"post_tag","embeddable":true,"href":"https:\/\/www.europesays.com\/fr\/wp-json\/wp\/v2\/tags?post=608506"}],"curies":[{"name":"wp","href":"https:\/\/api.w.org\/{rel}","templated":true}]}}