{"id":608516,"date":"2025-12-19T00:40:13","date_gmt":"2025-12-19T00:40:13","guid":{"rendered":"https:\/\/www.europesays.com\/fr\/608516\/"},"modified":"2025-12-19T00:40:13","modified_gmt":"2025-12-19T00:40:13","slug":"trump-accole-son-nom-au-kennedy-center-la-celebre-salle-de-spectacle-de-washington","status":"publish","type":"post","link":"https:\/\/www.europesays.com\/fr\/608516\/","title":{"rendered":"Trump accole son nom au Kennedy Center, la c\u00e9l\u00e8bre salle de spectacle de Washington"},"content":{"rendered":"<p>C\u2019est un symbole culturel majeur de la capitale am\u00e9ricaine qui vient de changer d\u2019identit\u00e9. Le Kennedy Center, haut lieu des arts du spectacle \u00e0 Washington, portera d\u00e9sormais le nom de Trump-Kennedy Center, \u00e0 la suite d\u2019une d\u00e9cision prise par son conseil d\u2019administration, d\u00e9sormais compos\u00e9 en majorit\u00e9 de proches de <a href=\"https:\/\/www.20minutes.fr\/dossier\/donald_trump\" target=\"_blank\" class=\"c-link c-link--is-underlined\" rel=\"noopener\">Donald Trump<\/a>. L\u2019annonce a \u00e9t\u00e9 confirm\u00e9e jeudi par la <a href=\"https:\/\/www.20minutes.fr\/dossier\/maison_blanche\" target=\"_blank\" class=\"c-link c-link--is-underlined\" rel=\"noopener\">Maison-Blanche<\/a>, marquant une nouvelle \u00e9tape dans la politisation assum\u00e9e de cette institution historiquement apolitique.<\/p>\n<p>La pr\u00e9sidence am\u00e9ricaine revendique un r\u00f4le central dans cette transformation. Dans un message publi\u00e9 sur X, la porte-parole de la Maison-Blanche, Karoline Leavitt, a d\u00e9fendu ce choix en soulignant \u00ab\u00a0le travail incroyable fait cette ann\u00e9e par le pr\u00e9sident Trump pour sauver le b\u00e2timent. Pas seulement du point de vue de sa reconstruction, mais aussi de ses finances et de sa r\u00e9putation\u00a0\u00bb. Une justification qui lie directement le changement de nom au bilan revendiqu\u00e9 de Donald Trump \u00e0 la t\u00eate de l\u2019\u00e9tablissement.<\/p>\n<\/p>\n<p>Personnalisation du pouvoir autour de Trump<\/p>\n<p>Ce nouvel affichage s\u2019inscrit dans une dynamique plus large autour de la personnalisation du pouvoir. Donald Trump, ancien promoteur immobilier devenu pr\u00e9sident, a b\u00e2ti sa carri\u00e8re sur la valorisation de son patronyme, qu\u2019il a transform\u00e9 en marque mondiale. R\u00e9cemment, son nom a \u00e9galement \u00e9t\u00e9 grav\u00e9 sur la fa\u00e7ade d\u2019un Institut de la paix \u00e0 <a href=\"https:\/\/www.20minutes.fr\/dossier\/washington\" target=\"_blank\" class=\"c-link c-link--is-underlined\" rel=\"noopener\">Washington<\/a>, une d\u00e9cision prise cette fois par le d\u00e9partement d\u2019Etat, confirmant cette volont\u00e9 d\u2019inscrire durablement son empreinte dans le paysage institutionnel.<\/p>\n<p><a href=\"https:\/\/www.20minutes.fr\/monde\/etats-unis\/\" target=\"_blank\" class=\"c-link c-btn c-btn--primary\" rel=\"noopener\">Notre dossier sur les Etats-Unis<\/a><\/p>\n<p>Le contr\u00f4le du Kennedy Center par l\u2019entourage de Donald Trump a aussi entra\u00een\u00e9 une r\u00e9orientation profonde de sa programmation. Le pr\u00e9sident a pris part \u00e0 une soir\u00e9e de gala du centre et en a fait un vecteur de son approche conservatrice de la <a href=\"https:\/\/www.20minutes.fr\/arts-stars\/culture\/\" target=\"_blank\" class=\"c-link c-link--is-underlined\" rel=\"noopener\">culture<\/a>. Les drag shows et \u00e9v\u00e9nements c\u00e9l\u00e9brant la communaut\u00e9 <a href=\"https:\/\/www.20minutes.fr\/dossier\/lgbt\" target=\"_blank\" class=\"c-link c-link--is-underlined\" rel=\"noopener\">LGBT<\/a> ont \u00e9t\u00e9 supprim\u00e9s, tandis que des conf\u00e9rences issues de la droite religieuse et des artistes chr\u00e9tiens ont \u00e9t\u00e9 invit\u00e9s \u00e0 s\u2019y produire. Selon la presse am\u00e9ricaine, cette nouvelle ligne \u00e9ditoriale s\u2019accompagne d\u2019un recul des ventes de billets, signe d\u2019une fracture persistante autour de l\u2019avenir culturel du lieu.<\/p>\n","protected":false},"excerpt":{"rendered":"C\u2019est un symbole culturel majeur de la capitale am\u00e9ricaine qui vient de changer d\u2019identit\u00e9. Le Kennedy Center, haut&hellip;\n","protected":false},"author":2,"featured_media":608517,"comment_status":"","ping_status":"","sticky":false,"template":"","format":"standard","meta":{"footnotes":""},"categories":[5],"tags":[47,11,251,75,73,1011,27,14,78,74,12,2744,28],"class_list":{"0":"post-608516","1":"post","2":"type-post","3":"status-publish","4":"format-standard","5":"has-post-thumbnail","7":"category-international","8":"tag-actualite","9":"tag-actualites","10":"tag-culture","11":"tag-donald-trump","12":"tag-etats-unis","13":"tag-fr","14":"tag-france","15":"tag-international","16":"tag-maison-blanche","17":"tag-monde","18":"tag-news","19":"tag-washington","20":"tag-world"},"share_on_mastodon":{"url":"","error":""},"_links":{"self":[{"href":"https:\/\/www.europesays.com\/fr\/wp-json\/wp\/v2\/posts\/608516","targetHints":{"allow":["GET"]}}],"collection":[{"href":"https:\/\/www.europesays.com\/fr\/wp-json\/wp\/v2\/posts"}],"about":[{"href":"https:\/\/www.europesays.com\/fr\/wp-json\/wp\/v2\/types\/post"}],"author":[{"embeddable":true,"href":"https:\/\/www.europesays.com\/fr\/wp-json\/wp\/v2\/users\/2"}],"replies":[{"embeddable":true,"href":"https:\/\/www.europesays.com\/fr\/wp-json\/wp\/v2\/comments?post=608516"}],"version-history":[{"count":0,"href":"https:\/\/www.europesays.com\/fr\/wp-json\/wp\/v2\/posts\/608516\/revisions"}],"wp:featuredmedia":[{"embeddable":true,"href":"https:\/\/www.europesays.com\/fr\/wp-json\/wp\/v2\/media\/608517"}],"wp:attachment":[{"href":"https:\/\/www.europesays.com\/fr\/wp-json\/wp\/v2\/media?parent=608516"}],"wp:term":[{"taxonomy":"category","embeddable":true,"href":"https:\/\/www.europesays.com\/fr\/wp-json\/wp\/v2\/categories?post=608516"},{"taxonomy":"post_tag","embeddable":true,"href":"https:\/\/www.europesays.com\/fr\/wp-json\/wp\/v2\/tags?post=608516"}],"curies":[{"name":"wp","href":"https:\/\/api.w.org\/{rel}","templated":true}]}}