{"id":608518,"date":"2025-12-19T00:41:13","date_gmt":"2025-12-19T00:41:13","guid":{"rendered":"https:\/\/www.europesays.com\/fr\/608518\/"},"modified":"2025-12-19T00:41:13","modified_gmt":"2025-12-19T00:41:13","slug":"a-lassemblee-thomas-legrand-et-patrick-cohen-face-a-une-commission-hostile-liberation","status":"publish","type":"post","link":"https:\/\/www.europesays.com\/fr\/608518\/","title":{"rendered":"\u00e0 l\u2019Assembl\u00e9e, Thomas Legrand et Patrick Cohen face \u00e0 une commission hostile \u2013 Lib\u00e9ration"},"content":{"rendered":"<p class=\"sc-cPiKLX AiZTS text-element\">Apr\u00e8s une quinzaine d\u2019auditions de <a href=\"https:\/\/www.liberation.fr\/economie\/medias\/radio-france-et-france-televisions-au-crible-des-deputes-ce-nest-pas-une-commission-denquete-sur-mais-contre-laudiovisuel-public-20251125_JMLMLR3BENGZ3JHOLGK7R6SRLE\/\" target=\"_blank\" rel=\"noopener\" title=\"https:\/\/www.liberation.fr\/economie\/medias\/radio-france-et-france-televisions-au-crible-des-deputes-ce-nest-pas-une-commission-denquete-sur-mais-contre-laudiovisuel-public-20251125_JMLMLR3BENGZ3JHOLGK7R6SRLE\/\">la commission d\u2019enqu\u00eate parlementaire de l\u2019Assembl\u00e9e nationale<\/a> \u00absur la neutralit\u00e9, le fonctionnement et le financement de l\u2019audiovisuel public\u00bb, la m\u00e9thode du rapporteur ciottiste, Charles Alloncle, n\u2019est plus \u00e0 pr\u00e9senter. Le d\u00e9put\u00e9 de l\u2019H\u00e9rault, alli\u00e9 d\u2019un RN qui r\u00eave ouvertement de privatiser l\u2019audiovisuel public, pose des questions, les plus inquisitoires et \u00e0 charge possible, et n\u2019\u00e9coute pas les r\u00e9ponses. \u00c7a ne l\u2019int\u00e9resse pas, ses conclusions sont d\u00e9j\u00e0 \u00e9crites. Les voici en exclusivit\u00e9 : l\u2019audiovisuel public co\u00fbte trop cher, il roule pour la gauche (pour le PS ?) et est tr\u00e8s m\u00e9chant avec l\u2019extr\u00eame droite, donc ce serait bien s\u2019il pouvait dispara\u00eetre.<\/p>\n<p class=\"sc-cPiKLX AiZTS text-element\">C\u2019\u00e9tait important de l\u2019avoir en t\u00eate avant les auditions de ce jeudi 18 d\u00e9cembre, r\u00e9unissant la directrice de France Inter, Ad\u00e8le Van Reeth, le num\u00e9ro 2 de France T\u00e9l\u00e9visions, St\u00e9phane Sitbon-Gomez, et surtout les journalistes Patrick Cohen et Thomas Legrand (\u00e9ditorialiste \u00e0 Lib\u00e9ration). Soit No\u00ebl avant l\u2019heure pour Charles <\/p>\n","protected":false},"excerpt":{"rendered":"Apr\u00e8s une quinzaine d\u2019auditions de la commission d\u2019enqu\u00eate parlementaire de l\u2019Assembl\u00e9e nationale \u00absur la neutralit\u00e9, le fonctionnement et&hellip;\n","protected":false},"author":2,"featured_media":608519,"comment_status":"","ping_status":"","sticky":false,"template":"","format":"standard","meta":{"footnotes":""},"categories":[4],"tags":[11,416,1011,27,2400,12,10316,25],"class_list":{"0":"post-608518","1":"post","2":"type-post","3":"status-publish","4":"format-standard","5":"has-post-thumbnail","7":"category-france","8":"tag-actualites","9":"tag-assemblee-nationale","10":"tag-fr","11":"tag-france","12":"tag-france-televisions","13":"tag-news","14":"tag-radio-france","15":"tag-republique-francaise"},"share_on_mastodon":{"url":"https:\/\/pubeurope.com\/@fr\/115743456788182157","error":""},"_links":{"self":[{"href":"https:\/\/www.europesays.com\/fr\/wp-json\/wp\/v2\/posts\/608518","targetHints":{"allow":["GET"]}}],"collection":[{"href":"https:\/\/www.europesays.com\/fr\/wp-json\/wp\/v2\/posts"}],"about":[{"href":"https:\/\/www.europesays.com\/fr\/wp-json\/wp\/v2\/types\/post"}],"author":[{"embeddable":true,"href":"https:\/\/www.europesays.com\/fr\/wp-json\/wp\/v2\/users\/2"}],"replies":[{"embeddable":true,"href":"https:\/\/www.europesays.com\/fr\/wp-json\/wp\/v2\/comments?post=608518"}],"version-history":[{"count":0,"href":"https:\/\/www.europesays.com\/fr\/wp-json\/wp\/v2\/posts\/608518\/revisions"}],"wp:featuredmedia":[{"embeddable":true,"href":"https:\/\/www.europesays.com\/fr\/wp-json\/wp\/v2\/media\/608519"}],"wp:attachment":[{"href":"https:\/\/www.europesays.com\/fr\/wp-json\/wp\/v2\/media?parent=608518"}],"wp:term":[{"taxonomy":"category","embeddable":true,"href":"https:\/\/www.europesays.com\/fr\/wp-json\/wp\/v2\/categories?post=608518"},{"taxonomy":"post_tag","embeddable":true,"href":"https:\/\/www.europesays.com\/fr\/wp-json\/wp\/v2\/tags?post=608518"}],"curies":[{"name":"wp","href":"https:\/\/api.w.org\/{rel}","templated":true}]}}