{"id":608520,"date":"2025-12-19T00:42:17","date_gmt":"2025-12-19T00:42:17","guid":{"rendered":"https:\/\/www.europesays.com\/fr\/608520\/"},"modified":"2025-12-19T00:42:17","modified_gmt":"2025-12-19T00:42:17","slug":"vendredi-noir-annonce-sur-les-routes-davignon-forte-mobilisation-attendue","status":"publish","type":"post","link":"https:\/\/www.europesays.com\/fr\/608520\/","title":{"rendered":"vendredi noir annonc\u00e9 sur les routes d&rsquo;Avignon, forte mobilisation attendue"},"content":{"rendered":"<p>La circulation s\u2019annonce donc tr\u00e8s perturb\u00e9e ce vendredi 19\u00a0d\u00e9cembre. D\u00e8s 6 h 30, deux op\u00e9rations escargot vont s\u2019\u00e9lancer jusqu\u2019\u00e0 la pr\u00e9fecture de Vaucluse. Un premier cort\u00e8ge partira du restaurant Courtepaille, coll\u00e9 \u00e0 l\u2019a\u00e9roport, et empruntera la route de Marseille, dans le sud d\u2019Avignon. Un second s\u2019\u00e9lancera du parking de l\u2019hypermarch\u00e9 Auchan du Pontet au nord de la ville.<\/p>\n<p>Entre 7 h et 7 h 30 devant la pr\u00e9fecture<\/p>\n<p>En parall\u00e8le, les tracteurs progresseront jusqu\u2019\u00e0 la pr\u00e9fecture, soit en empruntant la voie rapide, c\u2019est-\u00e0-dire la D225, puis la D907 le long des bords du Rh\u00f4ne, et par l\u2019avenue Pierre Semard.<\/p>\n<p>Ces deux des principaux axes routiers permettant d\u2019acc\u00e9der au c\u0153ur de la cit\u00e9 seront satur\u00e9s et de grosses perturbations sont attendues pour les automobilistes arrivant de <a href=\"https:\/\/www.laprovence.com\/vaucluse\/carpentras-84031\" target=\"_blank\" rel=\"noopener\">Carpentras, <\/a><a href=\"https:\/\/www.laprovence.com\/vaucluse\/cavaillon-84035\" target=\"_blank\" rel=\"noopener\">Cavaillon <\/a>et d\u2019<a href=\"https:\/\/www.laprovence.com\/vaucluse\/orange-84087\" target=\"_blank\" rel=\"noopener\">Orange<\/a>. Une matin\u00e9e noire sur les routes.<\/p>\n","protected":false},"excerpt":{"rendered":"La circulation s\u2019annonce donc tr\u00e8s perturb\u00e9e ce vendredi 19\u00a0d\u00e9cembre. D\u00e8s 6 h 30, deux op\u00e9rations escargot vont s\u2019\u00e9lancer&hellip;\n","protected":false},"author":2,"featured_media":608521,"comment_status":"","ping_status":"","sticky":false,"template":"","format":"standard","meta":{"footnotes":""},"categories":[2],"tags":[17,11,2572,2562,3254,1011,27,151,12,3624,104,3356,6949],"class_list":{"0":"post-608520","1":"post","2":"type-post","3":"status-publish","4":"format-standard","5":"has-post-thumbnail","7":"category-actualites","8":"tag-17","9":"tag-actualites","10":"tag-agriculteurs","11":"tag-annonce","12":"tag-colere","13":"tag-fr","14":"tag-france","15":"tag-les","16":"tag-news","17":"tag-noir","18":"tag-societe","19":"tag-sur","20":"tag-vendredi"},"share_on_mastodon":{"url":"https:\/\/pubeurope.com\/@fr\/115743460229198968","error":""},"_links":{"self":[{"href":"https:\/\/www.europesays.com\/fr\/wp-json\/wp\/v2\/posts\/608520","targetHints":{"allow":["GET"]}}],"collection":[{"href":"https:\/\/www.europesays.com\/fr\/wp-json\/wp\/v2\/posts"}],"about":[{"href":"https:\/\/www.europesays.com\/fr\/wp-json\/wp\/v2\/types\/post"}],"author":[{"embeddable":true,"href":"https:\/\/www.europesays.com\/fr\/wp-json\/wp\/v2\/users\/2"}],"replies":[{"embeddable":true,"href":"https:\/\/www.europesays.com\/fr\/wp-json\/wp\/v2\/comments?post=608520"}],"version-history":[{"count":0,"href":"https:\/\/www.europesays.com\/fr\/wp-json\/wp\/v2\/posts\/608520\/revisions"}],"wp:featuredmedia":[{"embeddable":true,"href":"https:\/\/www.europesays.com\/fr\/wp-json\/wp\/v2\/media\/608521"}],"wp:attachment":[{"href":"https:\/\/www.europesays.com\/fr\/wp-json\/wp\/v2\/media?parent=608520"}],"wp:term":[{"taxonomy":"category","embeddable":true,"href":"https:\/\/www.europesays.com\/fr\/wp-json\/wp\/v2\/categories?post=608520"},{"taxonomy":"post_tag","embeddable":true,"href":"https:\/\/www.europesays.com\/fr\/wp-json\/wp\/v2\/tags?post=608520"}],"curies":[{"name":"wp","href":"https:\/\/api.w.org\/{rel}","templated":true}]}}