{"id":608522,"date":"2025-12-19T00:43:16","date_gmt":"2025-12-19T00:43:16","guid":{"rendered":"https:\/\/www.europesays.com\/fr\/608522\/"},"modified":"2025-12-19T00:43:16","modified_gmt":"2025-12-19T00:43:16","slug":"saint-chamond-evacuation-dun-lycee-apres-la-decouverte-dun-obus","status":"publish","type":"post","link":"https:\/\/www.europesays.com\/fr\/608522\/","title":{"rendered":"Saint-Chamond : \u00e9vacuation d&rsquo;un lyc\u00e9e apr\u00e8s la d\u00e9couverte d&rsquo;un obus\u00a0"},"content":{"rendered":"<p>Ce jeudi 18 d\u00e9cembre, le lyc\u00e9e Claude Lebois \u00e0 Saint-Chamond a \u00e9t\u00e9 \u00e9vacu\u00e9 apr\u00e8s la d\u00e9couverte d&rsquo;un obus au cours de travaux. Un p\u00e9rim\u00e8tre de s\u00e9curit\u00e9 a \u00e9t\u00e9 \u00e9tabli et les d\u00e9mineurs sont sur place.<\/p>\n<p>Une \u00e9quipe de d\u00e9minage est sur les lieux. Ce jeudi 19 d\u00e9cembre, sur la commune de <b>Saint-Chamond<\/b> (Loire), les \u00e9l\u00e8ves du <b>lyc\u00e9e Claude Lebois<\/b> ont \u00e9t\u00e9 contraint <b>d&rsquo;\u00e9vacuer<\/b> leur \u00e9tablissement.<\/p>\n<p>Un obus d\u00e9couvert dans le lyc\u00e9e<\/p>\n<p>La raison : <b>un obus<\/b> a \u00e9t\u00e9 d\u00e9couvert vers 14h par des ouvriers lors de travaux de r\u00e9fection dans l&rsquo;enceinte du lyc\u00e9e.<\/p>\n<p>Un p\u00e9rim\u00e8tre de s\u00e9curit\u00e9 a \u00e9t\u00e9 mis en place.\u00a0<\/p>\n<p>Plus d&rsquo;informations \u00e0 venir&#8230;<\/p>\n<p><img loading=\"lazy\" decoding=\"async\" src=\"https:\/\/www.europesays.com\/fr\/wp-content\/uploads\/2025\/12\/1766104996_82_img\" width=\"350\" height=\"200\" border=\"0\" title=\"Saint-\u00c3\u0089tienne : il est contr\u00c3\u00b4l\u00c3\u00a9 par la police \u00c3\u00a0 la veille de passer le permis de conduire\"\/><\/p>\n<p>\u25baFaits divers<\/p>\n<p style=\"font-size: 22px;\"><b>Saint-\u00c9tienne : \u00e0 la veille de passer son permis, il est arr\u00eat\u00e9 au volant d&rsquo;une voiture<\/b><\/p>\n<p>Un jeune homme de 24 ans a \u00e9t\u00e9 plac\u00e9 en garde&#8230;<\/p>\n<p><\/p>\n","protected":false},"excerpt":{"rendered":"Ce jeudi 18 d\u00e9cembre, le lyc\u00e9e Claude Lebois \u00e0 Saint-Chamond a \u00e9t\u00e9 \u00e9vacu\u00e9 apr\u00e8s la d\u00e9couverte d&rsquo;un obus&hellip;\n","protected":false},"author":2,"featured_media":608523,"comment_status":"","ping_status":"","sticky":false,"template":"","format":"standard","meta":{"footnotes":""},"categories":[9653],"tags":[1111,11,2430,1777,674,1011,27,32538,12,16141,25,9669,4001],"class_list":{"0":"post-608522","1":"post","2":"type-post","3":"status-publish","4":"format-standard","5":"has-post-thumbnail","7":"category-saint-etienne","8":"tag-actu","9":"tag-actualites","10":"tag-auvergne-rhone-alpes","11":"tag-eu","12":"tag-europe","13":"tag-fr","14":"tag-france","15":"tag-lyce","16":"tag-news","17":"tag-obus","18":"tag-republique-francaise","19":"tag-saint-chamond","20":"tag-saint-etienne"},"share_on_mastodon":{"url":"https:\/\/pubeurope.com\/@fr\/115743465057584080","error":""},"_links":{"self":[{"href":"https:\/\/www.europesays.com\/fr\/wp-json\/wp\/v2\/posts\/608522","targetHints":{"allow":["GET"]}}],"collection":[{"href":"https:\/\/www.europesays.com\/fr\/wp-json\/wp\/v2\/posts"}],"about":[{"href":"https:\/\/www.europesays.com\/fr\/wp-json\/wp\/v2\/types\/post"}],"author":[{"embeddable":true,"href":"https:\/\/www.europesays.com\/fr\/wp-json\/wp\/v2\/users\/2"}],"replies":[{"embeddable":true,"href":"https:\/\/www.europesays.com\/fr\/wp-json\/wp\/v2\/comments?post=608522"}],"version-history":[{"count":0,"href":"https:\/\/www.europesays.com\/fr\/wp-json\/wp\/v2\/posts\/608522\/revisions"}],"wp:featuredmedia":[{"embeddable":true,"href":"https:\/\/www.europesays.com\/fr\/wp-json\/wp\/v2\/media\/608523"}],"wp:attachment":[{"href":"https:\/\/www.europesays.com\/fr\/wp-json\/wp\/v2\/media?parent=608522"}],"wp:term":[{"taxonomy":"category","embeddable":true,"href":"https:\/\/www.europesays.com\/fr\/wp-json\/wp\/v2\/categories?post=608522"},{"taxonomy":"post_tag","embeddable":true,"href":"https:\/\/www.europesays.com\/fr\/wp-json\/wp\/v2\/tags?post=608522"}],"curies":[{"name":"wp","href":"https:\/\/api.w.org\/{rel}","templated":true}]}}