{"id":608524,"date":"2025-12-19T00:44:13","date_gmt":"2025-12-19T00:44:13","guid":{"rendered":"https:\/\/www.europesays.com\/fr\/608524\/"},"modified":"2025-12-19T00:44:13","modified_gmt":"2025-12-19T00:44:13","slug":"chelsea-offre-8-millions-deuros-pour-un-attaquant","status":"publish","type":"post","link":"https:\/\/www.europesays.com\/fr\/608524\/","title":{"rendered":"Chelsea offre 8 millions d&rsquo;euros pour un attaquant"},"content":{"rendered":"<p data-start=\"0\" data-end=\"596\">Les dirigeants de Kilmer Sports Ventures (KSV), nouveaux propri\u00e9taires de l&rsquo;AS Saint-\u00c9tienne (Ligue 2), ont du mal \u00e0 garder leur p\u00e9pite dans le Forez. Apr\u00e8s Mathis Amougou, le milieu de terrain parti \u00e0 Chelsea l&rsquo;hiver dernier pour 15 M\u20ac avant d\u2019\u00eatre pr\u00eat\u00e9 \u00e0 Strasbourg cet \u00e9t\u00e9, c\u2019est au tour du jeune Djylian N&rsquo;Guessan (17 ans) de se trouver sur le d\u00e9part. Le natif de Saint-Nazaire (Loire-Atlantique) refuse de prolonger chez les Verts. Son contrat de trois ans arrivant \u00e0 expiration le 30 juin 2027, ses dirigeants se sont r\u00e9solus \u00e0 vendre l\u2019un des joueurs les plus prometteurs de sa g\u00e9n\u00e9ration.<\/p>\n<p><strong data-start=\"598\" data-end=\"641\">12,5 M\u20ac r\u00e9clam\u00e9s pour Djylian N&rsquo;Guessan<\/strong><\/p>\n<p data-start=\"643\" data-end=\"1207\" data-is-last-node=\"\" data-is-only-node=\"\">Comme pour Amougou, ce sont les Blues qui sont sur le coup, d\u2019apr\u00e8s les informations de L\u2019\u00c9quipe. BlueCo, consortium am\u00e9ricain propri\u00e9taire des Blues de Chelsea et des Bleus de Strasbourg, voudrait voir l\u2019attaquant tomber dans son giron. \u00c0 cet effet, le club londonien a adress\u00e9 une premi\u00e8re offre de 8 M\u20ac. Repouss\u00e9e par les dirigeants st\u00e9phanois, qui ont fix\u00e9 le prix de vente acceptable pour N&rsquo;Guessan \u00e0 12,5 M\u20ac au moins. Autre signe de la fracture irr\u00e9parable entre le board st\u00e9phanois et la famille N&rsquo;Guessan : le fr\u00e8re cadet de Djylian vient de signer \u00e0 Lyon.<\/p>\n<p>Saint-Etienne : Chelsea offre 8 millions d&rsquo;euros pour un attaquant<\/p>\n<p>Saint-\u00c9tienne pourrait perdre sa p\u00e9pite Djylian N&rsquo;Guessan (17 ans) cet \u00e9t\u00e9. Chelsea a propos\u00e9 8 M\u20ac, refus\u00e9e par les Verts qui r\u00e9clament au moins 12,5 M\u20ac. Le joueur refuse de prolonger et son fr\u00e8re vient de signer \u00e0 Lyon.<\/p>\n<p> <img decoding=\"async\" width=\"76\" height=\"76\" loading=\"lazy\" src=\"https:\/\/static.wui.fr\/images_v3\/avatar-footnational.png\" alt=\"Clement Fradique\"\/><\/p>\n","protected":false},"excerpt":{"rendered":"Les dirigeants de Kilmer Sports Ventures (KSV), nouveaux propri\u00e9taires de l&rsquo;AS Saint-\u00c9tienne (Ligue 2), ont du mal \u00e0&hellip;\n","protected":false},"author":2,"featured_media":608525,"comment_status":"","ping_status":"","sticky":false,"template":"","format":"standard","meta":{"footnotes":""},"categories":[9653],"tags":[1111,11,2430,1777,674,1011,27,59995,12,25,4001],"class_list":{"0":"post-608524","1":"post","2":"type-post","3":"status-publish","4":"format-standard","5":"has-post-thumbnail","7":"category-saint-etienne","8":"tag-actu","9":"tag-actualites","10":"tag-auvergne-rhone-alpes","11":"tag-eu","12":"tag-europe","13":"tag-fr","14":"tag-france","15":"tag-ligue-2-actus","16":"tag-news","17":"tag-republique-francaise","18":"tag-saint-etienne"},"share_on_mastodon":{"url":"https:\/\/pubeurope.com\/@fr\/115743468931705153","error":""},"_links":{"self":[{"href":"https:\/\/www.europesays.com\/fr\/wp-json\/wp\/v2\/posts\/608524","targetHints":{"allow":["GET"]}}],"collection":[{"href":"https:\/\/www.europesays.com\/fr\/wp-json\/wp\/v2\/posts"}],"about":[{"href":"https:\/\/www.europesays.com\/fr\/wp-json\/wp\/v2\/types\/post"}],"author":[{"embeddable":true,"href":"https:\/\/www.europesays.com\/fr\/wp-json\/wp\/v2\/users\/2"}],"replies":[{"embeddable":true,"href":"https:\/\/www.europesays.com\/fr\/wp-json\/wp\/v2\/comments?post=608524"}],"version-history":[{"count":0,"href":"https:\/\/www.europesays.com\/fr\/wp-json\/wp\/v2\/posts\/608524\/revisions"}],"wp:featuredmedia":[{"embeddable":true,"href":"https:\/\/www.europesays.com\/fr\/wp-json\/wp\/v2\/media\/608525"}],"wp:attachment":[{"href":"https:\/\/www.europesays.com\/fr\/wp-json\/wp\/v2\/media?parent=608524"}],"wp:term":[{"taxonomy":"category","embeddable":true,"href":"https:\/\/www.europesays.com\/fr\/wp-json\/wp\/v2\/categories?post=608524"},{"taxonomy":"post_tag","embeddable":true,"href":"https:\/\/www.europesays.com\/fr\/wp-json\/wp\/v2\/tags?post=608524"}],"curies":[{"name":"wp","href":"https:\/\/api.w.org\/{rel}","templated":true}]}}