{"id":60853,"date":"2025-04-29T03:45:18","date_gmt":"2025-04-29T03:45:18","guid":{"rendered":"https:\/\/www.europesays.com\/fr\/60853\/"},"modified":"2025-04-29T03:45:18","modified_gmt":"2025-04-29T03:45:18","slug":"linde-confirme-enfin-lachat-de-26-rafale-marine-a-dassault-aviation","status":"publish","type":"post","link":"https:\/\/www.europesays.com\/fr\/60853\/","title":{"rendered":"L&rsquo;Inde confirme enfin l&rsquo;achat de 26 Rafale Marine \u00e0 Dassault Aviation"},"content":{"rendered":"<p>C&rsquo;\u00e9tait balistique&#8230; Le contrat \u00e9tait assur\u00e9 depuis juillet 2023 mais il fallait qu&rsquo;il soit sign\u00e9 par New Delhi. C&rsquo;\u00e9tait l\u00e0, toute la question. Depuis ce lundi, la commande de 26 Rafale Marine (22 monoplaces et quatre biplaces) est enfin paraph\u00e9e par l&rsquo;Inde en vue d&rsquo;\u00e9quiper la Marine indienne (Indian Navy). Il fallait \u00e9galement pour cela que l&rsquo;accord inter-gouvernemental entre la France et l&rsquo;Inde soit sign\u00e9 avant. Le montant de la nouvelle commande s&rsquo;\u00e9l\u00e8ve \u00e0 6,5 milliards d&rsquo;euros, selon le minist\u00e8re indien de la D\u00e9fense. En Inde, les industriels de l&rsquo;armement doivent apprendre l&rsquo;art de la patience infinie.<\/p>\n<p>Ce contrat fait suite \u00e0 l&rsquo;annonce en juillet 2023 de la s\u00e9lection du Rafale Marine, dont l&rsquo;Indian Navy sera le premier utilisateur en dehors de la France, \u00e0 l&rsquo;issue d&rsquo;une consultation internationale (face au F-18 Super Hornet de Boeing). Les Rafale Marine doivent remplacer les vieux MiG-29 de conception sovi\u00e9tique actuellement en service sur les deux porte-avions.\u00a0L&rsquo;annonce de cette nouvelle commande intervient \u00e0 un moment o\u00f9 l&rsquo;Inde et le Pakistan sont sur le pied de guerre depuis l&rsquo;attentat qui a fait 26 morts la semaine derni\u00e8re dans le Cachemire indien.<\/p>\n","protected":false},"excerpt":{"rendered":"C&rsquo;\u00e9tait balistique&#8230; Le contrat \u00e9tait assur\u00e9 depuis juillet 2023 mais il fallait qu&rsquo;il soit sign\u00e9 par New Delhi.&hellip;\n","protected":false},"author":2,"featured_media":60854,"comment_status":"","ping_status":"","sticky":false,"template":"","format":"standard","meta":{"footnotes":""},"categories":[2],"tags":[17,11,8845,15829,6596,645,1011,27,15827,15826,6128,12,15828],"class_list":{"0":"post-60853","1":"post","2":"type-post","3":"status-publish","4":"format-standard","5":"has-post-thumbnail","7":"category-actualites","8":"tag-17","9":"tag-actualites","10":"tag-confirme","11":"tag-dassault","12":"tag-enfin","13":"tag-entreprises-finance","14":"tag-fr","15":"tag-france","16":"tag-lachat","17":"tag-linde","18":"tag-marine","19":"tag-news","20":"tag-rafale"},"share_on_mastodon":{"url":"https:\/\/pubeurope.com\/@fr\/114419199138267187","error":""},"_links":{"self":[{"href":"https:\/\/www.europesays.com\/fr\/wp-json\/wp\/v2\/posts\/60853","targetHints":{"allow":["GET"]}}],"collection":[{"href":"https:\/\/www.europesays.com\/fr\/wp-json\/wp\/v2\/posts"}],"about":[{"href":"https:\/\/www.europesays.com\/fr\/wp-json\/wp\/v2\/types\/post"}],"author":[{"embeddable":true,"href":"https:\/\/www.europesays.com\/fr\/wp-json\/wp\/v2\/users\/2"}],"replies":[{"embeddable":true,"href":"https:\/\/www.europesays.com\/fr\/wp-json\/wp\/v2\/comments?post=60853"}],"version-history":[{"count":0,"href":"https:\/\/www.europesays.com\/fr\/wp-json\/wp\/v2\/posts\/60853\/revisions"}],"wp:featuredmedia":[{"embeddable":true,"href":"https:\/\/www.europesays.com\/fr\/wp-json\/wp\/v2\/media\/60854"}],"wp:attachment":[{"href":"https:\/\/www.europesays.com\/fr\/wp-json\/wp\/v2\/media?parent=60853"}],"wp:term":[{"taxonomy":"category","embeddable":true,"href":"https:\/\/www.europesays.com\/fr\/wp-json\/wp\/v2\/categories?post=60853"},{"taxonomy":"post_tag","embeddable":true,"href":"https:\/\/www.europesays.com\/fr\/wp-json\/wp\/v2\/tags?post=60853"}],"curies":[{"name":"wp","href":"https:\/\/api.w.org\/{rel}","templated":true}]}}