{"id":608536,"date":"2025-12-19T00:52:21","date_gmt":"2025-12-19T00:52:21","guid":{"rendered":"https:\/\/www.europesays.com\/fr\/608536\/"},"modified":"2025-12-19T00:52:21","modified_gmt":"2025-12-19T00:52:21","slug":"10-cm-de-neige-a-rouen","status":"publish","type":"post","link":"https:\/\/www.europesays.com\/fr\/608536\/","title":{"rendered":"10 cm de neige \u00e0 Rouen,"},"content":{"rendered":"<p>La France va-t-elle conna\u00eetre une <a href=\"https:\/\/www.mariefrance.fr\/actualite\/societe\/60-cm-neige-paris-temperatures-glaciales-25c-mois-decembre-pires-france-jamais-connu-1225010.html\" target=\"_blank\" rel=\"noopener\"><br \/>\n<strong>vague de froid intense<\/strong><\/a> \u00e0 No\u00ebl apr\u00e8s la douceur<br \/>\ndes derniers jours ? Si les derni\u00e8res pr\u00e9visions m\u00e9t\u00e9o confirment<br \/>\nun refroidissement, et de la neige par endroit, les professionnels<br \/>\nn\u2019\u00e9voquent pas en revanche cette hypoth\u00e8se. Ce qui ne veut pas dire<br \/>\npour autant qu\u2019un tel retournement de situation n\u2019est pas<br \/>\npossible.<\/p>\n<p>Les montagnes recommencent d\u00e9j\u00e0 \u00e0 cumuler la neige\u2026 Et il n\u2019est<br \/>\npas impossible (m\u00eame si la chose est peu probable pour le moment)<br \/>\nqu\u2019une vague de froid s\u2019installe durablement apr\u00e8s un hiver doux.<br \/>\nEn veut pour preuve l\u2019<strong>ann\u00e9e 2012<\/strong>, marqu\u00e9e par un<br \/>\nfroid intense et de la neige m\u00eame sur les zones c\u00f4ti\u00e8res.<\/p>\n<p>L\u2019une des pires vagues de froid de l\u2019histoire du XXIe<br \/>\nsi\u00e8cle<\/p>\n<p>C\u2019est plus pr\u00e9cis\u00e9ment le mois de f\u00e9vrier qui marque fortement<br \/>\nles Fran\u00e7ais ce jour-l\u00e0. Le pays fait en effet face \u00e0 un<br \/>\n\u201canticyclone puissant\u201d, qui favorise \u201cla circulation<br \/>\nd&rsquo;un air glacial sur notre pays, le <strong>fameux<br \/>\n\u00ab\u00a0Moscou-Paris\u00a0\u00bb<\/strong>\u201d, explique sur son site <a href=\"https:\/\/www.meteoconsult.fr\/actualites-meteo\/2024-01-06\/69446-fevrier-2012-la-derniere-grande-vague-de-froid-en-france\" target=\"_blank\" rel=\"nofollow noopener\">la cha\u00eene m\u00e9t\u00e9o<br \/>\nconsult<\/a>. Commence alors l\u2019une des <strong><a href=\"https:\/\/www.mariefrance.fr\/actualite\/societe\/20-cm-de-neige-au-sol-jusqua-20c-la-seine-completement-gelee-cette-vague-de-froid-glaciale-qui-a-completement-bouleverse-les-francais-1224050.html\" target=\"_blank\" rel=\"noopener\"><br \/>\npires vagues de froid<\/a> de l\u2019histoire r\u00e9cente<\/strong>, dont<br \/>\nseule la Bretagne r\u00e9chappe. En plus de devoir faire face \u00e0 de<br \/>\nfortes chutes de neige, les Fran\u00e7ais enregistrent aussi des<br \/>\n\u201ctemp\u00e9ratures souvent inf\u00e9rieures \u00e0 -10\u00b0C la nuit et<br \/>\ninf\u00e9rieures \u00e0 0\u00b0C le jour\u201d dans de nombreuses r\u00e9gions.<\/p>\n<p>A tel point qu\u2019\u00e0 l\u2019\u00e9poque, M\u00e9t\u00e9o-France place quasiment tous les<br \/>\nd\u00e9partements sans exceptions en <strong>vigilance orange pour<br \/>\nverglas et\/ou Grand Froid<\/strong>. En \u00cele-de-France, les<br \/>\ntemp\u00e9ratures chutent par exemple jusqu\u2019\u00e0 \u201318,7 \u00b0C \u00e0 Orgerus<br \/>\n(Yvelines). Dans le sud du pays, le mercure descend \u00e0 \u201314 \u00b0C dans<br \/>\nles Landes et \u00e0 \u201313 \u00b0C \u00e0 Toulouse. Le froid touche \u00e9galement touch\u00e9<br \/>\nles zones du littoral : sur la fa\u00e7ade atlantique comme sur le<br \/>\npourtour m\u00e9diterran\u00e9en, on recense \u201310 \u00b0C \u00e0 Montpellier et jusqu\u2019\u00e0<br \/>\n\u201312 \u00b0C dans le nord de Marseille.<\/p>\n<p><img loading=\"lazy\" decoding=\"async\" aria-describedby=\"caption-attachment-1221140\" itemprop=\"thumbnailUrl\" class=\"size-full wp-image-1221140 img-responsive\" src=\"https:\/\/www.europesays.com\/fr\/wp-content\/uploads\/2025\/12\/illu.jpg\" alt=\"La neige va tomber en masse ce week-end\" width=\"1280\" height=\"720\"\/> \u00a9 shutterstock<\/p>\n<p id=\"caption-attachment-1221140\" class=\"wp-caption-text\">Ces<br \/>\nfortes chutes de neige qui paralysent la France pendant plusieurs<br \/>\njours<\/p>\n<p>Ces fortes chutes de neige qui<br \/>\nparalysent la France pendant plusieurs jours<\/p>\n<p>Si les <strong>chutes de neige<\/strong> touchent \u00e0 l\u2019\u00e9poque la<br \/>\nBasse-Normandie en premier, c\u2019est petit \u00e0 petit toute la France qui<br \/>\nfinit par \u00eatre concern\u00e9e. Du c\u00f4t\u00e9 de Grasse, on note ainsi 7 cm,<br \/>\n\u201c5\/7cm dans les Yvelines, \u00e0 Tours, Bordeaux ou au Mans, 8cm \u00e0<br \/>\nToulouse et Limoges, 10cm \u00e0 Alen\u00e7on et Rouen ou encore 11cm \u00e0<br \/>\nBergerac et <strong>15cm dans l&rsquo;Eure<\/strong>\u201d, indique<br \/>\n<a href=\"https:\/\/www.meteo-paris.com\/actualites\/fevrier-2012-la-plus-importante-vague-de-froid-du-21eme-siecle-en-france\" target=\"_blank\" rel=\"nofollow noopener\">m\u00e9t\u00e9o-villes<\/a>.<\/p>\n<p>Le froid et les \u00e9pisodes neigeux sont tels que de nombreuses<br \/>\n<strong>coupures d\u2019\u00e9lectricit\u00e9<\/strong> ont lieu \u00e0 l\u2019\u00e9poque. Les<br \/>\nautorit\u00e9s appellent m\u00eame \u00e0 \u201cmoins faire fonctionner les<br \/>\nchauffages d&rsquo;une peur de panne de courant massive\u201d. De m\u00eame,<br \/>\nde nombreux cours d\u2019eau gel\u00e9s sont immortalis\u00e9s en photos \u00e0 cette<br \/>\np\u00e9riode.<\/p>\n","protected":false},"excerpt":{"rendered":"La France va-t-elle conna\u00eetre une vague de froid intense \u00e0 No\u00ebl apr\u00e8s la douceur des derniers jours ?&hellip;\n","protected":false},"author":2,"featured_media":608537,"comment_status":"","ping_status":"","sticky":false,"template":"","format":"standard","meta":{"footnotes":""},"categories":[9587],"tags":[1111,11,1777,674,1011,27,12,5161,25,9590],"class_list":{"0":"post-608536","1":"post","2":"type-post","3":"status-publish","4":"format-standard","5":"has-post-thumbnail","7":"category-rouen","8":"tag-actu","9":"tag-actualites","10":"tag-eu","11":"tag-europe","12":"tag-fr","13":"tag-france","14":"tag-news","15":"tag-normandie","16":"tag-republique-francaise","17":"tag-rouen"},"share_on_mastodon":{"url":"https:\/\/pubeurope.com\/@fr\/115743500515680248","error":""},"_links":{"self":[{"href":"https:\/\/www.europesays.com\/fr\/wp-json\/wp\/v2\/posts\/608536","targetHints":{"allow":["GET"]}}],"collection":[{"href":"https:\/\/www.europesays.com\/fr\/wp-json\/wp\/v2\/posts"}],"about":[{"href":"https:\/\/www.europesays.com\/fr\/wp-json\/wp\/v2\/types\/post"}],"author":[{"embeddable":true,"href":"https:\/\/www.europesays.com\/fr\/wp-json\/wp\/v2\/users\/2"}],"replies":[{"embeddable":true,"href":"https:\/\/www.europesays.com\/fr\/wp-json\/wp\/v2\/comments?post=608536"}],"version-history":[{"count":0,"href":"https:\/\/www.europesays.com\/fr\/wp-json\/wp\/v2\/posts\/608536\/revisions"}],"wp:featuredmedia":[{"embeddable":true,"href":"https:\/\/www.europesays.com\/fr\/wp-json\/wp\/v2\/media\/608537"}],"wp:attachment":[{"href":"https:\/\/www.europesays.com\/fr\/wp-json\/wp\/v2\/media?parent=608536"}],"wp:term":[{"taxonomy":"category","embeddable":true,"href":"https:\/\/www.europesays.com\/fr\/wp-json\/wp\/v2\/categories?post=608536"},{"taxonomy":"post_tag","embeddable":true,"href":"https:\/\/www.europesays.com\/fr\/wp-json\/wp\/v2\/tags?post=608536"}],"curies":[{"name":"wp","href":"https:\/\/api.w.org\/{rel}","templated":true}]}}