{"id":608544,"date":"2025-12-19T00:56:17","date_gmt":"2025-12-19T00:56:17","guid":{"rendered":"https:\/\/www.europesays.com\/fr\/608544\/"},"modified":"2025-12-19T00:56:17","modified_gmt":"2025-12-19T00:56:17","slug":"previsions-du-vendredi-19-decembre-2025","status":"publish","type":"post","link":"https:\/\/www.europesays.com\/fr\/608544\/","title":{"rendered":"pr\u00e9visions du vendredi 19 d\u00e9cembre 2025"},"content":{"rendered":"<p>Aujourd&rsquo;hui, Rennes se retrouvera sous des temp\u00e9ratures d&rsquo;environ 8\u00b0C. Une modeste brise de nord-ouest sera ressentie par les habitants. Le matin, le soleil va peu \u00e0 peu supplanter les nuages. On anticipe des valeurs avoisinant 8\u00b0C. Le soleil sera au rendez-vous : un bel apr\u00e8s-midi se pr\u00e9sente ! Les temp\u00e9ratures afficheront entre 7\u00b0C et 11\u00b0C. Apr\u00e8s un court passage nuageux, on pr\u00e9voit des \u00e9claircies pour cette soir\u00e9e. Le thermom\u00e8tre affichera 6\u00b0C en moyenne. On passera de vendredi \u00e0 samedi par une nuit claire.<\/p>\n<p>Demain, le vent va progressivement \u00e9loigner la grisaille \u00e0 Rennes. Une baisse des temp\u00e9ratures est attendue. Les valeurs s&rsquo;\u00e9chelonneront entre 3 et 9\u00b0C. Un vent de sud-est rafra\u00eechira quelque peu l&rsquo;atmosph\u00e8re. Les Rennais vont avoir froid le matin : les temp\u00e9ratures ne vont pas d\u00e9passer 7\u00b0C. Il fera 4\u00b0C en moyenne. Les temp\u00e9ratures vont conna\u00eetre une augmentation de quelques degr\u00e9s dans l&rsquo;apr\u00e8s-midi. Les valeurs seront de 6\u00b0C au plus bas et de 9\u00b0C au maximum. Des \u00e9claircies sont attendues : on passera une soir\u00e9e agr\u00e9able.<\/p>\n<p>Les conditions m\u00e9t\u00e9orologiques seront assez mitig\u00e9es pour les jours \u00e0 venir. La m\u00e9t\u00e9o sera pluvieuse dimanche mais elle conna\u00eetra une am\u00e9lioration lundi.<\/p>\n<p><\/p>\n","protected":false},"excerpt":{"rendered":"Aujourd&rsquo;hui, Rennes se retrouvera sous des temp\u00e9ratures d&rsquo;environ 8\u00b0C. Une modeste brise de nord-ouest sera ressentie par les&hellip;\n","protected":false},"author":2,"featured_media":608545,"comment_status":"","ping_status":"","sticky":false,"template":"","format":"standard","meta":{"footnotes":""},"categories":[2821],"tags":[1111,11,829,1777,674,1011,27,12,2119,584,25],"class_list":{"0":"post-608544","1":"post","2":"type-post","3":"status-publish","4":"format-standard","5":"has-post-thumbnail","7":"category-rennes","8":"tag-actu","9":"tag-actualites","10":"tag-bretagne","11":"tag-eu","12":"tag-europe","13":"tag-fr","14":"tag-france","15":"tag-news","16":"tag-previsions-meteo","17":"tag-rennes","18":"tag-republique-francaise"},"share_on_mastodon":{"url":"https:\/\/pubeurope.com\/@fr\/115743515135912161","error":""},"_links":{"self":[{"href":"https:\/\/www.europesays.com\/fr\/wp-json\/wp\/v2\/posts\/608544","targetHints":{"allow":["GET"]}}],"collection":[{"href":"https:\/\/www.europesays.com\/fr\/wp-json\/wp\/v2\/posts"}],"about":[{"href":"https:\/\/www.europesays.com\/fr\/wp-json\/wp\/v2\/types\/post"}],"author":[{"embeddable":true,"href":"https:\/\/www.europesays.com\/fr\/wp-json\/wp\/v2\/users\/2"}],"replies":[{"embeddable":true,"href":"https:\/\/www.europesays.com\/fr\/wp-json\/wp\/v2\/comments?post=608544"}],"version-history":[{"count":0,"href":"https:\/\/www.europesays.com\/fr\/wp-json\/wp\/v2\/posts\/608544\/revisions"}],"wp:featuredmedia":[{"embeddable":true,"href":"https:\/\/www.europesays.com\/fr\/wp-json\/wp\/v2\/media\/608545"}],"wp:attachment":[{"href":"https:\/\/www.europesays.com\/fr\/wp-json\/wp\/v2\/media?parent=608544"}],"wp:term":[{"taxonomy":"category","embeddable":true,"href":"https:\/\/www.europesays.com\/fr\/wp-json\/wp\/v2\/categories?post=608544"},{"taxonomy":"post_tag","embeddable":true,"href":"https:\/\/www.europesays.com\/fr\/wp-json\/wp\/v2\/tags?post=608544"}],"curies":[{"name":"wp","href":"https:\/\/api.w.org\/{rel}","templated":true}]}}