{"id":608555,"date":"2025-12-19T01:09:14","date_gmt":"2025-12-19T01:09:14","guid":{"rendered":"https:\/\/www.europesays.com\/fr\/608555\/"},"modified":"2025-12-19T01:09:14","modified_gmt":"2025-12-19T01:09:14","slug":"un-petit-gout-amer-tout-le-monde-est-content-les-parisiens-partages-apres-leur-nul-a-nantes","status":"publish","type":"post","link":"https:\/\/www.europesays.com\/fr\/608555\/","title":{"rendered":"\u00abun petit go\u00fbt amer\u00bb, \u00abtout le monde est content\u00bb\u2026 Les Parisiens partag\u00e9s apr\u00e8s leur nul \u00e0 Nantes"},"content":{"rendered":"<p>\n    Pass\u00e9 tout pr\u00e8s d\u2019un tr\u00e8s gros coup \u00e0 Nantes mais finalement tenu en \u00e9chec \u00e0 la derni\u00e8re seconde (31-31), le Paris SG pr\u00e9f\u00e9rait se concentrer sur le verre \u00e0 moiti\u00e9 plein apr\u00e8s ce magnifique choc de la 15e journ\u00e9e \u00e0 la Neodif XXL.<\/p>\n<p class=\"fig-paragraph\">Il s\u2019en est fallu de tr\u00e8s peu, en l\u2019occurrence d\u2019un but du Nantais Noam Leopold \u00e0 deux secondes de la fin d\u2019un magnifique tir venu de son aile gauche, pour que le Paris SG n\u2019assomme, une fois de plus, le championnat de France. Sans cette \u00e9galisation du \u00abH\u00bb dans l\u2019ambiance survolt\u00e9e de la Neodif XXL (31-31), les Parisiens se seraient impos\u00e9s, ce qui leur aurait permis de prendre quatre points d\u2019avance sur leurs principaux rivaux nantais \u00e0 l\u2019issue de la phase aller. Le genre d\u2019avance que les joueurs de la capitale ne laissent pas filer, eux qui auraient alors fait un grand pas vers un 12e sacre d\u2019affil\u00e9e. Au lieu de \u00e7a, Nantes est toujours en vie, \u00e0 deux longueurs, et le PSG pouvait ruminer son avance de cinq longueurs envol\u00e9e lors d\u2019un dernier quart d\u2019heure qui lui a \u00e9chapp\u00e9\u2026<\/p>\n<p class=\"fig-paragraph\">\u00abAu vu du sc\u00e9nario du match, \u00e7a laisse une petite frustration\u00bb, confiait le capitaine parisien Luka Karabatic dans les coursives de la salle nantaise apr\u00e8s le choc de la 15e journ\u00e9e. \u00abOn a \u00e9t\u00e9 devant toute la seconde p\u00e9riode, on a tr\u00e8s bien jou\u00e9, on a eu des balles pour tuer le match mais au final, on se fait reprendre \u00e0 la derni\u00e8re seconde, ce qui laisse un go\u00fbt amer. Malgr\u00e9 \u00e7a, je pense qu\u2019avant le match, on aurait \u00e9t\u00e9 satisfait avec un match nul parce qu\u2019on sait \u00e0 quel point c\u2019est difficile de jouer ici. Donc l\u00e0, c\u2019est un mix entre d\u00e9ception et satisfaction m\u00eame si, \u00e0 chaud, la premi\u00e8re l\u2019emporte\u00bb. \u00abOn venait pour gagner\u00bb, ajoute un Luc Steins la t\u00eate cercl\u00e9e d\u2019un large bandeau tach\u00e9 de sang apr\u00e8s un coup survenu sur le haut de son cr\u00e2ne pendant la rencontre. \u00abC\u2019est dommage de finir comme cela car on contr\u00f4lait et on a \u00e9t\u00e9 meilleur qu\u2019eux sur l\u2019ensemble du match. Mais on a connu un temps faible en attaque en seconde p\u00e9riode qui nous a fait tr\u00e8s mal.\u00bb<\/p>\n<blockquote class=\"fig-quote&#10;    \">\n<p class=\"fig-quote__text\">Cela a \u00e9t\u00e9 un super moment de handball pour le Championnat de France, pour les fans qui \u00e9taient dans la salle et ceux qui regardent.<\/p>\n<p>            Elohim Prandi\n    <\/p><\/blockquote>\n<p>                                            <a class=\"fig-a11y-skip\" href=\"#fig-a11y-skip-main-inarticle\" data-module=\"a11y-skip\" data-context=\"was @visible\"><br \/>\n    Passer la publicit\u00e9<br \/>\n<\/a>            <\/p>\n<p class=\"fig-paragraph\">Fer de lance offensif du PSG avec ses dix r\u00e9alisations, Elohim Prandi, lui, avait \u00e9vacu\u00e9 sa col\u00e8re, manifest\u00e9e par un coup de pied dans un panneau publicitaire jouxtant le terrain, au moment de venir r\u00e9pondre \u00e0 la presse avec un sourire retrouv\u00e9. \u00abJe trouve que tout a \u00e9t\u00e9 super dans tous les compartiments, que ce soit pour Nantes, pour nous, le public, m\u00eame les arbitres. Cela a \u00e9t\u00e9 un super moment de handball pour le Championnat de France, pour les fans qui \u00e9taient dans la salle et ceux qui regardent. Personne n\u2019est perdant, personne n\u2019est gagnant. Mais tout le monde est content.\u00bb Si Paris n\u2019est pas parvenu \u00e0 conserver son avance dans le chaudron nantais, c\u2019est d\u2019abord en raison d\u2019un fl\u00e9chissement sur le plan offensif. \u00abOn a eu un peu de d\u00e9chets \u00e0 la finition, notamment sur des ballons importants, et peut-\u00eatre qu\u2019on a un petit peu trop ralenti le rythme en fin de match. Du coup, on a eu plus de mal \u00e0 trouver des solutions et eux, derri\u00e8re, en ont profit\u00e9.\u00bb<\/p>\n<blockquote class=\"fig-quote&#10;    \">\n<p class=\"fig-quote__text\">De toute fa\u00e7on, m\u00eame si on avait gagn\u00e9, on n\u2019aurait pas pens\u00e9 que c\u2019\u00e9tait fini.\u00a0<\/p>\n<p>            Luka Karabatic\n    <\/p><\/blockquote>\n<p class=\"fig-paragraph\">En effet, si le club de la capitale a montr\u00e9 des failles, comme c\u2019est souvent le cas cette saison en Ligue des Champions \u2013 alors que ce n\u2019\u00e9tait pas le cas en Liqui Moly Starligue avec 14 victoires en 14 journ\u00e9es jusqu\u2019\u00e0 jeudi -, Nantes a aussi su faire preuve de talent et de r\u00e9silience. \u00abLes Nantais ont jou\u00e9 tous les coups \u00e0 fond\u00bb, analyse Steins. \u00abIls ont marqu\u00e9 des buts\u2026 En d\u00e9fense, on est rest\u00e9 solide je pense, mais ils ont marqu\u00e9 des buts dans des angles exceptionnels. Comme le dernier but. C\u2019est le handball, ils ont tr\u00e8s bien jou\u00e9.\u00bb Une admiration partag\u00e9e par Prandi. \u00abC\u2019est un tir de malade qu\u2019il a envoy\u00e9, Noam. On sait de quoi il est capable en tant qu\u2019ailier.\u00bb Maintenant, il n\u2019y a pas le feu au lac pour les Parisiens. \u00abLe championnat est encore long, nous avons deux points d\u2019avance et Nantes doit encore venir chez nous\u00bb, rappelle Steins. Avant que Luka Karabatic de conclure. \u00abDe toute fa\u00e7on, m\u00eame si on avait gagn\u00e9, on n\u2019aurait pas pens\u00e9 que c\u2019\u00e9tait fini. Il peut se passer encore beaucoup de choses. On a eu une opportunit\u00e9 ce soir de faire le trou, mais peut-\u00eatre que ce n\u2019est pas plus mal de ne pas l\u2019avoir fait. On sait qu\u2019on va devoir repartir de plus belle en f\u00e9vrier parce que Nantes ne l\u00e2chera rien, que Montpellier ne l\u00e2chera rien.\u00bb<\/p>\n","protected":false},"excerpt":{"rendered":"Pass\u00e9 tout pr\u00e8s d\u2019un tr\u00e8s gros coup \u00e0 Nantes mais finalement tenu en \u00e9chec \u00e0 la derni\u00e8re seconde&hellip;\n","protected":false},"author":2,"featured_media":608556,"comment_status":"","ping_status":"","sticky":false,"template":"","format":"standard","meta":{"footnotes":""},"categories":[2818],"tags":[1111,11,2207,69,525,2211,2212,2210,1981,2206,64,1777,674,1011,27,1792,2209,447,2208,766,12,2636,25,1980],"class_list":{"0":"post-608555","1":"post","2":"type-post","3":"status-publish","4":"format-standard","5":"has-post-thumbnail","7":"category-nantes","8":"tag-actu","9":"tag-actualites","10":"tag-bleus","11":"tag-bundesliga","12":"tag-calendrier","13":"tag-championnat-deurope","14":"tag-championnat-du-monde","15":"tag-ciudad-real","16":"tag-classement","17":"tag-division-1","18":"tag-equipe-de-france","19":"tag-eu","20":"tag-europe","21":"tag-fr","22":"tag-france","23":"tag-handball","24":"tag-kiel","25":"tag-ligue-des-champions","26":"tag-montpellier","27":"tag-nantes","28":"tag-news","29":"tag-pays-de-la-loire","30":"tag-republique-francaise","31":"tag-resultats"},"share_on_mastodon":{"url":"https:\/\/pubeurope.com\/@fr\/115743566632441993","error":""},"_links":{"self":[{"href":"https:\/\/www.europesays.com\/fr\/wp-json\/wp\/v2\/posts\/608555","targetHints":{"allow":["GET"]}}],"collection":[{"href":"https:\/\/www.europesays.com\/fr\/wp-json\/wp\/v2\/posts"}],"about":[{"href":"https:\/\/www.europesays.com\/fr\/wp-json\/wp\/v2\/types\/post"}],"author":[{"embeddable":true,"href":"https:\/\/www.europesays.com\/fr\/wp-json\/wp\/v2\/users\/2"}],"replies":[{"embeddable":true,"href":"https:\/\/www.europesays.com\/fr\/wp-json\/wp\/v2\/comments?post=608555"}],"version-history":[{"count":0,"href":"https:\/\/www.europesays.com\/fr\/wp-json\/wp\/v2\/posts\/608555\/revisions"}],"wp:featuredmedia":[{"embeddable":true,"href":"https:\/\/www.europesays.com\/fr\/wp-json\/wp\/v2\/media\/608556"}],"wp:attachment":[{"href":"https:\/\/www.europesays.com\/fr\/wp-json\/wp\/v2\/media?parent=608555"}],"wp:term":[{"taxonomy":"category","embeddable":true,"href":"https:\/\/www.europesays.com\/fr\/wp-json\/wp\/v2\/categories?post=608555"},{"taxonomy":"post_tag","embeddable":true,"href":"https:\/\/www.europesays.com\/fr\/wp-json\/wp\/v2\/tags?post=608555"}],"curies":[{"name":"wp","href":"https:\/\/api.w.org\/{rel}","templated":true}]}}