{"id":608563,"date":"2025-12-19T01:17:11","date_gmt":"2025-12-19T01:17:11","guid":{"rendered":"https:\/\/www.europesays.com\/fr\/608563\/"},"modified":"2025-12-19T01:17:11","modified_gmt":"2025-12-19T01:17:11","slug":"toulouse-metropole-le-nouveau-plan-durbanisme-devrait-sappliquer-debut-2026","status":"publish","type":"post","link":"https:\/\/www.europesays.com\/fr\/608563\/","title":{"rendered":"Toulouse M\u00e9tropole\u00a0: le nouveau plan d\u2019urbanisme devrait s\u2019appliquer d\u00e9but 2026"},"content":{"rendered":"<p>\n                                                                    l&rsquo;essentiel<br \/>\n                                                                Quatre ans apr\u00e8s l\u2019annulation du plan d\u2019urbanisme et de l\u2019habitat des 37 communes de Toulouse M\u00e9tropole, les \u00e9lus ont vot\u00e9 ce jeudi la nouvelle r\u00e8gle patiemment \u00e9labor\u00e9e. Ce nouveau plan, un des premiers en France qui respecte la sobri\u00e9t\u00e9 fonci\u00e8re, devrait s\u2019appliquer d\u00e9but 2026.\n                            <\/p>\n<p>O\u00f9 construire et dans quelles proportions\u00a0? Apr\u00e8s le choc caus\u00e9 par l\u2019annulation du Plan local d\u2019urbanisme et de l\u2019habitat par la justice en 2021, Toulouse et les 36 autres communes de la M\u00e9tropole ont planch\u00e9 pendant quatre ans pour \u00e9laborer une nouvelle r\u00e8gle d\u2019urbanisme. Apr\u00e8s un travail de fourmi et de concertation men\u00e9 sous la houlette d\u2019Annette Laigneau, vice-pr\u00e9sidente \u00e0 l\u2019urbanisme, et de Karine Traval-Michelet, vice-pr\u00e9sidente \u00e0 l\u2019habitat, les \u00e9lus m\u00e9tropolitains ont vot\u00e9 ce jeudi ce plan qui avait \u00e9t\u00e9 \u00ab\u00a0arr\u00eat\u00e9\u00a0\u00bb en juin\u00a02024 et qui, depuis, a fait l\u2019objet d\u2019une enqu\u00eate publique.<\/p>\n<p>Cela signifie que, d\u00e8s que le pr\u00e9fet aura sign\u00e9 ce document, chaque d\u00e9p\u00f4t de permis de construire dans chacune des 37 communes devra respecter ce nouveau cahier des charges. Ce qui pourrait intervenir d\u00e9but 2026.<\/p>\n<p>Joseph Carles, maire de Blagnac et porte-parole des Ind\u00e9pendants, a rappel\u00e9 \u00ab\u00a0la n\u00e9cessit\u00e9 absolue de disposer d\u2019un document d\u2019urbanisme\u00a0\u00bb face \u00e0 la crise du logement. Les \u00e9lus \u00e9tant confront\u00e9s \u00e0 une p\u00e9nurie de logements, notamment sociaux.<\/p>\n<p>La fin de l\u2019\u00e9talement urbain<\/p>\n<p>Ce plan d\u2019urbanisme est le premier, avec Montpellier, \u00e0 \u00eatre \u00e9labor\u00e9 dans le cadre de la loi Climat qui prescrit une sobri\u00e9t\u00e9 dans l\u2019utilisation des terres naturelles, agricoles et foresti\u00e8res. Une r\u00e8gle qui a boulevers\u00e9 les choses\u00a0: pour lutter contre l\u2019\u00e9talement urbain, il s\u2019agit d\u00e9sormais de construire dans des zones d\u00e9j\u00e0 urbanis\u00e9es, et donc en hauteur.<\/p>\n<p>Le PLUiH a \u00e9t\u00e9 vot\u00e9 par le groupe de la majorit\u00e9, des Ind\u00e9pendants et des socialistes (\u00e0 l\u2019exception des deux \u00e9lus Toulousains qui se sont abstenus). Les groupes \u00e9colo, communiste et Citoyen-Insoumis se sont abstenus.<\/p>\n","protected":false},"excerpt":{"rendered":"l&rsquo;essentiel Quatre ans apr\u00e8s l\u2019annulation du plan d\u2019urbanisme et de l\u2019habitat des 37 communes de Toulouse M\u00e9tropole, les&hellip;\n","protected":false},"author":2,"featured_media":608564,"comment_status":"","ping_status":"","sticky":false,"template":"","format":"standard","meta":{"footnotes":""},"categories":[2816],"tags":[1111,11,1777,674,1011,27,329,2722,12,2680,25,1857,2312,69111],"class_list":{"0":"post-608563","1":"post","2":"type-post","3":"status-publish","4":"format-standard","5":"has-post-thumbnail","7":"category-toulouse","8":"tag-actu","9":"tag-actualites","10":"tag-eu","11":"tag-europe","12":"tag-fr","13":"tag-france","14":"tag-france-monde","15":"tag-haute-garonne","16":"tag-news","17":"tag-occitanie","18":"tag-republique-francaise","19":"tag-sociu00e9tu00e9","20":"tag-toulouse","21":"tag-urbanisme-amu00e9nagement"},"share_on_mastodon":{"url":"https:\/\/pubeurope.com\/@fr\/115743597668378269","error":""},"_links":{"self":[{"href":"https:\/\/www.europesays.com\/fr\/wp-json\/wp\/v2\/posts\/608563","targetHints":{"allow":["GET"]}}],"collection":[{"href":"https:\/\/www.europesays.com\/fr\/wp-json\/wp\/v2\/posts"}],"about":[{"href":"https:\/\/www.europesays.com\/fr\/wp-json\/wp\/v2\/types\/post"}],"author":[{"embeddable":true,"href":"https:\/\/www.europesays.com\/fr\/wp-json\/wp\/v2\/users\/2"}],"replies":[{"embeddable":true,"href":"https:\/\/www.europesays.com\/fr\/wp-json\/wp\/v2\/comments?post=608563"}],"version-history":[{"count":0,"href":"https:\/\/www.europesays.com\/fr\/wp-json\/wp\/v2\/posts\/608563\/revisions"}],"wp:featuredmedia":[{"embeddable":true,"href":"https:\/\/www.europesays.com\/fr\/wp-json\/wp\/v2\/media\/608564"}],"wp:attachment":[{"href":"https:\/\/www.europesays.com\/fr\/wp-json\/wp\/v2\/media?parent=608563"}],"wp:term":[{"taxonomy":"category","embeddable":true,"href":"https:\/\/www.europesays.com\/fr\/wp-json\/wp\/v2\/categories?post=608563"},{"taxonomy":"post_tag","embeddable":true,"href":"https:\/\/www.europesays.com\/fr\/wp-json\/wp\/v2\/tags?post=608563"}],"curies":[{"name":"wp","href":"https:\/\/api.w.org\/{rel}","templated":true}]}}