{"id":608573,"date":"2025-12-19T01:27:23","date_gmt":"2025-12-19T01:27:23","guid":{"rendered":"https:\/\/www.europesays.com\/fr\/608573\/"},"modified":"2025-12-19T01:27:23","modified_gmt":"2025-12-19T01:27:23","slug":"lyon-reste-troisieme-ville-de-france-villeurbanne-poursuit-sa-forte-progression","status":"publish","type":"post","link":"https:\/\/www.europesays.com\/fr\/608573\/","title":{"rendered":"Lyon reste troisi\u00e8me ville de France, Villeurbanne poursuit sa forte progression"},"content":{"rendered":"<p itemprop=\"description\"><strong>L\u2019Insee a publi\u00e9 les populations de r\u00e9f\u00e9rence 2023, arr\u00eat\u00e9es au 1er janvier 2023, confirmant la place centrale du Rh\u00f4ne dans la dynamique d\u00e9mographique nationale.<\/strong><\/p>\n<p>Avec 519 127 habitants, Lyon demeure la troisi\u00e8me ville de France, derri\u00e8re Paris et Marseille. La capitale des Gaules conserve toutefois une avance d\u00e9sormais tr\u00e8s r\u00e9duite sur Toulouse, qui compte 514 819 habitants, confirmant un resserrement entre les deux communes.<\/p>\n<p>Entre 2017 et 2023, la population lyonnaise a progress\u00e9 de 0,1% par an en moyenne, une croissance plus mod\u00e9r\u00e9e que lors de la p\u00e9riode pr\u00e9c\u00e9dente, mais qui permet \u00e0 la ville de maintenir son rang national. \u00c0 l\u2019\u00e9chelle du d\u00e9partement du Rh\u00f4ne, la population atteint 1 914 667 habitants, en hausse moyenne de 0,6% par an, une \u00e9volution port\u00e9e principalement par le solde naturel, compl\u00e9t\u00e9 par un solde migratoire positif.<\/p>\n<p>Parmi les grandes communes, Villeurbanne confirme sa trajectoire ascendante. Avec 163 684 habitants en 2023, la deuxi\u00e8me ville du d\u00e9partement affiche une croissance annuelle moyenne de 1,7% depuis 2017. Une progression marqu\u00e9e qui lui permet d\u00e9sormais de se hisser d\u00e9sormais \u00e0 la 16\u1d49 place des communes les plus peupl\u00e9es de France, poursuivant une dynamique engag\u00e9e depuis plusieurs ann\u00e9es. Elle \u00e9tait 20e en 2017, et double des communes comme Grenoble, Dijon ou Angers, officiellement plus \u00ab\u00a0petites\u00a0\u00bb que Villeurbanne.<\/p>\n<p>D\u2019autres villes de la premi\u00e8re couronne lyonnaise enregistrent \u00e9galement une croissance soutenue, notamment Vaulx-en-Velin et Saint-Priest, tandis que certaines communes, comme V\u00e9nissieux ou \u00c9cully, connaissent un l\u00e9ger recul d\u00e9mographique.<\/p>\n<p>Ces donn\u00e9es confirment une recomposition progressive des \u00e9quilibres urbains dans l\u2019agglom\u00e9ration lyonnaise, marqu\u00e9e par une croissance plus diffuse et un r\u00f4le accru des communes p\u00e9riph\u00e9riques. \u00a0<\/p>\n","protected":false},"excerpt":{"rendered":"L\u2019Insee a publi\u00e9 les populations de r\u00e9f\u00e9rence 2023, arr\u00eat\u00e9es au 1er janvier 2023, confirmant la place centrale du&hellip;\n","protected":false},"author":2,"featured_media":608574,"comment_status":"","ping_status":"","sticky":false,"template":"","format":"standard","meta":{"footnotes":""},"categories":[1889],"tags":[1111,11,2813,2190,2430,1109,251,1112,2811,1777,674,118,1011,27,1922,1110,1114,2428,2810,12,241,316,25,2812,517,800],"class_list":{"0":"post-608573","1":"post","2":"type-post","3":"status-publish","4":"format-standard","5":"has-post-thumbnail","7":"category-lyon","8":"tag-actu","9":"tag-actualites","10":"tag-article","11":"tag-asvel","12":"tag-auvergne-rhone-alpes","13":"tag-breves","14":"tag-culture","15":"tag-depeches","16":"tag-economique","17":"tag-eu","18":"tag-europe","19":"tag-faits-divers","20":"tag-fr","21":"tag-france","22":"tag-info","23":"tag-informations","24":"tag-infos","25":"tag-lyon","26":"tag-lyonmag","27":"tag-news","28":"tag-ol","29":"tag-politique","30":"tag-republique-francaise","31":"tag-sociale","32":"tag-sport","33":"tag-transports"},"share_on_mastodon":{"url":"https:\/\/pubeurope.com\/@fr\/115743637023621353","error":""},"_links":{"self":[{"href":"https:\/\/www.europesays.com\/fr\/wp-json\/wp\/v2\/posts\/608573","targetHints":{"allow":["GET"]}}],"collection":[{"href":"https:\/\/www.europesays.com\/fr\/wp-json\/wp\/v2\/posts"}],"about":[{"href":"https:\/\/www.europesays.com\/fr\/wp-json\/wp\/v2\/types\/post"}],"author":[{"embeddable":true,"href":"https:\/\/www.europesays.com\/fr\/wp-json\/wp\/v2\/users\/2"}],"replies":[{"embeddable":true,"href":"https:\/\/www.europesays.com\/fr\/wp-json\/wp\/v2\/comments?post=608573"}],"version-history":[{"count":0,"href":"https:\/\/www.europesays.com\/fr\/wp-json\/wp\/v2\/posts\/608573\/revisions"}],"wp:featuredmedia":[{"embeddable":true,"href":"https:\/\/www.europesays.com\/fr\/wp-json\/wp\/v2\/media\/608574"}],"wp:attachment":[{"href":"https:\/\/www.europesays.com\/fr\/wp-json\/wp\/v2\/media?parent=608573"}],"wp:term":[{"taxonomy":"category","embeddable":true,"href":"https:\/\/www.europesays.com\/fr\/wp-json\/wp\/v2\/categories?post=608573"},{"taxonomy":"post_tag","embeddable":true,"href":"https:\/\/www.europesays.com\/fr\/wp-json\/wp\/v2\/tags?post=608573"}],"curies":[{"name":"wp","href":"https:\/\/api.w.org\/{rel}","templated":true}]}}