{"id":608579,"date":"2025-12-19T01:37:39","date_gmt":"2025-12-19T01:37:39","guid":{"rendered":"https:\/\/www.europesays.com\/fr\/608579\/"},"modified":"2025-12-19T01:37:39","modified_gmt":"2025-12-19T01:37:39","slug":"largentier-le-collectionneur-et-la-porcelaine-envolee-la-folle-histoire-du-vol-xxl-a-lelysee","status":"publish","type":"post","link":"https:\/\/www.europesays.com\/fr\/608579\/","title":{"rendered":"L\u2019argentier, le collectionneur et la porcelaine envol\u00e9e\u00a0: la folle histoire du vol XXL \u00e0 l\u2019\u00c9lys\u00e9e"},"content":{"rendered":"<p class=\"paragraph text_align_left lp-f-body-02\">L\u2019homme au cr\u00e2ne d\u00e9garni affiche une mine penaude o\u00f9 se devine inconfort, stress, bref l\u2019envie d\u2019\u00eatre partout sauf devant le tribunal correctionnel de Paris. C\u2019est sa premi\u00e8re fois et cela se voit. Thomas M. d\u00e9clame son identit\u00e9, puis on lui demande son m\u00e9tier : \u00ab <a href=\"https:\/\/www.leparisien.fr\/politique\/huissiers-commis-aides-de-camp-les-petites-mains-devoilent-les-coulisses-de-lelysee-08-04-2022-Q457G2AF3VCHZAQ4O7BYIIQGFM.php\" target=\"_self\" rel=\"noopener\">Ma\u00eetre d\u2019h\u00f4tel &#8211; argentier<\/a> \u00e0 la pr\u00e9sidence de la R\u00e9publique. \u00bb Rien que \u00e7a.<\/p>\n<p class=\"\">Le quadrag\u00e9naire compara\u00eet ce jeudi pour une affaire peu banale : un vol d\u2019ampleur, men\u00e9 durant de longs mois, au c\u0153ur du <a href=\"https:\/\/www.leparisien.fr\/environnement\/de-locean-au-palais-de-lelysee-comment-une-start-up-bretonne-donne-une-seconde-vie-aux-coquillages-16-11-2025-UYP6XYW6LNATVDH6NZ6Z7LUMPI.php\" target=\"_self\" rel=\"noopener\">palais de l\u2019\u00c9lys\u00e9e<\/a>. Thomas M. est soup\u00e7onn\u00e9 d\u2019avoir d\u00e9rob\u00e9 plus d\u2019une centaine de pi\u00e8ces de porcelaine servant \u00e0 la r\u00e9ception des <a href=\"https:\/\/www.leparisien.fr\/politique\/visite-du-premier-ministre-indien-pourquoi-emmanuel-macron-cultive-l-alchimie-avec-narendra-modi-09-02-2025-YAFGQSHG3JHDTEU3S6JGGTVREA.php\" target=\"_self\" rel=\"noopener\">grands d\u00eeners d\u2019\u00c9tat<\/a> et autres agapes. L\u2019argentier connaissait bien ces pi\u00e8ces : c\u2019est lui qui, depuis plus de cinq ans, avait la charge de dresser les tables au millim\u00e8tre, g\u00e9rer les stocks, etc.<\/p>\n","protected":false},"excerpt":{"rendered":"L\u2019homme au cr\u00e2ne d\u00e9garni affiche une mine penaude o\u00f9 se devine inconfort, stress, bref l\u2019envie d\u2019\u00eatre partout sauf&hellip;\n","protected":false},"author":2,"featured_media":608580,"comment_status":"","ping_status":"","sticky":false,"template":"","format":"standard","meta":{"footnotes":""},"categories":[1888],"tags":[1111,1928,11,1927,1777,674,118,1011,27,12,1926,626,1925,25],"class_list":{"0":"post-608579","1":"post","2":"type-post","3":"status-publish","4":"format-standard","5":"has-post-thumbnail","7":"category-paris","8":"tag-actu","9":"tag-actu-paris","10":"tag-actualites","11":"tag-actualites-paris","12":"tag-eu","13":"tag-europe","14":"tag-faits-divers","15":"tag-fr","16":"tag-france","17":"tag-news","18":"tag-news-paris","19":"tag-paris","20":"tag-paris-news","21":"tag-republique-francaise"},"share_on_mastodon":{"url":"https:\/\/pubeurope.com\/@fr\/115743676307522567","error":""},"_links":{"self":[{"href":"https:\/\/www.europesays.com\/fr\/wp-json\/wp\/v2\/posts\/608579","targetHints":{"allow":["GET"]}}],"collection":[{"href":"https:\/\/www.europesays.com\/fr\/wp-json\/wp\/v2\/posts"}],"about":[{"href":"https:\/\/www.europesays.com\/fr\/wp-json\/wp\/v2\/types\/post"}],"author":[{"embeddable":true,"href":"https:\/\/www.europesays.com\/fr\/wp-json\/wp\/v2\/users\/2"}],"replies":[{"embeddable":true,"href":"https:\/\/www.europesays.com\/fr\/wp-json\/wp\/v2\/comments?post=608579"}],"version-history":[{"count":0,"href":"https:\/\/www.europesays.com\/fr\/wp-json\/wp\/v2\/posts\/608579\/revisions"}],"wp:featuredmedia":[{"embeddable":true,"href":"https:\/\/www.europesays.com\/fr\/wp-json\/wp\/v2\/media\/608580"}],"wp:attachment":[{"href":"https:\/\/www.europesays.com\/fr\/wp-json\/wp\/v2\/media?parent=608579"}],"wp:term":[{"taxonomy":"category","embeddable":true,"href":"https:\/\/www.europesays.com\/fr\/wp-json\/wp\/v2\/categories?post=608579"},{"taxonomy":"post_tag","embeddable":true,"href":"https:\/\/www.europesays.com\/fr\/wp-json\/wp\/v2\/tags?post=608579"}],"curies":[{"name":"wp","href":"https:\/\/api.w.org\/{rel}","templated":true}]}}