{"id":608585,"date":"2025-12-19T01:47:49","date_gmt":"2025-12-19T01:47:49","guid":{"rendered":"https:\/\/www.europesays.com\/fr\/608585\/"},"modified":"2025-12-19T01:47:49","modified_gmt":"2025-12-19T01:47:49","slug":"emily-in-paris-saison-6-fin-de-la-serie-les-acteurs-veulent-passer-a-autre-chose","status":"publish","type":"post","link":"https:\/\/www.europesays.com\/fr\/608585\/","title":{"rendered":"Emily in Paris saison 6 : fin de la s\u00e9rie ? Les acteurs veulent passer \u00e0 autre chose"},"content":{"rendered":"<p>C&rsquo;est ce jeudi 18 d\u00e9cembre 2025 que Netflix a mis en ligne les 10 \u00e9pisodes de la saison 5 de Emily in Paris. Et si les fans savourent cette suite, les acteurs ont h\u00e2te de la fin de la s\u00e9rie.<\/p>\n<p>En attendant la partie 2 de la saison 5 de Stranger things, c&rsquo;est ce jeudi 18 d\u00e9cembre 2025 que Netflix a mis en ligne la saison 5 de <strong>Emily in Paris<\/strong>. 10 nouveaux \u00e9pisodes qui permettent \u00e0 l&rsquo;h\u00e9ro\u00efne incarn\u00e9e par Lily Collins de d\u00e9couvrir de nouveaux paysages et de vivre une histoire d&rsquo;amour in\u00e9dite, et qui ne seront pas les derniers de la s\u00e9rie.<\/p>\n<p>En effet, \u00e0 en croire Show Snob, Ted Sarandos (patron de Netflix) aurait profit\u00e9 d&rsquo;une conf\u00e9rence pour confirmer que la com\u00e9die avait d\u00e9j\u00e0 \u00e9t\u00e9 renouvel\u00e9e pour une saison 6, qui devrait \u00eatre diffus\u00e9e aux alentours de fin 2026 d\u00e9but 2027.<\/p>\n<p class=\"mb-4 text-lg md:leading-8 break-words\">Nous sommes particuli\u00e8rement enthousiastes \u00e0 propos de plusieurs nouveaut\u00e9s \u00e0 venir pour l&rsquo;ann\u00e9e prochaine, mais \u00e9galement par les retours de certaines de nos s\u00e9ries les plus populaires et les plus appr\u00e9ci\u00e9es, telles que Bridgerton, Beef, Emily in Paris, One Piece, Outer Banks, Virgin River, The Gentlemen, Avatar : Le Dernier Ma\u00eetre de l&rsquo;Air, Ginny and Georgia et Lupin, qui reviendront toutes pour de nouvelles saisons en 2026.<\/p>\n<p>Un renouvellement pr\u00e9coce qui devrait offrir suffisamment de temps aux auteurs pour imaginer de nouvelles intrigues passionnantes, mais \u00e9galement\u2026 la fin.<\/p>\n<p>Comme l&rsquo;a confess\u00e9 la com\u00e9dienne <strong>Philippine Leroy-Beaulieu<\/strong>, qui incarne Sylvie Grateau,&#8230;<\/p>\n","protected":false},"excerpt":{"rendered":"C&rsquo;est ce jeudi 18 d\u00e9cembre 2025 que Netflix a mis en ligne les 10 \u00e9pisodes de la saison&hellip;\n","protected":false},"author":2,"featured_media":608586,"comment_status":"","ping_status":"","sticky":false,"template":"","format":"standard","meta":{"footnotes":""},"categories":[1888],"tags":[11,11739,1777,674,1011,27,127,12,626,25,71999,71998,72000],"class_list":{"0":"post-608585","1":"post","2":"type-post","3":"status-publish","4":"format-standard","5":"has-post-thumbnail","7":"category-paris","8":"tag-actualites","9":"tag-emily-in-paris","10":"tag-eu","11":"tag-europe","12":"tag-fr","13":"tag-france","14":"tag-netflix","15":"tag-news","16":"tag-paris","17":"tag-republique-francaise","18":"tag-saison-5","19":"tag-ted-sarandos","20":"tag-une-histoire-d39amour"},"share_on_mastodon":{"url":"https:\/\/pubeurope.com\/@fr\/115743719640329600","error":""},"_links":{"self":[{"href":"https:\/\/www.europesays.com\/fr\/wp-json\/wp\/v2\/posts\/608585","targetHints":{"allow":["GET"]}}],"collection":[{"href":"https:\/\/www.europesays.com\/fr\/wp-json\/wp\/v2\/posts"}],"about":[{"href":"https:\/\/www.europesays.com\/fr\/wp-json\/wp\/v2\/types\/post"}],"author":[{"embeddable":true,"href":"https:\/\/www.europesays.com\/fr\/wp-json\/wp\/v2\/users\/2"}],"replies":[{"embeddable":true,"href":"https:\/\/www.europesays.com\/fr\/wp-json\/wp\/v2\/comments?post=608585"}],"version-history":[{"count":0,"href":"https:\/\/www.europesays.com\/fr\/wp-json\/wp\/v2\/posts\/608585\/revisions"}],"wp:featuredmedia":[{"embeddable":true,"href":"https:\/\/www.europesays.com\/fr\/wp-json\/wp\/v2\/media\/608586"}],"wp:attachment":[{"href":"https:\/\/www.europesays.com\/fr\/wp-json\/wp\/v2\/media?parent=608585"}],"wp:term":[{"taxonomy":"category","embeddable":true,"href":"https:\/\/www.europesays.com\/fr\/wp-json\/wp\/v2\/categories?post=608585"},{"taxonomy":"post_tag","embeddable":true,"href":"https:\/\/www.europesays.com\/fr\/wp-json\/wp\/v2\/tags?post=608585"}],"curies":[{"name":"wp","href":"https:\/\/api.w.org\/{rel}","templated":true}]}}