{"id":608599,"date":"2025-12-19T01:56:20","date_gmt":"2025-12-19T01:56:20","guid":{"rendered":"https:\/\/www.europesays.com\/fr\/608599\/"},"modified":"2025-12-19T01:56:20","modified_gmt":"2025-12-19T01:56:20","slug":"meme-si-javais-eu-une-liaison-la-drh-prise-sur-le-fait-lors-du-concert-de-coldplay-sexprime-pour-la-toute-premiere-fois","status":"publish","type":"post","link":"https:\/\/www.europesays.com\/fr\/608599\/","title":{"rendered":"\u00ab\u00a0M\u00eame si j&rsquo;avais eu une liaison\u2026\u00a0\u00bb\u00a0: la DRH prise sur le fait lors du concert de Coldplay s&rsquo;exprime pour la toute premi\u00e8re fois"},"content":{"rendered":"<p>Une \u00ab\u00a0carri\u00e8re balay\u00e9e\u00a0\u00bb pour Kristin Cabot<\/p>\n<p class=\"ap-StoryElement ap-StoryElement--mb ap-StoryText\">Pourquoi alors se cacher ? \u00ab\u00a0Ma premi\u00e8re r\u00e9action a \u00e9t\u00e9 : &lsquo;Oh putain,<b> Andrew est l\u00e0<\/b>\u00ab\u00a0, a-t-elle tout d&rsquo;abord r\u00e9v\u00e9l\u00e9. \u00ab\u00a0Nous \u00e9tions en plein milieu d&rsquo;une s\u00e9paration tumultueuse, mais \u00e9tonnamment amicale. J&rsquo;avais peur de le mettre mal \u00e0 l&rsquo;aise.\u00a0\u00bb Cible des critiques, elle n&rsquo;a pas compris l&rsquo;acharnement qui a suivi : \u00ab\u00a0M\u00eame si j&rsquo;avais eu une liaison, cela ne regardait personne\u00a0\u00bb.<\/p>\n<p><a href=\"https:\/\/www.parismatch.be\/actualites\/monde\/2025\/10\/02\/affaire-du-couple-coldplay-lancien-pdg-surpris-en-flagrant-delit-dadultere-apercu-main-dans-la-main-avec-son-epouse-2YMU4C2QHBCJ7MFKH4ZZWQO4ZE\/\" target=\"_self\" class=\"ap-StoryInterstitialLink ap-StoryElement ap-StoryElement--mb\" rel=\"noopener\">Affaire du \u00ab\u00a0couple Coldplay\u00a0\u00bb : l&rsquo;ancien PDG surpris en flagrant d\u00e9lit d&rsquo;adult\u00e8re aper\u00e7u main dans la main avec son \u00e9pouse<\/a><\/p>\n<p class=\"ap-StoryElement ap-StoryElement--mb ap-StoryText\">Tr\u00e8s rapidement, pourtant, le monde entier s&rsquo;est empar\u00e9 de cette affaire. \u00ab\u00a0<b>Je suis devenue un <\/b><b>m\u00e8me<\/b>. Je suis devenue la manager la plus vilipend\u00e9e de l&rsquo;histoire des ressources humaines. Tout ce que j&rsquo;avais accompli dans ma vie et ma carri\u00e8re a \u00e9t\u00e9 balay\u00e9 d&rsquo;un coup\u00a0\u00bb, a-t-elle regrett\u00e9. Apr\u00e8s avoir re\u00e7u un message de son ex-mari Andrew sous forme d&rsquo;une capture d&rsquo;\u00e9cran de la vid\u00e9o devenue virale, Kristin Cabot n&rsquo;a pas support\u00e9 la pression sociale dans la foul\u00e9e. \u00ab\u00a0J&rsquo;ai sombr\u00e9\u00a0\u00bb, a-t-elle avou\u00e9 avant d&rsquo;expliquer qu&rsquo;elle ne parlait d\u00e9sormais plus au fameux Andy Byron.<\/p>\n","protected":false},"excerpt":{"rendered":"Une \u00ab\u00a0carri\u00e8re balay\u00e9e\u00a0\u00bb pour Kristin Cabot Pourquoi alors se cacher ? \u00ab\u00a0Ma premi\u00e8re r\u00e9action a \u00e9t\u00e9 : &lsquo;Oh&hellip;\n","protected":false},"author":2,"featured_media":608600,"comment_status":"","ping_status":"","sticky":false,"template":"","format":"standard","meta":{"footnotes":""},"categories":[1586],"tags":[11,6439,54476,73,1777,674,1779,1011,27,40541,873,12,25,1778,364],"class_list":{"0":"post-608599","1":"post","2":"type-post","3":"status-publish","4":"format-standard","5":"has-post-thumbnail","7":"category-europe","8":"tag-actualites","9":"tag-coldplay","10":"tag-drh","11":"tag-etats-unis","12":"tag-eu","13":"tag-europe","14":"tag-european-union","15":"tag-fr","16":"tag-france","17":"tag-kiss-cam","18":"tag-musique","19":"tag-news","20":"tag-republique-francaise","21":"tag-ue","22":"tag-union-europeenne"},"share_on_mastodon":{"url":"https:\/\/pubeurope.com\/@fr\/115743751244969227","error":""},"_links":{"self":[{"href":"https:\/\/www.europesays.com\/fr\/wp-json\/wp\/v2\/posts\/608599","targetHints":{"allow":["GET"]}}],"collection":[{"href":"https:\/\/www.europesays.com\/fr\/wp-json\/wp\/v2\/posts"}],"about":[{"href":"https:\/\/www.europesays.com\/fr\/wp-json\/wp\/v2\/types\/post"}],"author":[{"embeddable":true,"href":"https:\/\/www.europesays.com\/fr\/wp-json\/wp\/v2\/users\/2"}],"replies":[{"embeddable":true,"href":"https:\/\/www.europesays.com\/fr\/wp-json\/wp\/v2\/comments?post=608599"}],"version-history":[{"count":0,"href":"https:\/\/www.europesays.com\/fr\/wp-json\/wp\/v2\/posts\/608599\/revisions"}],"wp:featuredmedia":[{"embeddable":true,"href":"https:\/\/www.europesays.com\/fr\/wp-json\/wp\/v2\/media\/608600"}],"wp:attachment":[{"href":"https:\/\/www.europesays.com\/fr\/wp-json\/wp\/v2\/media?parent=608599"}],"wp:term":[{"taxonomy":"category","embeddable":true,"href":"https:\/\/www.europesays.com\/fr\/wp-json\/wp\/v2\/categories?post=608599"},{"taxonomy":"post_tag","embeddable":true,"href":"https:\/\/www.europesays.com\/fr\/wp-json\/wp\/v2\/tags?post=608599"}],"curies":[{"name":"wp","href":"https:\/\/api.w.org\/{rel}","templated":true}]}}