{"id":608605,"date":"2025-12-19T01:59:17","date_gmt":"2025-12-19T01:59:17","guid":{"rendered":"https:\/\/www.europesays.com\/fr\/608605\/"},"modified":"2025-12-19T01:59:17","modified_gmt":"2025-12-19T01:59:17","slug":"un-a-deux-mois-en-plus-par-parent-la-france-instaure-un-nouveau-conge-de-naissance","status":"publish","type":"post","link":"https:\/\/www.europesays.com\/fr\/608605\/","title":{"rendered":"Un \u00e0 deux mois en plus par parent: la France instaure un nouveau cong\u00e9 de naissance"},"content":{"rendered":"<p>Tous les parents d\u2019un b\u00e9b\u00e9 n\u00e9 \u00e0 partir du 1er\u00a0janvier 2026 pourront b\u00e9n\u00e9ficier du nouveau cong\u00e9 de naissance pr\u00e9vu par le budget de la S\u00e9curit\u00e9 sociale, m\u00eame s\u2019ils devront attendre l\u2019entr\u00e9e en vigueur technique du dispositif dans \u00able courant de l\u2019ann\u00e9e\u00bb, a annonc\u00e9 jeudi le Minist\u00e8re de la sant\u00e9 \u00e0 l\u2019AFP.<\/p>\n<p>Ce cong\u00e9 suppl\u00e9mentaire d\u2019un \u00e0 deux mois par parent s\u2019ajoute aux cong\u00e9s maternit\u00e9 (16 semaines) et paternit\u00e9 (28 jours) existants, avec un niveau d\u2019indemnisation plus \u00e9lev\u00e9 que le cong\u00e9 parental actuel, \u00e9galement maintenu.<\/p>\n<p>Le calendrier de son application, initialement fix\u00e9e \u00e0 juillet 2027, a fait d\u00e9bat au parlement o\u00f9 elle a \u00e9t\u00e9 avanc\u00e9e \u00e0 l\u2019Assembl\u00e9e nationale \u00e0 janvier 2026, puis d\u00e9cal\u00e9e \u00e0 janvier 2027 au S\u00e9nat \u2013 o\u00f9 ont notamment \u00e9t\u00e9 mises en avant des contraintes techniques \u2013 avant d\u2019\u00eatre finalement fix\u00e9e \u00e0 janvier 2026 dans le texte d\u00e9finitivement adopt\u00e9 mardi au Palais Bourbon.<\/p>\n<p>Lire aussi: <a href=\"https:\/\/www.letemps.ch\/articles\/le-conseil-des-etats-leve-un-obstacle-au-conge-parental-genevois-de-huit-semaines-pionnier-en-suisse\" target=\"_blank\" rel=\"noopener\">Le Conseil des Etats l\u00e8ve un obstacle au cong\u00e9 parental genevois de huit semaines, pionnier en Suisse<\/a>  <\/p>\n<p>\u00abTr\u00e8s attendu par les Fran\u00e7ais\u00bb<\/p>\n<p>Ce cong\u00e9 \u00abest tr\u00e8s attendu par les Fran\u00e7ais [\u2026]. Evidemment, nous allons respecter la loi, m\u00eame si j\u2019avais pu dire qu\u2019il y avait des sujets techniques pour y arriver. Donc, on va le faire, on va y arriver, mais de fa\u00e7on d\u00e9grad\u00e9e\u00bb, avait d\u00e9clar\u00e9 jeudi apr\u00e8s-midi sur Franceinfo la ministre de la Sant\u00e9, St\u00e9phanie Rist.<\/p>\n<p>L\u2019entr\u00e9e en vigueur d\u00e8s le 1er\u00a0janvier 2026 \u00abn\u2019est techniquement pas envisageable ni s\u00e9curis\u00e9e pour les employeurs, comme cela avait \u00e9t\u00e9 soulign\u00e9 par le gouvernement dans le cadre des d\u00e9bats parlementaires. Les \u00e9quipes sont pleinement mobilis\u00e9es pour permettre une entr\u00e9e en vigueur dans le courant de l\u2019ann\u00e9e 2026\u00bb, a pr\u00e9cis\u00e9 en soir\u00e9e \u00e0 l\u2019AFP le minist\u00e8re.<\/p>\n<p>\u00abLe gouvernement s\u2019engage \u00e0 ce que les parents ayant eu un enfant \u00e0 partir du 1er\u00a0janvier 2026 puissent b\u00e9n\u00e9ficier de ce cong\u00e9 \u00e0 partir de son entr\u00e9e en vigueur qui interviendra dans le courant de l\u2019ann\u00e9e\u00bb, et les modalit\u00e9s d\u2019application \u00abseront pr\u00e9cis\u00e9es aux futurs parents et aux employeurs dans les prochains jours\u00bb, a-t-on ajout\u00e9 de m\u00eame source.<\/p>\n<p>Lire \u00e9galement: <a href=\"https:\/\/www.letemps.ch\/articles\/l-initiative-sur-le-conge-parental-est-lancee-nous-meritons-mieux-que-la-situation-actuelle\" target=\"_blank\" rel=\"noopener\">L\u2019initiative sur le cong\u00e9 parental est lanc\u00e9e: \u00abNous m\u00e9ritons mieux que la situation actuelle\u00bb<\/a>  <\/p>\n<p>\u00abR\u00e9armement d\u00e9mographique\u00bb<\/p>\n<p>Ce nouveau cong\u00e9, annonc\u00e9 par le pr\u00e9sident Emmanuel Macron en janvier 2024 en vue d\u2019un \u00abr\u00e9armement d\u00e9mographique\u00bb face \u00e0 la baisse de la natalit\u00e9, aura une dur\u00e9e d\u2019un ou deux mois, au choix du salari\u00e9, et pourra \u00eatre fractionn\u00e9 en deux p\u00e9riodes d\u2019un mois.<\/p>\n<p>Le montant d\u2019indemnisation doit \u00eatre fix\u00e9 par d\u00e9cret mais lors des d\u00e9bats parlementaires, l\u2019ex\u00e9cutif a annonc\u00e9 qu\u2019il s\u2019\u00e9l\u00e8verait \u00e0 70% du salaire net le premier mois et 60% le second.<\/p>\n<p>Lire aussi: <a href=\"https:\/\/www.letemps.ch\/articles\/norvege-un-an-devenir-parents\" target=\"_blank\" rel=\"noopener\">En Norv\u00e8ge, un an pour devenir parents<\/a>  <\/p>\n","protected":false},"excerpt":{"rendered":"Tous les parents d\u2019un b\u00e9b\u00e9 n\u00e9 \u00e0 partir du 1er\u00a0janvier 2026 pourront b\u00e9n\u00e9ficier du nouveau cong\u00e9 de naissance&hellip;\n","protected":false},"author":2,"featured_media":608606,"comment_status":"","ping_status":"","sticky":false,"template":"","format":"standard","meta":{"footnotes":""},"categories":[4],"tags":[11,72001,11265,1011,27,4438,12,25],"class_list":{"0":"post-608605","1":"post","2":"type-post","3":"status-publish","4":"format-standard","5":"has-post-thumbnail","7":"category-france","8":"tag-actualites","9":"tag-enfants-u0026-parentalite","10":"tag-familles","11":"tag-fr","12":"tag-france","13":"tag-free","14":"tag-news","15":"tag-republique-francaise"},"share_on_mastodon":{"url":"https:\/\/pubeurope.com\/@fr\/115743762890859328","error":""},"_links":{"self":[{"href":"https:\/\/www.europesays.com\/fr\/wp-json\/wp\/v2\/posts\/608605","targetHints":{"allow":["GET"]}}],"collection":[{"href":"https:\/\/www.europesays.com\/fr\/wp-json\/wp\/v2\/posts"}],"about":[{"href":"https:\/\/www.europesays.com\/fr\/wp-json\/wp\/v2\/types\/post"}],"author":[{"embeddable":true,"href":"https:\/\/www.europesays.com\/fr\/wp-json\/wp\/v2\/users\/2"}],"replies":[{"embeddable":true,"href":"https:\/\/www.europesays.com\/fr\/wp-json\/wp\/v2\/comments?post=608605"}],"version-history":[{"count":0,"href":"https:\/\/www.europesays.com\/fr\/wp-json\/wp\/v2\/posts\/608605\/revisions"}],"wp:featuredmedia":[{"embeddable":true,"href":"https:\/\/www.europesays.com\/fr\/wp-json\/wp\/v2\/media\/608606"}],"wp:attachment":[{"href":"https:\/\/www.europesays.com\/fr\/wp-json\/wp\/v2\/media?parent=608605"}],"wp:term":[{"taxonomy":"category","embeddable":true,"href":"https:\/\/www.europesays.com\/fr\/wp-json\/wp\/v2\/categories?post=608605"},{"taxonomy":"post_tag","embeddable":true,"href":"https:\/\/www.europesays.com\/fr\/wp-json\/wp\/v2\/tags?post=608605"}],"curies":[{"name":"wp","href":"https:\/\/api.w.org\/{rel}","templated":true}]}}