{"id":608608,"date":"2025-12-19T02:03:13","date_gmt":"2025-12-19T02:03:13","guid":{"rendered":"https:\/\/www.europesays.com\/fr\/608608\/"},"modified":"2025-12-19T02:03:13","modified_gmt":"2025-12-19T02:03:13","slug":"pires-tsonga-govou-gasquet-tire-sa-reverence-aux-cotes-de-plusieurs-stars-lors-dun-match-de-football","status":"publish","type":"post","link":"https:\/\/www.europesays.com\/fr\/608608\/","title":{"rendered":"Pir\u00e8s, Tsonga, Govou&#8230; Gasquet tire sa r\u00e9v\u00e9rence aux c\u00f4t\u00e9s de plusieurs stars lors d\u2019un match de football"},"content":{"rendered":"<p>\n    <strong>SCAN SPORT &#8211;<\/strong> L\u2019ancien tennisman fran\u00e7ais Richard Gasquet a c\u00e9l\u00e9br\u00e9 sa retraite sportive \u00e0 l\u2019occasion d\u2019un match de football caritatif \u00e0 B\u00e9ziers aux c\u00f4t\u00e9s de plusieurs stars.<\/p>\n<p class=\"fig-paragraph\"><a href=\"http:\/\/www.lefigaro.fr\/sports\/tennis\/tennis-richard-gasquet-rejoint-la-nouvelle-cellule-expert-de-la-fft-20250930\" target=\"_blank\" data-fig-type=\"NewsFlash\" rel=\"nofollow noopener\" data-gtm-custom-categorie=\"navigation\" data-gtm-custom-action=\"crossclick\" data-gtm-custom-label=\"Contextuel\" data-gtm-event=\"customEventSPE\" data-fig-domain=\"LEFIGARO\">Richard Gasquet<\/a>\u00a0a fait ses adieux au public \u00e0 l\u2019occasion d\u2019un jubil\u00e9 de gala. Aux c\u00f4t\u00e9s de plusieurs stars du ballon rond (Laurent Blanc, Claude Puel, Alain Giresse, Fabien Barthez, Robert Pir\u00e8s, Sonny Anderson, Sidney Govou et Dominique Rocheteau) et \u00e9galement de\u00a0<a href=\"http:\/\/www.lefigaro.fr\/sports\/tennis\/tennis-lyon-a-vocation-a-accueillir-les-meilleurs-joueurs-selon-thierry-ascione-et-jo-wilfried-tsonga-20250904\" target=\"_blank\" data-fig-type=\"NewsFlash\" rel=\"nofollow noopener\" data-gtm-custom-categorie=\"navigation\" data-gtm-custom-action=\"crossclick\" data-gtm-custom-label=\"Contextuel\" data-gtm-event=\"customEventSPE\" data-fig-domain=\"LEFIGARO\">Jo-Wilfried Tsonga<\/a>, l\u2019ancien tennisman a particip\u00e9 au match de football caritatif \u00abBut, set et match\u00bb afin de c\u00e9l\u00e9brer sa retraite apr\u00e8s 23 ans de carri\u00e8re sur les courts.<\/p>\n<p class=\"fig-paragraph\">Un match \u00abremplit d\u2019\u00e9motion\u00bb pour le passionn\u00e9 de foot, qui a pu fouler la pelouse du stade Raoul-Barri\u00e8re \u00e0 B\u00e9ziers, au profit de la Maison des femmes de B\u00e9ziers, une structure d\u2019accueil de femmes victimes de violences sexuelles ou intrafamiliales et de leurs enfants.<\/p>\n","protected":false},"excerpt":{"rendered":"SCAN SPORT &#8211; L\u2019ancien tennisman fran\u00e7ais Richard Gasquet a c\u00e9l\u00e9br\u00e9 sa retraite sportive \u00e0 l\u2019occasion d\u2019un match de&hellip;\n","protected":false},"author":2,"featured_media":608609,"comment_status":"","ping_status":"","sticky":false,"template":"","format":"standard","meta":{"footnotes":""},"categories":[1415],"tags":[4169,1011,27,4977,6432,60,1467],"class_list":{"0":"post-608608","1":"post","2":"type-post","3":"status-publish","4":"format-standard","5":"has-post-thumbnail","7":"category-tennis","8":"tag-atp","9":"tag-fr","10":"tag-france","11":"tag-le-scan-sport","12":"tag-richard-gasquet","13":"tag-sports","14":"tag-tennis"},"share_on_mastodon":{"url":"https:\/\/pubeurope.com\/@fr\/115743778592324565","error":""},"_links":{"self":[{"href":"https:\/\/www.europesays.com\/fr\/wp-json\/wp\/v2\/posts\/608608","targetHints":{"allow":["GET"]}}],"collection":[{"href":"https:\/\/www.europesays.com\/fr\/wp-json\/wp\/v2\/posts"}],"about":[{"href":"https:\/\/www.europesays.com\/fr\/wp-json\/wp\/v2\/types\/post"}],"author":[{"embeddable":true,"href":"https:\/\/www.europesays.com\/fr\/wp-json\/wp\/v2\/users\/2"}],"replies":[{"embeddable":true,"href":"https:\/\/www.europesays.com\/fr\/wp-json\/wp\/v2\/comments?post=608608"}],"version-history":[{"count":0,"href":"https:\/\/www.europesays.com\/fr\/wp-json\/wp\/v2\/posts\/608608\/revisions"}],"wp:featuredmedia":[{"embeddable":true,"href":"https:\/\/www.europesays.com\/fr\/wp-json\/wp\/v2\/media\/608609"}],"wp:attachment":[{"href":"https:\/\/www.europesays.com\/fr\/wp-json\/wp\/v2\/media?parent=608608"}],"wp:term":[{"taxonomy":"category","embeddable":true,"href":"https:\/\/www.europesays.com\/fr\/wp-json\/wp\/v2\/categories?post=608608"},{"taxonomy":"post_tag","embeddable":true,"href":"https:\/\/www.europesays.com\/fr\/wp-json\/wp\/v2\/tags?post=608608"}],"curies":[{"name":"wp","href":"https:\/\/api.w.org\/{rel}","templated":true}]}}