{"id":608614,"date":"2025-12-19T02:09:13","date_gmt":"2025-12-19T02:09:13","guid":{"rendered":"https:\/\/www.europesays.com\/fr\/608614\/"},"modified":"2025-12-19T02:09:13","modified_gmt":"2025-12-19T02:09:13","slug":"exclu-marlene-schaff-des-commentaires-desobligeants-son-nouveau-projet-est-ne-dune-bien-triste-raison","status":"publish","type":"post","link":"https:\/\/www.europesays.com\/fr\/608614\/","title":{"rendered":"EXCLU. Marl\u00e8ne Schaff : \u00ab\u00a0Des commentaires d\u00e9sobligeants\u00a0\u00bb, son nouveau projet est n\u00e9 d&rsquo;une bien triste raison"},"content":{"rendered":"<p>Elle coache les \u00e9l\u00e8ves de la Star Academy sur <a href=\"https:\/\/www.tf1.fr\/\" rel=\"nofollow noopener\" target=\"_blank\">TF1<\/a> &#8211; et s&rsquo;est d&rsquo;ailleurs<br \/>\n<a href=\"https:\/\/www.closermag.fr\/tv_tele_realite\/star-academy-des-love-story-au-chateau-marlene-schaff-donne-son-avis-cash-3604191\" target=\"_blank\" rel=\"noopener\"><br \/>\nprononc\u00e9e sur les love stories au ch\u00e2teau<\/a> &#8211; mais c\u2019est<br \/>\nelle-m\u00eame que Marl\u00e8ne Schaff, chanteuse et prof d\u2019expression<br \/>\nsc\u00e9nique, a commenc\u00e9 par coacher. Apr\u00e8s avoir <a href=\"https:\/\/www.closermag.fr\/people\/six-mois-pour-marlene-schaff-la-dramatique-epreuve-de-la-prof-de-la-star-academy-3602809\" rel=\"noopener\" target=\"_blank\">surmont\u00e9 de nombreuses \u00e9preuves<\/a>, elle s\u2019est confi\u00e9e dans<br \/>\nles pages du magazine Closer pour revenir sur son parcours et sur<br \/>\nses diff\u00e9rents projets. L\u2019un d\u2019eux est <strong>un seule-en-sc\u00e8ne<br \/>\nintitul\u00e9 A Queen is Born, dans lequel elle laisse parler son alter<br \/>\nego drag-queen, Petra<\/strong>. Un tr\u00e8s beau projet qui prouve<br \/>\nqu\u2019on peut transformer le n\u00e9gatif en positif, puisque l\u2019inspiration<br \/>\npour son personnage de Petra et le d\u00e9sir d\u2019en faire un spectacle a<br \/>\n\u00e9t\u00e9 plut\u00f4t douloureuse.<\/p>\n<p>\u00ab\u00a0J\u2019ai subi des commentaires d\u00e9sobligeants sur mon apparence<br \/>\ntoute ma vie. Dans ma carri\u00e8re aussi <strong>j\u2019\u00e9tais \u00e9cras\u00e9e, on me<br \/>\ndemandait d\u2019\u00eatre quelqu\u2019un d\u2019autre<\/strong>, de chanter<br \/>\ndiff\u00e9remment, de moins parler anglais\u2026 En bonne fille d\u2019instit, je<br \/>\nvoulais \u00eatre la bonne \u00e9l\u00e8ve et, \u00e0 tellement vouloir satisfaire, je<br \/>\nme suis \u00e9teinte\u00a0\u00bb a commenc\u00e9 par expliquer Marl\u00e8ne Schaff \u00e0 nos<br \/>\nconfr\u00e8res.<\/p>\n<p>Marl\u00e8ne Schaff a cr\u00e9\u00e9 son alter ego<\/p>\n<p>Elle pr\u00e9cise ensuite que cela lui aura au moins permis de faire<br \/>\nla connaissance de son alter ego. \u00ab\u00a0C\u2019est alors que m\u2019est<br \/>\napparue Petra. <strong>Le drag, c\u2019est le paroxysme de la<br \/>\nlibert\u00e9<\/strong> dans le paroxysme de la contrainte !\u00a0\u00bb Un<br \/>\nunivers qui, finalement, collait parfaitement aux besoins qu\u2019elle<br \/>\navait \u00e0 ce moment-l\u00e0. \u00ab\u00a0\u00c7a m\u2019a permis de me d\u00e9lester de kilos de<br \/>\ndoutes : j\u2019ai totalement enlev\u00e9 l\u2019autorisation \u00e0 qui que ce soit<br \/>\nd\u2019avoir une opinion sur ce personnage, que je trouve tr\u00e8s<br \/>\nbeau\u00a0\u00bb.<\/p>\n<p>Et Petra l\u2019a aussi aid\u00e9e \u00e0 donner la parole \u00e0 une autre facette<br \/>\nd\u2019elle-m\u00eame, qu\u2019elle s\u2019autorise moins en temps normal. \u00ab\u00a0Gr\u00e2ce \u00e0<br \/>\nelle, j\u2019ai appris \u00e0 m\u2019aimer. J\u2019aime Marl\u00e8ne mais je la prot\u00e8ge,<br \/>\n<strong>sur sc\u00e8ne, c\u2019est Petra qui parle en son nom.<\/strong> Elle<br \/>\nest celle que j\u2019\u00e9tais : elle a beaucoup d\u2019humour, parfois grivois,<br \/>\nce que je m\u2019autorise tr\u00e8s peu, et elle d\u00e9voile beaucoup de choses<br \/>\nde ma vie intime, ce que je ne fais jamais. Elle casse les<br \/>\nmurs\u00a0\u00bb conclut-elle en rigolant. Un personnage haut en couleurs<br \/>\nqui se d\u00e9voile donc dans un spectacle et qui signe d\u00e9finitivement<br \/>\nl\u2019arriv\u00e9e de Marl\u00e8ne Schaff sur le devant de la sc\u00e8ne, et non plus<br \/>\nen coulisses. Au cours de l\u2019interview, elle d\u00e9voile en effet qu\u2019un<br \/>\nr\u00f4le dans l\u2019ombre lui a convenu pour commencer.<\/p>\n<p>La prof combl\u00e9e par son r\u00f4le dans Star<br \/>\nAcademy<\/p>\n<p>Apr\u00e8s une audition \u00e0 The Voice, elle a \u00e9t\u00e9 <strong>engag\u00e9e comme<br \/>\ncoach de l\u2019\u00e9mission en coulisses<\/strong>. \u00ab\u00a0C\u2019\u00e9tait parfait,<br \/>\nj\u2019allais me planquer derri\u00e8re un rideau !\u00a0\u00bb confie-t-elle en<br \/>\nriant. Un m\u00e9tier qui l\u2019a notamment men\u00e9e \u00e0 devenir coach dans Star<br \/>\nAcademy, mais cette fois devant les cam\u00e9ras puisqu&rsquo;elle <a href=\"https:\/\/www.closermag.fr\/people\/marlene-schaff-sans-aucun-filtre-sur-son-corps-quon-me-touche-3605038\" target=\"_blank\" rel=\"noopener\"><br \/>\nse sent d\u00e9sormais tr\u00e8s bien dans son corps<\/a>. \u00ab\u00a0Je vis tr\u00e8s<br \/>\nbien le fait d\u2019appara\u00eetre au quotidien \u00e0 la t\u00e9l\u00e9. J\u2019ai r\u00e9gl\u00e9 mes<br \/>\nprobl\u00e8mes et je me sens d\u00e9sormais tr\u00e8s bien dans mes<br \/>\nbaskets\u00a0\u00bb.<\/p>\n<p><strong>COMMENT ACHETER CLOSER ? Votre magazine est en vente \u00e0<br \/>\npartir du vendredi 19 d\u00e9cembre 2025 chez votre marchand de<br \/>\njournaux, sur Android, iPad et sur KiosqueMag.<\/strong><\/p>\n","protected":false},"excerpt":{"rendered":"Elle coache les \u00e9l\u00e8ves de la Star Academy sur TF1 &#8211; et s&rsquo;est d&rsquo;ailleurs prononc\u00e9e sur les love&hellip;\n","protected":false},"author":2,"featured_media":608615,"comment_status":"","ping_status":"","sticky":false,"template":"","format":"standard","meta":{"footnotes":""},"categories":[1359],"tags":[21303,58,59,1011,27,70426,973,5095,65861],"class_list":{"0":"post-608614","1":"post","2":"type-post","3":"status-publish","4":"format-standard","5":"has-post-thumbnail","7":"category-people","8":"tag-buzz_nonli","9":"tag-divertissement","10":"tag-entertainment","11":"tag-fr","12":"tag-france","13":"tag-marfeel_news","14":"tag-people","15":"tag-star-academy","16":"tag-trend"},"share_on_mastodon":{"url":"https:\/\/pubeurope.com\/@fr\/115743802493284724","error":""},"_links":{"self":[{"href":"https:\/\/www.europesays.com\/fr\/wp-json\/wp\/v2\/posts\/608614","targetHints":{"allow":["GET"]}}],"collection":[{"href":"https:\/\/www.europesays.com\/fr\/wp-json\/wp\/v2\/posts"}],"about":[{"href":"https:\/\/www.europesays.com\/fr\/wp-json\/wp\/v2\/types\/post"}],"author":[{"embeddable":true,"href":"https:\/\/www.europesays.com\/fr\/wp-json\/wp\/v2\/users\/2"}],"replies":[{"embeddable":true,"href":"https:\/\/www.europesays.com\/fr\/wp-json\/wp\/v2\/comments?post=608614"}],"version-history":[{"count":0,"href":"https:\/\/www.europesays.com\/fr\/wp-json\/wp\/v2\/posts\/608614\/revisions"}],"wp:featuredmedia":[{"embeddable":true,"href":"https:\/\/www.europesays.com\/fr\/wp-json\/wp\/v2\/media\/608615"}],"wp:attachment":[{"href":"https:\/\/www.europesays.com\/fr\/wp-json\/wp\/v2\/media?parent=608614"}],"wp:term":[{"taxonomy":"category","embeddable":true,"href":"https:\/\/www.europesays.com\/fr\/wp-json\/wp\/v2\/categories?post=608614"},{"taxonomy":"post_tag","embeddable":true,"href":"https:\/\/www.europesays.com\/fr\/wp-json\/wp\/v2\/tags?post=608614"}],"curies":[{"name":"wp","href":"https:\/\/api.w.org\/{rel}","templated":true}]}}