{"id":608618,"date":"2025-12-19T02:13:31","date_gmt":"2025-12-19T02:13:31","guid":{"rendered":"https:\/\/www.europesays.com\/fr\/608618\/"},"modified":"2025-12-19T02:13:31","modified_gmt":"2025-12-19T02:13:31","slug":"emily-in-paris-saison-6-fin-de-la-serie-les-acteurs-veulent-passer-a-autre-chose-2","status":"publish","type":"post","link":"https:\/\/www.europesays.com\/fr\/608618\/","title":{"rendered":"Emily in Paris saison 6 : fin de la s\u00e9rie ? Les acteurs veulent passer \u00e0 autre chose"},"content":{"rendered":"<p>                <img loading=\"lazy\" decoding=\"async\" src=\"https:\/\/www.europesays.com\/fr\/wp-content\/uploads\/2025\/04\/25-650ab73a0e8c6-35x35-1.jpg\" class=\"author-article-picture\" width=\"35\" height=\"35\"\/><\/p>\n<p>                    Par<\/p>\n<p>                                            <a class=\"author-article-bio-link\" href=\"https:\/\/www.purebreak.com\/auteur\/quentin-piton_a25\" target=\"_blank\" rel=\"noopener\">Quentin Piton<\/a><\/p>\n<p>                    |<\/p>\n<p>                                            Journaliste S\u00e9ries &#8211; Cin\u00e9<\/p>\n<p>\n                Journaliste sp\u00e9cialis\u00e9 dans les s\u00e9ries, le cin\u00e9ma, mais \u00e9galement les anime et mangas. Passe son temps libre \u00e0 \u00e9crire des histoires pour les enfants (auteur jeunesse) et \u00e0 r\u00eaver d&rsquo;Emma Watson, consid\u00e8re Olivier Giroud comme le GOAT et refuse de parler avec ceux qui sont contre la v\u00e9rit\u00e9 absolue qui est : How I Met Your Mother est une meilleure s\u00e9rie que Friends.\n            <\/p>\n<p>\n    C&rsquo;est ce jeudi 18 d\u00e9cembre 2025 que Netflix a mis en ligne les 10 \u00e9pisodes de la saison 5 de Emily in Paris. Et si les fans savourent cette suite, les acteurs ont h\u00e2te de la fin de la s\u00e9rie.\n<\/p>\n<p>                            <img loading=\"lazy\" decoding=\"async\" class=\"player-thumbnail\" src=\"https:\/\/www.europesays.com\/fr\/wp-content\/uploads\/2025\/12\/7a9a26b1b8634f30-580x326-1.png\" width=\"580\" height=\"326\"\/><\/p>\n<p>                            Bande-annonce Emily in Paris saison 5 \u00a9 Vid\u00e9o et Image : Netflix<\/p>\n<p>La suite apr\u00e8s la publicit\u00e9<\/p>\n<p>En attendant la partie 2 de la saison 5 de Stranger things, c&rsquo;est ce jeudi 18 d\u00e9cembre 2025 que Netflix a mis en ligne la saison 5 de <strong>Emily in Paris<\/strong>. 10 nouveaux \u00e9pisodes qui permettent \u00e0 l&rsquo;h\u00e9ro\u00efne incarn\u00e9e par Lily Collins de d\u00e9couvrir de nouveaux paysages et de vivre une histoire d&rsquo;amour in\u00e9dite, et qui ne seront pas les derniers de la s\u00e9rie.<\/p>\n<p>Bient\u00f4t la fin pour Emily in Paris<\/p>\n<p>En effet, \u00e0 en croire Show Snob, Ted Sarandos (patron de Netflix) aurait profit\u00e9 d&rsquo;une conf\u00e9rence pour confirmer que la com\u00e9die avait d\u00e9j\u00e0 \u00e9t\u00e9 renouvel\u00e9e pour une saison 6, qui devrait \u00eatre diffus\u00e9e aux alentours de fin 2026 d\u00e9but 2027.\u00a0<\/p>\n<blockquote>\n<p>Nous sommes particuli\u00e8rement enthousiastes \u00e0 propos de plusieurs nouveaut\u00e9s \u00e0 venir pour l&rsquo;ann\u00e9e prochaine, mais \u00e9galement par les retours de certaines de nos s\u00e9ries les plus populaires et les plus appr\u00e9ci\u00e9es, telles que Bridgerton, Beef, Emily in Paris, One Piece, Outer Banks, Virgin River, The Gentlemen, Avatar : Le Dernier Ma\u00eetre de l&rsquo;Air, Ginny and Georgia et Lupin, qui reviendront toutes pour de nouvelles saisons en 2026.<\/p>\n<\/blockquote>\n<p>Un renouvellement pr\u00e9coce qui devrait offrir suffisamment de temps aux auteurs pour imaginer de nouvelles intrigues passionnantes, mais \u00e9galement\u2026 la fin.<\/p>\n<p>Emily in Paris saison 5 : couple avec Marcello, changement de titre et nouvelle vie dans la bande-annonce<\/p>\n<p>Des acteurs press\u00e9s de passer \u00e0 autre chose<\/p>\n<p>Comme l&rsquo;a confess\u00e9 la com\u00e9dienne <strong>Philippine Leroy-Beaulieu<\/strong>, qui incarne Sylvie Grateau, le sujet ne serait plus tabou en coulisses. Aussi, apr\u00e8s avoir assur\u00e9 aupr\u00e8s de Paris Match, \u00ab\u00a0Je suis heureuse de retrouver mon personnage\u00a0\u00bb, elle a imm\u00e9diatement pr\u00e9cis\u00e9, \u00ab\u00a0<strong>Je suis aussi tr\u00e8s contente de la quitter.\u00a0\u00bb<\/strong><\/p>\n<p>Pour l&rsquo;heure l&rsquo;annulation de Emily in Paris n&rsquo;est pas encore officielle, mais elle serait visiblement d\u00e9j\u00e0 dans les t\u00eates de tous les acteurs.<\/p>\n<blockquote>\n<p>Apr\u00e8s la saison 6, qui sera s\u00fbrement la derni\u00e8re, Sylvie risque de beaucoup me manquer. Mais l\u00e0 on a tous envie de passer \u00e0 autre chose. C\u2019est normal, six saisons c\u2019est pas mal quand m\u00eame !<\/p>\n<\/blockquote>\n<p>Reste d\u00e9sormais \u00e0 savoir dans le bras de quel love-interest Emily se retrouvera : Gabriel ? Marcello ?<\/p>\n<p>        <img decoding=\"async\" class=\"thumb-img-100 thumb-img\" src=\"https:\/\/www.europesays.com\/fr\/wp-content\/uploads\/2025\/12\/b3aa064c6c3b7fcc-320x180-1.jpg\" alt=\"Emily in Paris saison 5 : Lucas Bravo (Gabriel) fatigu\u00e9 par la s\u00e9rie de Netflix ? Il fait le point sur son avenir, &quot;Je n'ai pas cette fougue...&quot;\" width=\"320\" height=\"180\" loading=\"lazy\" role=\"presentation\"\/><\/p>\n<p>                                            Emily in Paris saison 5 : Lucas Bravo (Gabriel) fatigu\u00e9 par la s\u00e9rie de Netflix ? Il fait le point sur son avenir, \u00ab\u00a0Je n&rsquo;ai pas cette fougue&#8230;\u00a0\u00bb<\/p>\n<p>        <img decoding=\"async\" class=\"thumb-img-100 thumb-img\" src=\"https:\/\/www.europesays.com\/fr\/wp-content\/uploads\/2025\/12\/41e1117e997e0920-320x180-1.jpg\" alt=\"Si vous aimez Emily in Paris, vous devez (re)d\u00e9couvrir cette s\u00e9rie avec Lily Collins et d'autres stars de Netflix au casting !\" width=\"320\" height=\"180\" loading=\"lazy\" role=\"presentation\"\/><\/p>\n<p>                                            Si vous aimez Emily in Paris, vous devez (re)d\u00e9couvrir cette s\u00e9rie avec Lily Collins et d&rsquo;autres stars de Netflix au casting !<\/p>\n<p>        <img decoding=\"async\" class=\"thumb-img-100 thumb-img\" src=\"https:\/\/www.europesays.com\/fr\/wp-content\/uploads\/2025\/12\/877092-bande-annonce-de-la-saison-4-partie-2-d-320x180-3.png\" alt=\"Emily in Paris saison 5 : Gabriel ou Marcello pour Emily dans la suite ? Les fans ont fait leur choix et sont pr\u00eats \u00e0 partir en guerre, &quot;Ne ruinez pas \u00e7a&quot;\" width=\"320\" height=\"180\" loading=\"lazy\" role=\"presentation\"\/><\/p>\n<p>                                            Emily in Paris saison 5 : Gabriel ou Marcello pour Emily dans la suite ? Les fans ont fait leur choix et sont pr\u00eats \u00e0 partir en guerre, \u00ab\u00a0Ne ruinez pas \u00e7a\u00a0\u00bb<\/p>\n","protected":false},"excerpt":{"rendered":"Par Quentin Piton | Journaliste S\u00e9ries &#8211; Cin\u00e9 Journaliste sp\u00e9cialis\u00e9 dans les s\u00e9ries, le cin\u00e9ma, mais \u00e9galement les&hellip;\n","protected":false},"author":2,"featured_media":608619,"comment_status":"","ping_status":"","sticky":false,"template":"","format":"standard","meta":{"footnotes":""},"categories":[1356],"tags":[58,59,1011,27,252,1364],"class_list":{"0":"post-608618","1":"post","2":"type-post","3":"status-publish","4":"format-standard","5":"has-post-thumbnail","7":"category-television","8":"tag-divertissement","9":"tag-entertainment","10":"tag-fr","11":"tag-france","12":"tag-television","13":"tag-tv"},"share_on_mastodon":{"url":"https:\/\/pubeurope.com\/@fr\/115743821094214403","error":""},"_links":{"self":[{"href":"https:\/\/www.europesays.com\/fr\/wp-json\/wp\/v2\/posts\/608618","targetHints":{"allow":["GET"]}}],"collection":[{"href":"https:\/\/www.europesays.com\/fr\/wp-json\/wp\/v2\/posts"}],"about":[{"href":"https:\/\/www.europesays.com\/fr\/wp-json\/wp\/v2\/types\/post"}],"author":[{"embeddable":true,"href":"https:\/\/www.europesays.com\/fr\/wp-json\/wp\/v2\/users\/2"}],"replies":[{"embeddable":true,"href":"https:\/\/www.europesays.com\/fr\/wp-json\/wp\/v2\/comments?post=608618"}],"version-history":[{"count":0,"href":"https:\/\/www.europesays.com\/fr\/wp-json\/wp\/v2\/posts\/608618\/revisions"}],"wp:featuredmedia":[{"embeddable":true,"href":"https:\/\/www.europesays.com\/fr\/wp-json\/wp\/v2\/media\/608619"}],"wp:attachment":[{"href":"https:\/\/www.europesays.com\/fr\/wp-json\/wp\/v2\/media?parent=608618"}],"wp:term":[{"taxonomy":"category","embeddable":true,"href":"https:\/\/www.europesays.com\/fr\/wp-json\/wp\/v2\/categories?post=608618"},{"taxonomy":"post_tag","embeddable":true,"href":"https:\/\/www.europesays.com\/fr\/wp-json\/wp\/v2\/tags?post=608618"}],"curies":[{"name":"wp","href":"https:\/\/api.w.org\/{rel}","templated":true}]}}