{"id":608620,"date":"2025-12-19T02:14:13","date_gmt":"2025-12-19T02:14:13","guid":{"rendered":"https:\/\/www.europesays.com\/fr\/608620\/"},"modified":"2025-12-19T02:14:13","modified_gmt":"2025-12-19T02:14:13","slug":"je-voulais-vous-faire-part-de-ce-petit-moment-un-peu-complique-kendji-girac-admis-a-lhopital-annonce-devoir-passer-par-la-case-operation","status":"publish","type":"post","link":"https:\/\/www.europesays.com\/fr\/608620\/","title":{"rendered":"\u00ab\u00a0Je voulais vous faire part de ce petit moment un peu compliqu\u00e9\u00a0\u00bb: Kendji Girac, admis \u00e0 l&rsquo;h\u00f4pital, annonce devoir passer par la case op\u00e9ration"},"content":{"rendered":"<p class=\"ap-StoryElement ap-StoryElement--mb ap-StoryText\">Une ann\u00e9e qui se termine mal pour <b>Kendji Girac<\/b>. Depuis avril 2024, date \u00e0 laquelle il s&rsquo;\u00e9tait gri\u00e8vement bless\u00e9 apr\u00e8s s&rsquo;\u00eatre tir\u00e9 accidentellement dessus avec un vieux pistolet, l&rsquo;artiste fran\u00e7ais se portait mieux et avait m\u00eame repris depuis un petit temps le chemin de la sc\u00e8ne et de la musique. Ce jeudi, toutefois, le chanteur de 29 ans a annonc\u00e9 sur ses r\u00e9seaux sociaux souffrir d&rsquo;un nouveau mal.<\/p>\n<p class=\"ap-StoryElement ap-StoryElement--mb ap-StoryText\">Que les fans se rassurent, la probl\u00e9matique est bien moins importante m\u00eame si l&rsquo;interpr\u00e8te de \u00ab\u00a0Gitano\u00a0\u00bb a r\u00e9v\u00e9l\u00e9 en story sur Instagram avoir \u00e9t\u00e9 <b>admis <\/b><b>en \u00e9tablissement m\u00e9dical<\/b>. \u00ab\u00a0Salut les amis, comment \u00e7a va ? Moi \u00e7a va tr\u00e8s bien. Mais juste un petit hic\u00a0\u00bb, a-t-il d\u00e9but\u00e9 pour pr\u00e9venir son public.<\/p>\n<p>Pour acc\u00e9der \u00e0 cet article, veuillez vous connecter au r\u00e9seau internet.<\/p>\n","protected":false},"excerpt":{"rendered":"Une ann\u00e9e qui se termine mal pour Kendji Girac. Depuis avril 2024, date \u00e0 laquelle il s&rsquo;\u00e9tait gri\u00e8vement&hellip;\n","protected":false},"author":2,"featured_media":524121,"comment_status":"","ping_status":"","sticky":false,"template":"","format":"standard","meta":{"footnotes":""},"categories":[1355],"tags":[972,58,59,1011,27,7780,1361,873,973],"class_list":{"0":"post-608620","1":"post","2":"type-post","3":"status-publish","4":"format-standard","5":"has-post-thumbnail","7":"category-musique","8":"tag-celebrite","9":"tag-divertissement","10":"tag-entertainment","11":"tag-fr","12":"tag-france","13":"tag-kendji-girac","14":"tag-music","15":"tag-musique","16":"tag-people"},"share_on_mastodon":{"url":"https:\/\/pubeurope.com\/@fr\/115743822095787926","error":""},"_links":{"self":[{"href":"https:\/\/www.europesays.com\/fr\/wp-json\/wp\/v2\/posts\/608620","targetHints":{"allow":["GET"]}}],"collection":[{"href":"https:\/\/www.europesays.com\/fr\/wp-json\/wp\/v2\/posts"}],"about":[{"href":"https:\/\/www.europesays.com\/fr\/wp-json\/wp\/v2\/types\/post"}],"author":[{"embeddable":true,"href":"https:\/\/www.europesays.com\/fr\/wp-json\/wp\/v2\/users\/2"}],"replies":[{"embeddable":true,"href":"https:\/\/www.europesays.com\/fr\/wp-json\/wp\/v2\/comments?post=608620"}],"version-history":[{"count":0,"href":"https:\/\/www.europesays.com\/fr\/wp-json\/wp\/v2\/posts\/608620\/revisions"}],"wp:featuredmedia":[{"embeddable":true,"href":"https:\/\/www.europesays.com\/fr\/wp-json\/wp\/v2\/media\/524121"}],"wp:attachment":[{"href":"https:\/\/www.europesays.com\/fr\/wp-json\/wp\/v2\/media?parent=608620"}],"wp:term":[{"taxonomy":"category","embeddable":true,"href":"https:\/\/www.europesays.com\/fr\/wp-json\/wp\/v2\/categories?post=608620"},{"taxonomy":"post_tag","embeddable":true,"href":"https:\/\/www.europesays.com\/fr\/wp-json\/wp\/v2\/tags?post=608620"}],"curies":[{"name":"wp","href":"https:\/\/api.w.org\/{rel}","templated":true}]}}