{"id":608623,"date":"2025-12-19T02:17:14","date_gmt":"2025-12-19T02:17:14","guid":{"rendered":"https:\/\/www.europesays.com\/fr\/608623\/"},"modified":"2025-12-19T02:17:14","modified_gmt":"2025-12-19T02:17:14","slug":"ce-medicament-ne-doit-jamais-etre-pris-en-cas-de-rhume","status":"publish","type":"post","link":"https:\/\/www.europesays.com\/fr\/608623\/","title":{"rendered":"ce m\u00e9dicament ne doit jamais \u00eatre pris en cas de rhume"},"content":{"rendered":"<p>\n                            Il est souvent pris en autom\u00e9dication, parfois prescrit par le m\u00e9decin, mais les autorit\u00e9s sanitaires rappellent qu&rsquo;il est d\u00e9conseill\u00e9 en cas de rhume mais aussi de grippe, angine, otite, bronchite&#8230; Explications et conseils pour se soigner sans risque.<\/p>\n<p>Mal de t\u00eate, de gorge, fi\u00e8vre, courbatures, toux. Face aux sympt\u00f4mes douloureux des infections hivernales, on peut \u00eatre tent\u00e9 de prendre des m\u00e9dicaments plus forts pour aller mieux. Prudence : des infections bact\u00e9riennes graves sont\u00a0\u00ab\u00a0r\u00e9guli\u00e8rement rapport\u00e9es\u00a0\u00bb \u00e0 cause de certains m\u00e9dicaments informe l&rsquo;Agence du m\u00e9dicament. Elle annonce m\u00eame le d\u00e9c\u00e8s de douze personnes \u00ab\u00a0dont des enfants et de jeunes adultes en bonne sant\u00e9\u00a0\u00bb.\u00a0\u00ab\u00a0Le <a href=\"https:\/\/sante.journaldesfemmes.fr\/fiches-medicaments\/2117978-paracetamol-medicament-douleur-effet-secondaire-posologie-mode-action-perime-doliprane\/\" title=\"Paracetamol\" target=\"_blank\" rel=\"noopener\">parac\u00e9tamol<\/a> reste le m\u00e9dicament \u00e0 privil\u00e9gier pour traiter la fi\u00e8vre ou la douleur, en cas d&rsquo;infection courante &#8211; angine, rhinopharyngite, sinusite, otite, infection dentaire ou cutan\u00e9e &#8211; ou en cas de <a href=\"https:\/\/sante.journaldesfemmes.fr\/fiches-maladies\/2856635-etat-grippal-symptomes-duree-causes-traitement\/\" title=\"\u00c9tat grippal\" target=\"_blank\" rel=\"noopener\">syndrome grippal<\/a> ou de varicelle\u00a0\u00bb rappelle l&rsquo;autorit\u00e9. Le parac\u00e9tamol est la mol\u00e9cule active du Doliprane\u00ae et du Dafalgan\u00ae. \u00c0 l&rsquo;inverse, \u00ab\u00a0les AINS ne doivent \u00eatre envisag\u00e9s qu&rsquo;en deuxi\u00e8me intention, apr\u00e8s avis m\u00e9dical\u00a0\u00bb. Qu&rsquo;est-ce que c&rsquo;est ?<\/p>\n<p>Les AINS sont les\u00a0<a href=\"https:\/\/sante.journaldesfemmes.fr\/fiches-medicaments\/2519002-anti-inflammatoire-non-steroidien-ains-definition-liste-sans-ordonnance\/\" title=\"AINS\" target=\"_blank\" rel=\"noopener\">anti-inflammatoires non st\u00e9ro\u00efdiens<\/a> (ils ne contiennent pas de cortisone). Le plus connu est l&rsquo;ibuprof\u00e8ne. C&rsquo;est ce m\u00e9dicament qu&rsquo;il faut absolument \u00e9viter si on a un rhume, une grippe ou une autre maladie hivernale parce qu&rsquo;il peut amplifier la diffusion de bact\u00e9ries dans le corps, comme les streptocoques ou les pneumocoques, et causer de graves complications. \u00ab\u00a0Les anti-inflammatoires non st\u00e9ro\u00efdiens comme l&rsquo;ibuprof\u00e8ne peuvent masquer les sympt\u00f4mes d&rsquo;une infection bact\u00e9rienne et retarder un traitement adapt\u00e9\u00a0\u00bb explique l&rsquo;ANSM. Selon son rapport d&rsquo;expertise, 162\u00a0cas d&rsquo;infection bact\u00e9rienne ont \u00e9t\u00e9 recens\u00e9s avec l&rsquo;ibuprof\u00e8ne.\u00a0Parmi eux, 9 sont d\u00e9c\u00e9d\u00e9s, pour 24 le pronostic vital a \u00e9t\u00e9\u00a0engag\u00e9 et 3 gardent des s\u00e9quelles.<\/p>\n<p>M\u00eame si le m\u00e9decin prescrit ce m\u00e9dicament, il ne faut pas le prendre<\/p>\n<p>Ces infections ont provoqu\u00e9 des complications graves\u00a0: sepsis (fi\u00e8vre, tachycardie, respiration rapide, confusion), chocs septiques, m\u00e9ningites et infections cutan\u00e9es s\u00e9v\u00e8res. Le message des autorit\u00e9s est clair :\u00a0\u00ab\u00a0\u00c9vitez de prendre un AINS si vous avez les sympt\u00f4mes d&rsquo;une infection comme de la fi\u00e8vre, de la toux, de la fatigue et des douleurs.\u00a0\u00bb Donc pas d&rsquo;ibuprof\u00e8ne (Advil\u00ae, Nurofen\u00ae, Ibuprof\u00e8ne\u00ae g\u00e9n\u00e9rique, RhinAdvil\u00ae&#8230;) quand on a une grippe, une otite, une angine, une bronchite, un rhume ou encore la varicelle. Et ce, m\u00eame si le m\u00e9decin l&rsquo;a prescrit. Parmi les infections bact\u00e9riennes graves rapport\u00e9es \u00e0 l&rsquo;ANSM, l&rsquo;ibuprof\u00e8ne avait \u00e9t\u00e9\u00a0prescrit chez 31 patients dont 7\u00a0fois associ\u00e9 \u00e0\u00a0un antibiotique.<\/p>\n<p><img decoding=\"async\" alt=\"\" src=\"https:\/\/www.europesays.com\/fr\/wp-content\/uploads\/2025\/12\/40059871.jpg\"\/><\/p>\n<p>L&rsquo;Agence du m\u00e9dicament alerte dans le m\u00eame temps sur la prise d&rsquo;un autre AINS dangereux : le <a href=\"https:\/\/sante.journaldesfemmes.fr\/fiches-medicaments\/2780647-ketoprofene-indication-duree-traitement-posologie-doliprane-alcool-migraine-drogue-ordonnance\/\" title=\"K\u00e9toprof\u00e8ne\" target=\"_blank\" rel=\"noopener\">k\u00e9toprof\u00e8ne<\/a>. Pris pour soulager des douleurs d&rsquo;entorse ou d&rsquo;articulations, il peut de la m\u00eame mani\u00e8re que l&rsquo;ibuprof\u00e8ne masquer une infection bact\u00e9rienne et entra\u00eener des complications graves. L&rsquo;ANSM rapporte 54 cas d&rsquo;infections bact\u00e9riennes graves avec le k\u00e9toprof\u00e8ne.\u00a0Parmi\u00a0eux, 3 sont d\u00e9c\u00e9d\u00e9s, pour 3 le pronostic vital a \u00e9t\u00e9 engag\u00e9 et 1 garde des s\u00e9quelles.<\/p>\n<p>Le seul r\u00e9flexe m\u00e9dicamenteux en cas d&rsquo;infections hivernales doit donc \u00eatre le parac\u00e9tamol. Et, l\u00e0 aussi, m\u00e9fiance. Ce m\u00e9dicament banalis\u00e9 peut \u00eatre dangereux pour le foie. Il doit \u00eatre pris en respectant strictement la posologie : 1 comprim\u00e9 de 1000 mg (1 g) toutes les 6 heures sans d\u00e9passer 4 par jour (24\u00a0heures) ou 1 comprim\u00e9 de 500 mg toutes les 4 \u00e0 6 heures sans d\u00e9passer 6 par jour. Des rem\u00e8des naturels peuvent aussi aider \u00e0 soulager les sympt\u00f4mes du rhume, de la grippe, de la bronchite : tisane de thym, miel, citron&#8230;<\/p>\n","protected":false},"excerpt":{"rendered":"Il est souvent pris en autom\u00e9dication, parfois prescrit par le m\u00e9decin, mais les autorit\u00e9s sanitaires rappellent qu&rsquo;il est&hellip;\n","protected":false},"author":2,"featured_media":608624,"comment_status":"","ping_status":"","sticky":false,"template":"","format":"standard","meta":{"footnotes":""},"categories":[10],"tags":[72002,51761,51763,1011,27,72,51766,16292,51767,71,52247],"class_list":{"0":"post-608623","1":"post","2":"type-post","3":"status-publish","4":"format-standard","5":"has-post-thumbnail","7":"category-sante","8":"tag-cms-journaldesfemmes-3251201","9":"tag-controller-content","10":"tag-format-papier","11":"tag-fr","12":"tag-france","13":"tag-health","14":"tag-les-histoires-du-jdf","15":"tag-medicaments","16":"tag-parallaxeinfeed","17":"tag-sante","18":"tag-traitements-et-medicaments"},"share_on_mastodon":{"url":"https:\/\/pubeurope.com\/@fr\/115743833859522057","error":""},"_links":{"self":[{"href":"https:\/\/www.europesays.com\/fr\/wp-json\/wp\/v2\/posts\/608623","targetHints":{"allow":["GET"]}}],"collection":[{"href":"https:\/\/www.europesays.com\/fr\/wp-json\/wp\/v2\/posts"}],"about":[{"href":"https:\/\/www.europesays.com\/fr\/wp-json\/wp\/v2\/types\/post"}],"author":[{"embeddable":true,"href":"https:\/\/www.europesays.com\/fr\/wp-json\/wp\/v2\/users\/2"}],"replies":[{"embeddable":true,"href":"https:\/\/www.europesays.com\/fr\/wp-json\/wp\/v2\/comments?post=608623"}],"version-history":[{"count":0,"href":"https:\/\/www.europesays.com\/fr\/wp-json\/wp\/v2\/posts\/608623\/revisions"}],"wp:featuredmedia":[{"embeddable":true,"href":"https:\/\/www.europesays.com\/fr\/wp-json\/wp\/v2\/media\/608624"}],"wp:attachment":[{"href":"https:\/\/www.europesays.com\/fr\/wp-json\/wp\/v2\/media?parent=608623"}],"wp:term":[{"taxonomy":"category","embeddable":true,"href":"https:\/\/www.europesays.com\/fr\/wp-json\/wp\/v2\/categories?post=608623"},{"taxonomy":"post_tag","embeddable":true,"href":"https:\/\/www.europesays.com\/fr\/wp-json\/wp\/v2\/tags?post=608623"}],"curies":[{"name":"wp","href":"https:\/\/api.w.org\/{rel}","templated":true}]}}