{"id":608625,"date":"2025-12-19T02:18:20","date_gmt":"2025-12-19T02:18:20","guid":{"rendered":"https:\/\/www.europesays.com\/fr\/608625\/"},"modified":"2025-12-19T02:18:20","modified_gmt":"2025-12-19T02:18:20","slug":"les-chiffres-cles-apres-la-victoire-du-psg-face-a-flamengo","status":"publish","type":"post","link":"https:\/\/www.europesays.com\/fr\/608625\/","title":{"rendered":"Les chiffres cl\u00e9s apr\u00e8s la victoire du PSG face \u00e0 Flamengo"},"content":{"rendered":"<p><img width=\"700\" height=\"350\" src=\"https:\/\/www.europesays.com\/fr\/wp-content\/uploads\/2025\/12\/PSG-joie-5.jpg\" class=\"attachment-jannah-image-post size-jannah-image-post wp-post-image\" alt=\"PSG joie\" is_main_img=\"1\" decoding=\"async\" fetchpriority=\"high\"  \/><br \/>\n Image :<br \/>\npsg.fr<\/p>\n<p>Le PSG a r\u00e9alis\u00e9 un sextupl\u00e9 l\u00e9gendaire en s\u2019imposant face \u00e0<br \/>\nFlamengo en finale de la Coupe intercontinentale. Une performance<br \/>\nqui fait rentrer les Rouge &amp; Bleu dans l\u2019histoire du<br \/>\nfootball.<\/p>\n<p>Le <strong>PSG<\/strong> entre dans l\u2019histoire du football. En<br \/>\ns\u2019imposant face \u00e0 <strong>Flamengo<\/strong> au terme d\u2019une s\u00e9ance<br \/>\nde tirs au but qui aura vu <strong><a href=\"https:\/\/canal-supporters.com\/psg-matvey-safonov-revient-sur-sa-finale-historique-avec-emotion\/\" title=\"\" target=\"_blank\" rel=\"noopener\">Matvey Safonov<\/a><\/strong> briller (1-1, 2-1 t.a.b), le<br \/>\nclub de la capitale a r\u00e9alis\u00e9 un sextupl\u00e9 historique. Et au<br \/>\nlendemain de cette victoire, les Rouge &amp; Bleu ont partag\u00e9 quelques<br \/>\nchiffres cl\u00e9s, via leur <strong><a href=\"https:\/\/www.psg.fr\/content\/stats-facts-le-psg-dans-l-histoire-psg-coupe-intercontinentale-de-la-fifa-2025\" target=\"_blank\" rel=\"noopener\" title=\"\">site internet<\/a><\/strong>,<br \/>\napr\u00e8s cette performance l\u00e9gendaire.<\/p>\n<p>Safonov, une<br \/>\nperformance jamais r\u00e9alis\u00e9e au 21e si\u00e8cle<\/p>\n<p>Le <strong>PSG<\/strong> est devenu la deuxi\u00e8me \u00e9quipe \u00e0<br \/>\nremporter six titres sur une m\u00eame ann\u00e9e civile (<strong>Ligue<br \/>\n1,<\/strong> <strong>Ligue des champions<\/strong>, <strong>Coupe de<br \/>\nFrance<\/strong>, <strong>Troph\u00e9e des Champions<\/strong>,<br \/>\n<strong>Supercoupe d\u2019Europe<\/strong> et <strong>Coupe<br \/>\nintercontinentale<\/strong>) apr\u00e8s le <strong>FC Barcelone<\/strong><br \/>\nen 2009. Le <strong>Bayern Munich<\/strong> a aussi remport\u00e9 six<br \/>\ntroph\u00e9es \u00e0 cheval sur les ann\u00e9es 2020-2021. En soulevant le 5e<br \/>\ntroph\u00e9e international de leur histoire (<strong>Coupe des<br \/>\nvainqueurs de coupes<\/strong> en 1996, <strong>Coupe<br \/>\nIntertoto<\/strong> en 2001, <strong>Ligue des Champions<\/strong>,<br \/>\n<strong>Supercoupe d\u2019Europe<\/strong> et <strong>Coupe<br \/>\nIntercontinentale<\/strong> en 2025), les Parisiens r\u00e9alisent une<br \/>\nperformance unique en <strong>France<\/strong>. C\u2019est au moins trois<br \/>\nde plus que toute autre \u00e9quipe fran\u00e7aise.<\/p>\n<p>Seul buteur parisien avant la s\u00e9ance de tirs au but,<br \/>\n<strong>Khvicha Kvaratskhelia<\/strong> a inscrit son septi\u00e8me but<br \/>\nen comp\u00e9tition internationale en 2025, seul <strong>Ousmane<br \/>\nDemb\u00e9l\u00e9<\/strong> fait mieux au <strong>PSG<\/strong> avec 11<br \/>\nr\u00e9alisations. De son c\u00f4t\u00e9, <strong>Vitinha<\/strong> continue d\u2019\u00eatre<br \/>\nle chef d\u2019orchestre du jeu de <strong>Luis Enrique<\/strong>. Face \u00e0<br \/>\n<strong>Flamengo<\/strong>, le Portugais a touch\u00e9 au moins 100<br \/>\nballons (122 au total) pour la 36e fois en 2025. Aucun joueur ne<br \/>\nfait mieux dans le top 5 europ\u00e9en, \u00e0 \u00e9galit\u00e9 avec <strong>Joshua<br \/>\nKimmich<\/strong> (<strong>Bayern Munich<\/strong>). Mais un homme a<br \/>\nsurtout marqu\u00e9 les esprits \u00e0 <strong>Doha<\/strong> ce mercredi :<br \/>\n<strong>Matvey Safonov<\/strong>. En sortant quatre arr\u00eats lors de<br \/>\nla s\u00e9ance de tirs au but, le Russe devient le premier portier \u00e0<br \/>\nr\u00e9aliser cette performance au 21e si\u00e8cle. Enfin, <strong><a href=\"https:\/\/canal-supporters.com\/enrique-on-veut-continuer-a-marquer-lhistoire-2\/\" title=\"\" target=\"_blank\" rel=\"noopener\">Luis Enrique<\/a><\/strong> continue d\u2019\u00e9toffer son palmar\u00e8s<br \/>\net sa l\u00e9gende \u00e0 <strong>Paris<\/strong>. Le technicien espagnol a<br \/>\nd\u00e9j\u00e0 remport\u00e9 son 9e troph\u00e9e depuis son arriv\u00e9e, seuls<br \/>\n<strong>Laurent Blanc<\/strong> (15) et <strong>Albert<br \/>\nBatteux<\/strong> (11) en ont remport\u00e9 plus que lui avec une \u00e9quipe<br \/>\nprofessionnelle fran\u00e7aise.<\/p>\n<\/p>\n<p>Youtube :<br \/>\n<strong><a href=\"https:\/\/www.youtube.com\/@CanalSupportersParis\" target=\"_blank\" rel=\"noopener\" title=\"\">Canal Supporters<br \/>\nParis<\/a><\/strong><\/p>\n","protected":false},"excerpt":{"rendered":"Image : psg.fr Le PSG a r\u00e9alis\u00e9 un sextupl\u00e9 l\u00e9gendaire en s\u2019imposant face \u00e0 Flamengo en finale de&hellip;\n","protected":false},"author":2,"featured_media":608626,"comment_status":"","ping_status":"","sticky":false,"template":"","format":"standard","meta":{"footnotes":""},"categories":[9],"tags":[81,72003,71085,787,1011,27,26782,91,92,93,72004,13123,60,72005,96,13296],"class_list":{"0":"post-608625","1":"post","2":"type-post","3":"status-publish","4":"format-standard","5":"has-post-thumbnail","7":"category-sports","8":"tag-canal-supporters","9":"tag-chiffres-psg","10":"tag-coupe-intercontinentale","11":"tag-cs","12":"tag-fr","13":"tag-france","14":"tag-kvaratskhelia","15":"tag-paris-saint-germain","16":"tag-paris-sg","17":"tag-psg","18":"tag-psg-flamengo","19":"tag-safonov","20":"tag-sports","21":"tag-trophees-psg","22":"tag-une","23":"tag-vitinha"},"share_on_mastodon":{"url":"","error":""},"_links":{"self":[{"href":"https:\/\/www.europesays.com\/fr\/wp-json\/wp\/v2\/posts\/608625","targetHints":{"allow":["GET"]}}],"collection":[{"href":"https:\/\/www.europesays.com\/fr\/wp-json\/wp\/v2\/posts"}],"about":[{"href":"https:\/\/www.europesays.com\/fr\/wp-json\/wp\/v2\/types\/post"}],"author":[{"embeddable":true,"href":"https:\/\/www.europesays.com\/fr\/wp-json\/wp\/v2\/users\/2"}],"replies":[{"embeddable":true,"href":"https:\/\/www.europesays.com\/fr\/wp-json\/wp\/v2\/comments?post=608625"}],"version-history":[{"count":0,"href":"https:\/\/www.europesays.com\/fr\/wp-json\/wp\/v2\/posts\/608625\/revisions"}],"wp:featuredmedia":[{"embeddable":true,"href":"https:\/\/www.europesays.com\/fr\/wp-json\/wp\/v2\/media\/608626"}],"wp:attachment":[{"href":"https:\/\/www.europesays.com\/fr\/wp-json\/wp\/v2\/media?parent=608625"}],"wp:term":[{"taxonomy":"category","embeddable":true,"href":"https:\/\/www.europesays.com\/fr\/wp-json\/wp\/v2\/categories?post=608625"},{"taxonomy":"post_tag","embeddable":true,"href":"https:\/\/www.europesays.com\/fr\/wp-json\/wp\/v2\/tags?post=608625"}],"curies":[{"name":"wp","href":"https:\/\/api.w.org\/{rel}","templated":true}]}}