{"id":608631,"date":"2025-12-19T02:22:16","date_gmt":"2025-12-19T02:22:16","guid":{"rendered":"https:\/\/www.europesays.com\/fr\/608631\/"},"modified":"2025-12-19T02:22:16","modified_gmt":"2025-12-19T02:22:16","slug":"stellantis-reduira-la-production-sur-son-site-de-mulhouse-en-janvier-18-12-2025-a-1913","status":"publish","type":"post","link":"https:\/\/www.europesays.com\/fr\/608631\/","title":{"rendered":"Stellantis r\u00e9duira la production sur son site de Mulhouse en janvier &#8211; 18\/12\/2025 \u00e0 19:13"},"content":{"rendered":"<p>\n Stellantis<br \/>\n <a href=\"https:\/\/www.boursorama.com\/cours\/1gSTLAM\/\" target=\"_blank\" rel=\"noopener\"><br \/>\n  STLAM.MI<br \/>\n <\/a><br \/>\n va r\u00e9duire<br \/>\nla production et modifier l&rsquo;organisation de son site de Mulhouse<br \/>\n\u00e0 partir de janvier prochain afin de s&rsquo;adapter \u00e0 la demande du<br \/>\nmarch\u00e9, a fait savoir jeudi un porte-parole du groupe<br \/>\nautomobile.\n<\/p>\n<p>\n A partir du 19 janvier, la production de l&rsquo;usine, qui<br \/>\nfabrique les Peugeot 308 et 408 ainsi que la DS7, passera de 640<br \/>\nv\u00e9hicules par jour \u00e0 460, a-t-il indiqu\u00e9.\n<\/p>\n<p>\n \u00ab\u00a0Les contrats d&rsquo;int\u00e9rim iront \u00e0 leur terme, et des mobilit\u00e9s<br \/>\nseront organis\u00e9es avec le secteur Powertrain du site (fonderie,<br \/>\nforge et m\u00e9canique) qui conna\u00eet une tr\u00e8s forte activit\u00e9 pour<br \/>\nl&rsquo;ensemble du groupe\u00a0\u00bb, a pr\u00e9cis\u00e9 le porte-parole.\n<\/p>\n<p>\n La CFE-CGC, principal syndicat du constructeur en France,<br \/>\ns&rsquo;est \u00e9lev\u00e9e contre cette annonce, estimant que \u00ab\u00a0cette nouvelle<br \/>\norganisation, appel\u00e9e \u00e0 durer plusieurs ann\u00e9es, entra\u00eenera des<br \/>\ncons\u00e9quences lourdes sur l&#8217;emploi et le tissu \u00e9conomique local\u00a0\u00bb.\n<\/p>\n<p>\n \u00ab\u00a0Plus de 400 salari\u00e9s int\u00e9rimaires verront leurs contrats<br \/>\nprogressivement interrompus\u00a0\u00bb, a d\u00e9clar\u00e9 la CFE-CGC dans un<br \/>\ntract.\n<\/p>\n<p>\n (Gilles Guillaume, r\u00e9dig\u00e9 par Camille Raynaud, \u00e9dit\u00e9 par Tangi<br \/>\nSala\u00fcn)<\/p>\n","protected":false},"excerpt":{"rendered":"Stellantis STLAM.MI va r\u00e9duire la production et modifier l&rsquo;organisation de son site de Mulhouse \u00e0 partir de janvier&hellip;\n","protected":false},"author":2,"featured_media":608632,"comment_status":"","ping_status":"","sticky":false,"template":"","format":"standard","meta":{"footnotes":""},"categories":[6],"tags":[400,398,408,35,405,33,34,1011,27,403,402,399,404,401,406,407],"class_list":{"0":"post-608631","1":"post","2":"type-post","3":"status-publish","4":"format-standard","5":"has-post-thumbnail","7":"category-economie","8":"tag-action-cac-40","9":"tag-bourse-de-paris","10":"tag-boursorama","11":"tag-business","12":"tag-cotations","13":"tag-economie","14":"tag-economy","15":"tag-fr","16":"tag-france","17":"tag-indices-devises","18":"tag-investir","19":"tag-investissement","20":"tag-marche-boursier","21":"tag-sicav","22":"tag-trackers","23":"tag-warrants"},"share_on_mastodon":{"url":"https:\/\/pubeurope.com\/@fr\/115743853299346903","error":""},"_links":{"self":[{"href":"https:\/\/www.europesays.com\/fr\/wp-json\/wp\/v2\/posts\/608631","targetHints":{"allow":["GET"]}}],"collection":[{"href":"https:\/\/www.europesays.com\/fr\/wp-json\/wp\/v2\/posts"}],"about":[{"href":"https:\/\/www.europesays.com\/fr\/wp-json\/wp\/v2\/types\/post"}],"author":[{"embeddable":true,"href":"https:\/\/www.europesays.com\/fr\/wp-json\/wp\/v2\/users\/2"}],"replies":[{"embeddable":true,"href":"https:\/\/www.europesays.com\/fr\/wp-json\/wp\/v2\/comments?post=608631"}],"version-history":[{"count":0,"href":"https:\/\/www.europesays.com\/fr\/wp-json\/wp\/v2\/posts\/608631\/revisions"}],"wp:featuredmedia":[{"embeddable":true,"href":"https:\/\/www.europesays.com\/fr\/wp-json\/wp\/v2\/media\/608632"}],"wp:attachment":[{"href":"https:\/\/www.europesays.com\/fr\/wp-json\/wp\/v2\/media?parent=608631"}],"wp:term":[{"taxonomy":"category","embeddable":true,"href":"https:\/\/www.europesays.com\/fr\/wp-json\/wp\/v2\/categories?post=608631"},{"taxonomy":"post_tag","embeddable":true,"href":"https:\/\/www.europesays.com\/fr\/wp-json\/wp\/v2\/tags?post=608631"}],"curies":[{"name":"wp","href":"https:\/\/api.w.org\/{rel}","templated":true}]}}