{"id":608633,"date":"2025-12-19T02:23:12","date_gmt":"2025-12-19T02:23:12","guid":{"rendered":"https:\/\/www.europesays.com\/fr\/608633\/"},"modified":"2025-12-19T02:23:12","modified_gmt":"2025-12-19T02:23:12","slug":"donald-trump-assure-quil-na-pas-besoin-du-congres-pour-mener-des-frappes","status":"publish","type":"post","link":"https:\/\/www.europesays.com\/fr\/608633\/","title":{"rendered":"Donald Trump assure qu&rsquo;il n&rsquo;a pas besoin du Congr\u00e8s pour mener des frappes"},"content":{"rendered":"<p>\n    Selon la Constitution am\u00e9ricaine, si le pr\u00e9sident est le commandant en chef des arm\u00e9es, seul le Congr\u00e8s a l\u2019autorit\u00e9 de d\u00e9clarer formellement la guerre.<\/p>\n<p class=\"fig-paragraph\"><a href=\"https:\/\/www.lefigaro.fr\/tag\/donald-trump\" target=\"_blank\" rel=\"sponsored noopener\" data-gtm-custom-categorie=\"navigation\" data-gtm-custom-action=\"crossclick\" data-gtm-custom-label=\"Contextuel\" data-gtm-event=\"customEventSPE\">Donald Trump<\/a>\u00a0a d\u00e9clar\u00e9 jeudi ne pas avoir besoin de demander une autorisation du Congr\u00e8s am\u00e9ricain pour mener d&rsquo;\u00e9ventuelles\u00a0<a href=\"http:\/\/www.lefigaro.fr\/flash-actu\/une-nouvelle-frappe-americaine-contre-le-narcotrafic-fait-quatre-morts-dans-le-pacifique-20251218\" target=\"_blank\" data-fig-type=\"NewsFlash\" rel=\"noopener\" data-gtm-custom-categorie=\"navigation\" data-gtm-custom-action=\"crossclick\" data-gtm-custom-label=\"Contextuel\" data-gtm-event=\"customEventSPE\" data-fig-domain=\"LEFIGARO\">frappes contre le Venezuela<\/a>, disant notamment craindre des fuites. \u00ab\u00c7a ne me d\u00e9rangerait pas de leur dire (&#8230;) Je ne suis pas oblig\u00e9\u00bb, a affirm\u00e9 le pr\u00e9sident am\u00e9ricain lorsqu&rsquo;une journaliste lui a demand\u00e9 s&rsquo;il comptait demander le feu vert du Congr\u00e8s \u00e0 des frappes terrestres au Venezuela. \u00abJ&rsquo;esp\u00e8re juste qu&rsquo;ils ne divulgueront pas l&rsquo;information. Vous savez, les gens divulguent ce genre de choses. Ce sont des politiciens, et ils divulguent tout comme une passoire\u00bb, a-t-il dit.<\/p>\n<p class=\"fig-paragraph\">Le pr\u00e9sident am\u00e9ricain a menac\u00e9 \u00e0 plusieurs reprises de lancer des frappes terrestres contre le Venezuela pour viser les cartels de drogue. Les \u00c9tats-Unis m\u00e8nent d\u00e9j\u00e0 depuis septembre des frappes contre des embarcations suspect\u00e9es de trafic de drogue dans les Cara\u00efbes et dans le Pacifique, ayant fait au moins 99 morts et dont la l\u00e9galit\u00e9 est contest\u00e9e car ressemblant \u00e0 des op\u00e9rations hors de tout cadre juridique.<\/p>\n<p>                                            <a class=\"fig-a11y-skip\" href=\"#fig-a11y-skip-main-inarticle\" data-module=\"a11y-skip\" data-context=\"was @visible\"><br \/>\n    Passer la publicit\u00e9<br \/>\n<\/a>            <\/p>\n<p class=\"fig-paragraph\">Des \u00e9lus de l&rsquo;opposition d\u00e9mocrate mais aussi de la majorit\u00e9 pr\u00e9sidentielle au Congr\u00e8s estiment qu&rsquo;il n&rsquo;a pas l&rsquo;autorit\u00e9 l\u00e9gale pour le faire et que toute \u00e9ventuelle intervention terrestre n\u00e9cessiterait l&rsquo;aval du Parlement. La Chambre des repr\u00e9sentants \u00e0 majorit\u00e9 r\u00e9publicaine a cependant rejet\u00e9 mercredi deux textes qui visaient \u00e0 encadrer l\u00e9galement ces frappes. Des mesures similaires ont \u00e9chou\u00e9 c\u00f4t\u00e9 S\u00e9nat. \u00abLe pr\u00e9sident n&rsquo;a pas d\u00e9montr\u00e9 qu&rsquo;il disposait de l&rsquo;autorit\u00e9 n\u00e9cessaire en vertu du droit am\u00e9ricain ou international\u00bb pour mener ces frappes, avait alors d\u00e9clar\u00e9 un \u00e9lu d\u00e9mocrate Gregory Meeks lors du d\u00e9bat \u00e0 la Chambre. \u00abPersonne ne peut affirmer de mani\u00e8re cr\u00e9dible que ces navires, qui dans certains cas ne se dirigeaient m\u00eame pas vers les \u00c9tats-Unis et se trouvaient \u00e0 des milliers de kilom\u00e8tres du territoire am\u00e9ricain, repr\u00e9sentaient une menace imminente\u00bb, a-t-il ajout\u00e9.<\/p>\n<p>                                            Seul le Congr\u00e8s peut d\u00e9clarer la guerre<\/p>\n<p class=\"fig-paragraph\">L&rsquo;administration Trump argue, elle, que le pr\u00e9sident est dans son droit puisque ces frappes entrent dans le cadre du \u00abconflit arm\u00e9\u00bb qu&rsquo;il a d\u00e9clench\u00e9 contre des cartels de drogue, qu&rsquo;il qualifie d&rsquo;\u00aborganisations terroristes \u00e9trang\u00e8res\u00bb.<\/p>\n<p class=\"fig-paragraph\">Selon la Constitution am\u00e9ricaine, si le pr\u00e9sident est le commandant en chef des arm\u00e9es, seul le Congr\u00e8s a l&rsquo;autorit\u00e9 de d\u00e9clarer formellement la guerre. Mais depuis plusieurs d\u00e9cennies, au lieu d&rsquo;une telle d\u00e9claration formelle, les pr\u00e9sidents successifs se sont repos\u00e9s sur des r\u00e9solutions parlementaires pour mener des op\u00e9rations militaires \u00e0 l&rsquo;\u00e9tranger, notamment en Afghanistan. Cette \u00abAutorisation d&rsquo;utilisation de la force militaire\u00bb, \u00abAUMF\u00bb en anglais, est toujours en vigueur aujourd&rsquo;hui.<\/p>\n","protected":false},"excerpt":{"rendered":"Selon la Constitution am\u00e9ricaine, si le pr\u00e9sident est le commandant en chef des arm\u00e9es, seul le Congr\u00e8s a&hellip;\n","protected":false},"author":2,"featured_media":608634,"comment_status":"","ping_status":"","sticky":false,"template":"","format":"standard","meta":{"footnotes":""},"categories":[5],"tags":[11,75,73,1011,27,14,12,337,28],"class_list":{"0":"post-608633","1":"post","2":"type-post","3":"status-publish","4":"format-standard","5":"has-post-thumbnail","7":"category-international","8":"tag-actualites","9":"tag-donald-trump","10":"tag-etats-unis","11":"tag-fr","12":"tag-france","13":"tag-international","14":"tag-news","15":"tag-venezuela","16":"tag-world"},"share_on_mastodon":{"url":"","error":""},"_links":{"self":[{"href":"https:\/\/www.europesays.com\/fr\/wp-json\/wp\/v2\/posts\/608633","targetHints":{"allow":["GET"]}}],"collection":[{"href":"https:\/\/www.europesays.com\/fr\/wp-json\/wp\/v2\/posts"}],"about":[{"href":"https:\/\/www.europesays.com\/fr\/wp-json\/wp\/v2\/types\/post"}],"author":[{"embeddable":true,"href":"https:\/\/www.europesays.com\/fr\/wp-json\/wp\/v2\/users\/2"}],"replies":[{"embeddable":true,"href":"https:\/\/www.europesays.com\/fr\/wp-json\/wp\/v2\/comments?post=608633"}],"version-history":[{"count":0,"href":"https:\/\/www.europesays.com\/fr\/wp-json\/wp\/v2\/posts\/608633\/revisions"}],"wp:featuredmedia":[{"embeddable":true,"href":"https:\/\/www.europesays.com\/fr\/wp-json\/wp\/v2\/media\/608634"}],"wp:attachment":[{"href":"https:\/\/www.europesays.com\/fr\/wp-json\/wp\/v2\/media?parent=608633"}],"wp:term":[{"taxonomy":"category","embeddable":true,"href":"https:\/\/www.europesays.com\/fr\/wp-json\/wp\/v2\/categories?post=608633"},{"taxonomy":"post_tag","embeddable":true,"href":"https:\/\/www.europesays.com\/fr\/wp-json\/wp\/v2\/tags?post=608633"}],"curies":[{"name":"wp","href":"https:\/\/api.w.org\/{rel}","templated":true}]}}