{"id":608651,"date":"2025-12-19T02:40:18","date_gmt":"2025-12-19T02:40:18","guid":{"rendered":"https:\/\/www.europesays.com\/fr\/608651\/"},"modified":"2025-12-19T02:40:18","modified_gmt":"2025-12-19T02:40:18","slug":"%f0%9f%8f%86news-formation-32f-gambardella-les-u18-du-psg-iront-a-rouen","status":"publish","type":"post","link":"https:\/\/www.europesays.com\/fr\/608651\/","title":{"rendered":"\ud83c\udfc6[News-Formation] 32F-Gambardella : Les U18 du PSG iront \u00e0 Rouen !"},"content":{"rendered":"<p class=\"date\">\n\t\t\t\t\t\t\t\tPubli\u00e9 le 19 d\u00e9cembre 2025\t\t\t\t\t\t\t\t<\/p>\n<p>\t\t\t\t\t\t\t\t\t\t\t\t\t\t\t\t\t<img decoding=\"async\" class=\"img-responsive img-thumbnail\" src=\"https:\/\/www.europesays.com\/fr\/wp-content\/uploads\/2025\/12\/Breaking-News-2025-12-19T012601.735-1024x576.png\" alt=\"\"\/><\/p>\n<p>Le tirage au sort des 32es de finale de la Coupe Gambardella a eu lieu ce jeudi 18 d\u00e9cembre 2025. Les Parisiens iront \u00e0 Rouen, club de R\u00e9gional 1 U18. Le club Normand s\u2019est difficilement impos\u00e9 sur la pelouse d\u2019Abbeville (R2) au tour pr\u00e9c\u00e9dent (1-1, 4-2 TaB). La rencontre se d\u00e9roulera le dimanche 11 janvier 2026 \u00e0 14h30. <\/p>\n<p>A noter qu\u2019il n\u2019y aura que 7 affiches entre clubs de National, plut\u00f4t rare \u00e0 ce niveau de la comp\u00e9tition ! Dunkerque-Racing CF, Dijon-St Priest, Toulouse-Clermont, Nice-OM, ASSE-Monaco, Brest-Angers et Vertou-Lorient verront donc au moins un pensionnaire de l\u2019\u00e9lite quitter la comp\u00e9tition pour d\u00e9buter 2026.<\/p>\n<p><strong>Groupe A<\/strong><\/p>\n<ul>\n<li>FC Rouen (2) \u2013 <strong>Paris SG (1)<\/strong><\/li>\n<li>USL Dunkerque (1) \u2013 Racing Club de France (1)<\/li>\n<li>Arras (2) \u2013 SM Caen (1)<\/li>\n<li>FC Flers (2) \u2013 Amiens (1)<\/li>\n<li>Waziers (2) \u2013 Le Havre (1)<\/li>\n<li>Versailles (2) \u2013 US Orl\u00e9ans (1)<\/li>\n<li>Villetaneuse (2) \u2013 Stade de Reims (1)<\/li>\n<\/ul>\n<p><strong>Groupe B<\/strong><\/p>\n<ul>\n<li>RC Strasbourg (1) \u2013 Schiltigheim (2)<\/li>\n<li>Melun (2) \u2013 Montfermeil (1)<\/li>\n<li>FC Fleury (2) \u2013 Paris FC (1)<\/li>\n<li>US Chantilly (2) \u2013 Pontarlier (2)<\/li>\n<li>APM Metz (2) \u2013 AJ Auxerre (1)<\/li>\n<li>FC Brunoy (2) \u2013 Estac Troyes (1)<\/li>\n<li>FC Annecy (2) \u2013 Olympique lyonnais (1)<\/li>\n<li>Dijon FCO (1) \u2013 Saint-Priest (1)<\/li>\n<\/ul>\n<p><strong>Groupe C<\/strong><\/p>\n<ul>\n<li>Vichy (2) \u2013 Montpellier HSC (1)<\/li>\n<li>Toulouse FC (1) \u2013 Clermont Foot 63 (1)<\/li>\n<li>OGC Nice (1) \u2013 Olympique de Marseille (1)<\/li>\n<li>USPEG Marseille (2) \u2013 Olympique Rovenain (1)<\/li>\n<li>AS Saint-Etienne (1) \u2013 AS Monaco (1)<\/li>\n<li>Olympique de Valence (2) \u2013 Hy\u00e8res FC (2)<\/li>\n<li>Pau FC (2) \u2013 GFC Ajaccio (1)<\/li>\n<li>FC Bourgoin-Jallieu (2) \u2013 FC Mougins (2) ou SC Bastia (1)<\/li>\n<\/ul>\n<p><strong>Groupe D<\/strong><\/p>\n<ul>\n<li>Stade Brestois (1) \u2013 Angers Sco (1)<\/li>\n<li>Saint-Cyr-sur-Loire (2) \u2013 Carquefou (2)<\/li>\n<li>Landerneau (2) \u2013 EA Guingamp (1)<\/li>\n<li>Berrichonne de Ch\u00e2teauroux (2) \u2013 Stade Rennais (1)<\/li>\n<li>Le Mans FC (2) \u2013 Tr\u00e9lissac (2)<\/li>\n<li>Plabennec (2) \u2013 FC Nantes (1)<\/li>\n<li>SA M\u00e9rignac (2) \u2013 US Avranches (1)<\/li>\n<li>Vertou (1) \u2013 FC Lorient (1)<\/li>\n<\/ul>\n<p><strong>Le calendrier 2025-2026<\/strong><\/p>\n<ul>\n<li><strong>32es de finale<\/strong>\u00a0: dimanche 11 janvier 2026<\/li>\n<li><strong>Tirage des 16es de finale<\/strong>\u00a0: mardi 13 janvier 2026 (12h00)<\/li>\n<li><strong>16es de finale<\/strong>\u00a0: dimanche 1er f\u00e9vrier 2026<\/li>\n<li>T<strong>irage des 8es de finale<\/strong>\u00a0: jeudi 5 f\u00e9vrier 2026<\/li>\n<li><strong>8es de finale<\/strong>\u00a0: dimanche 1er mars 2026<\/li>\n<li><strong>Tirages des quarts et demi-finales<\/strong>\u00a0: jeudi 5 mars 2026<\/li>\n<li><strong>Quarts de finale<\/strong>\u00a0: dimanche 5 avril 2026<\/li>\n<li><strong>Demi-finales<\/strong>\u00a0: dimanche 26 avril 2026<\/li>\n<li><strong>Finale<\/strong>\u00a0: samedi 23 mai 2026<\/li>\n<\/ul>\n<p class=\"content-etiquette\">\n\t\t\t\t\t\t\t\t\t<a href=\"https:\/\/www.lestitisdupsg.fr\/tag\/gambardella\/\" rel=\"tag noopener\" target=\"_blank\">GAMBARDELLA<\/a><a href=\"https:\/\/www.lestitisdupsg.fr\/tag\/rouen\/\" rel=\"tag noopener\" target=\"_blank\">rouen<\/a><a href=\"https:\/\/www.lestitisdupsg.fr\/tag\/u18-psg\/\" rel=\"tag noopener\" target=\"_blank\">U18 PSG<\/a>\t\t\t\t\t\t\t\t<\/p>\n","protected":false},"excerpt":{"rendered":"Publi\u00e9 le 19 d\u00e9cembre 2025 Le tirage au sort des 32es de finale de la Coupe Gambardella a&hellip;\n","protected":false},"author":2,"featured_media":608652,"comment_status":"","ping_status":"","sticky":false,"template":"","format":"standard","meta":{"footnotes":""},"categories":[9587],"tags":[1111,11,1777,674,1011,27,12,5161,25,9590],"class_list":{"0":"post-608651","1":"post","2":"type-post","3":"status-publish","4":"format-standard","5":"has-post-thumbnail","7":"category-rouen","8":"tag-actu","9":"tag-actualites","10":"tag-eu","11":"tag-europe","12":"tag-fr","13":"tag-france","14":"tag-news","15":"tag-normandie","16":"tag-republique-francaise","17":"tag-rouen"},"share_on_mastodon":{"url":"https:\/\/pubeurope.com\/@fr\/115743924906279940","error":""},"_links":{"self":[{"href":"https:\/\/www.europesays.com\/fr\/wp-json\/wp\/v2\/posts\/608651","targetHints":{"allow":["GET"]}}],"collection":[{"href":"https:\/\/www.europesays.com\/fr\/wp-json\/wp\/v2\/posts"}],"about":[{"href":"https:\/\/www.europesays.com\/fr\/wp-json\/wp\/v2\/types\/post"}],"author":[{"embeddable":true,"href":"https:\/\/www.europesays.com\/fr\/wp-json\/wp\/v2\/users\/2"}],"replies":[{"embeddable":true,"href":"https:\/\/www.europesays.com\/fr\/wp-json\/wp\/v2\/comments?post=608651"}],"version-history":[{"count":0,"href":"https:\/\/www.europesays.com\/fr\/wp-json\/wp\/v2\/posts\/608651\/revisions"}],"wp:featuredmedia":[{"embeddable":true,"href":"https:\/\/www.europesays.com\/fr\/wp-json\/wp\/v2\/media\/608652"}],"wp:attachment":[{"href":"https:\/\/www.europesays.com\/fr\/wp-json\/wp\/v2\/media?parent=608651"}],"wp:term":[{"taxonomy":"category","embeddable":true,"href":"https:\/\/www.europesays.com\/fr\/wp-json\/wp\/v2\/categories?post=608651"},{"taxonomy":"post_tag","embeddable":true,"href":"https:\/\/www.europesays.com\/fr\/wp-json\/wp\/v2\/tags?post=608651"}],"curies":[{"name":"wp","href":"https:\/\/api.w.org\/{rel}","templated":true}]}}