{"id":608662,"date":"2025-12-19T02:48:22","date_gmt":"2025-12-19T02:48:22","guid":{"rendered":"https:\/\/www.europesays.com\/fr\/608662\/"},"modified":"2025-12-19T02:48:22","modified_gmt":"2025-12-19T02:48:22","slug":"entre-tradition-et-modernite-une-saint-eloi-a-nice-pour-les-metalliers","status":"publish","type":"post","link":"https:\/\/www.europesays.com\/fr\/608662\/","title":{"rendered":"Entre tradition et modernit\u00e9, une Saint-Eloi \u00e0 Nice pour les m\u00e9talliers"},"content":{"rendered":"<p melodystyle=\"\">C\u2019est une premi\u00e8re r\u00e9cente dans l\u2019histoire de Nice : une Saint-Eloi, patron des m\u00e9talliers, des horlogers, des m\u00e9caniciens, f\u00eat\u00e9e \u00e0 Nice du 5 au 7 d\u00e9cembre, en pr\u00e9sence d\u2019une d\u00e9l\u00e9gation nationale emmen\u00e9e par Christophe Bonhomme, pr\u00e9sident d\u2019une section forte de 3.900 entreprises adh\u00e9rentes pour 40.000 salari\u00e9s. Les plus grosses unit\u00e9s, le recensement complet toisant les 20.000 structures pour 69.000 collaborateurs : l\u2019Union des M\u00e9talliers, sur les 10Mds\u20ac de CA annuel r\u00e9alis\u00e9, en revendique 80%. Une branche forte, pilot\u00e9e pour la FBTP 06 par Fabrice Fernandez, pr\u00e9sident de la section M\u00e9tallerie Miroiterie du 06 (75 entreprises adh\u00e9rentes, 1.500 salari\u00e9s affili\u00e9s). Une section qui revendique son appartenance \u00e0 la fili\u00e8re du b\u00e2timent, pourvoyeuse de garde-corps, de ferronneries diverses y compris d\u2019art, de charpentes et menuiseries m\u00e9talliques\u2026 \u00ab\u00a0Un secteur riche en comp\u00e9tences, qui a conserv\u00e9, souvent, ses capacit\u00e9s de conception en interne\u00ab\u00a0, souligne fi\u00e8rement Christophe Bonhomme, pr\u00e9sident national de l\u2019Union des M\u00e9talliers. \u00ab\u00a0Des savoir-faire qui vont de l\u2019enclume \u00e0 la commande num\u00e9rique\u00ab\u00a0, rench\u00e9rit Herv\u00e9 Lamy, d\u00e9l\u00e9gu\u00e9 g\u00e9n\u00e9ral du Groupe M\u00e9tallerie \u00e0 la F\u00e9d\u00e9ration Fran\u00e7aise du B\u00e2timent.<\/p>\n<p>Une Saint-Eloi iconique<\/p>\n<p melodystyle=\"\">\u00ab\u00a0F\u00eater -et m\u00e9diatiser- notre Saint-Eloi, c\u2019est offrir de la visibilit\u00e9 \u00e0 nos m\u00e9tiers, pour attirer des jeunes dans nos formations, initiales ou continues\u00ab\u00a0, haranguent les repr\u00e9sentants nationaux, qui cette ann\u00e9e ont \u00e9t\u00e9 invit\u00e9s \u00e0 Nice pour c\u00e9l\u00e9brer leur saint-patron et introniser une douzaine de nouveaux compagnons pour rejoindre une confr\u00e9rie qui a franchi le cap des 500. L\u2019occasion, aussi, de venir au contact des territoires pour les instances nationales, friandes de retours terrain, notamment sur les formations propos\u00e9es. Sur le 06, elles sont assur\u00e9es par divers \u00e9tablissements, Pierre Sola, Don Bosco, Hutinel, Vauban, CFB d\u2019Antibes, par les Compagnons du devoir aussi, jusqu\u2019au niveau BTS \u00e0 L\u00e9onard de Vinci. Dans la m\u00e9tallerie comme dans beaucoup d\u2019autres fili\u00e8res, le recrutement reste une \u00e9pine sensible dans le pied des entreprises : \u00ab\u00a0nous avons besoin de comp\u00e9tences techniques, et souvent, \u00e7a n\u2019est pas le salaire qui coince, mais le logement\u00a0\u00bb, avouent Fabrice Fernandez et Lionel Dolciani, les locaux de l\u2019\u00e9tape. Qui croient dur comme fer dans une mati\u00e8re premi\u00e8re aux vertus d\u00e9carbon\u00e9es europ\u00e9ennes pour faire fructifier leur fili\u00e8re.\u00a0<\/p>\n<p>Entre tradition et modernit\u00e9<\/p>\n<p melodystyle=\"\">Pour sa 61e \u00e9dition ni\u00e7oise, la Saint-Eloi by l\u2019Union des M\u00e9talliers s\u2019est offert un petit s\u00e9jour en bord de M\u00e9diterran\u00e9e, loin des ors de Versailles de l\u2019an pass\u00e9. Rendez-vous a \u00e9t\u00e9 donn\u00e9 au CUM, sur la Prom\u2019, temple des connaissances (d\u00e9j\u00e0 un beau symbole) pour la Confr\u00e9rie de Saint-Eloi. Auront \u00e9t\u00e9 rappel\u00e9es les origines de cette c\u00e9l\u00e9bration haute en couleur, et cet \u00e9v\u00eaque de Noyon, Eloi de son petit nom et orf\u00e8vre de profession, \u00e0 qui ce bon roi Dagobert, suspicieux, avait confi\u00e9 sa couronne pour v\u00e9rifier sa teneur en or\u2026 Il en reste aujourd\u2019hui une contine.<\/p>\n<p><img width=\"547\" height=\"1024\" src=\"https:\/\/www.europesays.com\/fr\/wp-content\/uploads\/2025\/12\/entre-tradition-et-modernite-une-saint-eloi-a-nice-pour-les-metalliers-2-547x1024.jpg\" class=\"attachment-large size-large\" alt=\"entre tradition et modernite une saint eloi a nice pour les metalliers 2\" decoding=\"async\" loading=\"lazy\"  \/><\/p>\n","protected":false},"excerpt":{"rendered":"C\u2019est une premi\u00e8re r\u00e9cente dans l\u2019histoire de Nice : une Saint-Eloi, patron des m\u00e9talliers, des horlogers, des m\u00e9caniciens,&hellip;\n","protected":false},"author":2,"featured_media":608663,"comment_status":"","ping_status":"","sticky":false,"template":"","format":"standard","meta":{"footnotes":""},"categories":[2819],"tags":[1111,11,1777,674,1011,27,12,2401,882,25],"class_list":{"0":"post-608662","1":"post","2":"type-post","3":"status-publish","4":"format-standard","5":"has-post-thumbnail","7":"category-nice","8":"tag-actu","9":"tag-actualites","10":"tag-eu","11":"tag-europe","12":"tag-fr","13":"tag-france","14":"tag-news","15":"tag-nice","16":"tag-provence-alpes-cote-dazur","17":"tag-republique-francaise"},"share_on_mastodon":{"url":"https:\/\/pubeurope.com\/@fr\/115743956706439626","error":""},"_links":{"self":[{"href":"https:\/\/www.europesays.com\/fr\/wp-json\/wp\/v2\/posts\/608662","targetHints":{"allow":["GET"]}}],"collection":[{"href":"https:\/\/www.europesays.com\/fr\/wp-json\/wp\/v2\/posts"}],"about":[{"href":"https:\/\/www.europesays.com\/fr\/wp-json\/wp\/v2\/types\/post"}],"author":[{"embeddable":true,"href":"https:\/\/www.europesays.com\/fr\/wp-json\/wp\/v2\/users\/2"}],"replies":[{"embeddable":true,"href":"https:\/\/www.europesays.com\/fr\/wp-json\/wp\/v2\/comments?post=608662"}],"version-history":[{"count":0,"href":"https:\/\/www.europesays.com\/fr\/wp-json\/wp\/v2\/posts\/608662\/revisions"}],"wp:featuredmedia":[{"embeddable":true,"href":"https:\/\/www.europesays.com\/fr\/wp-json\/wp\/v2\/media\/608663"}],"wp:attachment":[{"href":"https:\/\/www.europesays.com\/fr\/wp-json\/wp\/v2\/media?parent=608662"}],"wp:term":[{"taxonomy":"category","embeddable":true,"href":"https:\/\/www.europesays.com\/fr\/wp-json\/wp\/v2\/categories?post=608662"},{"taxonomy":"post_tag","embeddable":true,"href":"https:\/\/www.europesays.com\/fr\/wp-json\/wp\/v2\/tags?post=608662"}],"curies":[{"name":"wp","href":"https:\/\/api.w.org\/{rel}","templated":true}]}}