{"id":608664,"date":"2025-12-19T02:49:19","date_gmt":"2025-12-19T02:49:19","guid":{"rendered":"https:\/\/www.europesays.com\/fr\/608664\/"},"modified":"2025-12-19T02:49:19","modified_gmt":"2025-12-19T02:49:19","slug":"lattitude-consternante-de-sir-jim-ratcliffe-sidere-nice","status":"publish","type":"post","link":"https:\/\/www.europesays.com\/fr\/608664\/","title":{"rendered":"L\u2019attitude consternante de Sir Jim Ratcliffe sid\u00e8re Nice"},"content":{"rendered":"<p>Y a-t-il un pilote dans l\u2019avion ? C\u2019est la question que beaucoup se posent \u00e0 l\u2019OGC Nice. Cette saison plus que jamais, le club azur\u00e9en traverse une \u00e9norme crise. Sportivement, rien ne va. La formation chapeaut\u00e9e par Franck Haise affiche un terrible bilan de 5 victoires, 2 nuls et 9 d\u00e9faites apr\u00e8s 16 journ\u00e9es de <a href=\"https:\/\/www.footmercato.net\/france\/ligue-1\/\" target=\"_blank\" rel=\"noopener\">Ligue 1<\/a>. En Ligue Europa, c\u2019est pire. Nice n\u2019a gagn\u00e9 aucune rencontre en 6 journ\u00e9es. Les pensionnaires de l\u2019Allianz Riviera sont en 36e et derni\u00e8re position, avec 0 point. Surtout, ils sont d\u2019ores et d\u00e9j\u00e0 \u00e9limin\u00e9s.<\/p>\n<p>            La suite apr\u00e8s cette publicit\u00e9<\/p>\n<p>Pour ne rien arranger, de graves incidents ont \u00e9clat\u00e9 le 30 novembre dernier apr\u00e8s la d\u00e9faite 3 \u00e0 1 contre le FC Lorient. Attendus par environ 400 supporters \u00e0 leur retour sur la C\u00f4te d\u2019Azur, les Ni\u00e7ois ont v\u00e9cu un moment tr\u00e8s compliqu\u00e9. Certains joueurs, dont Terem Moffi et J\u00e9r\u00e9mie Boga, ont \u00e9t\u00e9 insult\u00e9s et frapp\u00e9s. Le directeur sportif, Florian Maurice, aurait subi le m\u00eame traitement. Les limites ont \u00e9t\u00e9 d\u00e9pass\u00e9es. Dans la foul\u00e9e, Franck Haise a pens\u00e9 d\u00e9missionner avant de se r\u00e9tracter et poursuivre le travail entam\u00e9. <\/p>\n<p>        S.O.S Ratcliffe ne r\u00e9pond plus<\/p>\n<p>Le capitaine du bateau n\u2019a pas voulu quitter le navire qui sombrait. Ailleurs, il aurait certainement \u00e9t\u00e9 d\u00e9mis de ses fonctions apr\u00e8s 9 matches perdus cons\u00e9cutivement. Pas \u00e0 <a href=\"https:\/\/www.footmercato.net\/club\/ogc-nice\/\" target=\"_blank\" rel=\"noopener\">Nice<\/a>. L\u00e0-bas, le club s\u2019enfonce dans la m\u00e9diocrit\u00e9 et la crise. Mais rien ne change. La situation est toujours tr\u00e8s tendue. Pendant ce temps-l\u00e0, le propri\u00e9taire, Sir Jim Ratcliffe, est aux abonn\u00e9s absents. R\u00e9guli\u00e8rement pr\u00e9sent \u00e0 Manchester United, l\u2019un de ses autres clubs dans le dur, il ne s\u2019est pas rendu au chevet du patient ni\u00e7ois. Ce qui a \u00e9t\u00e9 remarqu\u00e9 et tr\u00e8s critiqu\u00e9. <\/p>\n<p>            La suite apr\u00e8s cette publicit\u00e9<\/p>\n<p>Ce mercredi, <a href=\"https:\/\/www.francebleu.fr\/emissions\/la-minute-rouge-et-noir\/la-minute-rouge-et-noir-fantomas-ratcliffe-6033007\" target=\"_blank\" rel=\"noopener\">France Bleu Azur<\/a> ne comprend pas l\u2019attitude de l\u2019homme d\u2019affaires britannique, qui semble totalement se d\u00e9sint\u00e9resser de l\u2019OGCN. Le m\u00e9dia r\u00e9gional pr\u00e9cise qu\u2019il \u00ablaisse pourrir la situation et n\u2019intervient pas\u00bb. Le tout, alors qu\u2019il affiche publiquement sa volont\u00e9 de se s\u00e9parer du club fran\u00e7ais. Mais en coulisses, il ne fait absolument rien pour que les choses avancent. France Bleu explique qu\u2019il est injoignable alors que le club est en crise. Il ne prend aucune d\u00e9cision. De plus, il n\u2019a pas daign\u00e9 r\u00e9pondre \u00e0 une offre de rachat depuis plusieurs semaines. Une gestion calamiteuse qui a des r\u00e9percussions sur Nice, o\u00f9 tout le monde attend qu\u2019il reprenne les commandes et sauve le club de l\u2019accident industriel.<\/p>\n<p>\n    Pub. le 17\/12\/2025 12:02<br \/>\n            &#8211; MAJ le 18\/12\/2025 22:13\n    <\/p>\n","protected":false},"excerpt":{"rendered":"Y a-t-il un pilote dans l\u2019avion ? C\u2019est la question que beaucoup se posent \u00e0 l\u2019OGC Nice. Cette&hellip;\n","protected":false},"author":2,"featured_media":608665,"comment_status":"","ping_status":"","sticky":false,"template":"","format":"standard","meta":{"footnotes":""},"categories":[2819],"tags":[1111,11,1777,674,1011,27,12,2401,882,25],"class_list":{"0":"post-608664","1":"post","2":"type-post","3":"status-publish","4":"format-standard","5":"has-post-thumbnail","7":"category-nice","8":"tag-actu","9":"tag-actualites","10":"tag-eu","11":"tag-europe","12":"tag-fr","13":"tag-france","14":"tag-news","15":"tag-nice","16":"tag-provence-alpes-cote-dazur","17":"tag-republique-francaise"},"share_on_mastodon":{"url":"https:\/\/pubeurope.com\/@fr\/115743959540259691","error":""},"_links":{"self":[{"href":"https:\/\/www.europesays.com\/fr\/wp-json\/wp\/v2\/posts\/608664","targetHints":{"allow":["GET"]}}],"collection":[{"href":"https:\/\/www.europesays.com\/fr\/wp-json\/wp\/v2\/posts"}],"about":[{"href":"https:\/\/www.europesays.com\/fr\/wp-json\/wp\/v2\/types\/post"}],"author":[{"embeddable":true,"href":"https:\/\/www.europesays.com\/fr\/wp-json\/wp\/v2\/users\/2"}],"replies":[{"embeddable":true,"href":"https:\/\/www.europesays.com\/fr\/wp-json\/wp\/v2\/comments?post=608664"}],"version-history":[{"count":0,"href":"https:\/\/www.europesays.com\/fr\/wp-json\/wp\/v2\/posts\/608664\/revisions"}],"wp:featuredmedia":[{"embeddable":true,"href":"https:\/\/www.europesays.com\/fr\/wp-json\/wp\/v2\/media\/608665"}],"wp:attachment":[{"href":"https:\/\/www.europesays.com\/fr\/wp-json\/wp\/v2\/media?parent=608664"}],"wp:term":[{"taxonomy":"category","embeddable":true,"href":"https:\/\/www.europesays.com\/fr\/wp-json\/wp\/v2\/categories?post=608664"},{"taxonomy":"post_tag","embeddable":true,"href":"https:\/\/www.europesays.com\/fr\/wp-json\/wp\/v2\/tags?post=608664"}],"curies":[{"name":"wp","href":"https:\/\/api.w.org\/{rel}","templated":true}]}}